{"id":22232,"date":"2024-10-30T08:49:01","date_gmt":"2024-10-30T11:49:01","guid":{"rendered":"https:\/\/radiobitacora.com.ar\/web\/?p=22232"},"modified":"2024-10-30T08:49:01","modified_gmt":"2024-10-30T11:49:01","slug":"la-justicia-pide-un-presupuesto-por-encima-de-los-200-000-millones","status":"publish","type":"post","link":"https:\/\/radiobitacora.com.ar\/web\/2024\/10\/30\/la-justicia-pide-un-presupuesto-por-encima-de-los-200-000-millones\/","title":{"rendered":"La Justicia pide un presupuesto por encima de los $200.000 millones"},"content":{"rendered":"<p>A trav\u00e9s del noveno Acuerdo Extraordinario, los ministros del Superior Tribunal de Justicia (STJ) de la Provincia de Corrientes formalizaron el anteproyecto de Presupuesto para 2025 y las proyecciones de cara a 2026 y 2027. El pedido representa un aumento superior al 116% en relaci\u00f3n con la propuesta presentada el a\u00f1o pasado.<\/p>\n<p>El expediente tomar\u00e1 estado parlamentario hoy en la C\u00e1mara de Diputados de Corrientes. Y, como es habitual, el m\u00e1ximo tribunal env\u00eda los n\u00fameros que proyecta para el funcionamiento del Poder Judicial y el Ministerio P\u00fablico Fiscal para el a\u00f1o entrante, con proyecciones para los dos subsiguientes. Realizan este procedimiento antes del ingreso formal del Presupuesto General de la Provincia. En resumen, el STJ y la Fiscal\u00eda General de la Provincia solicitan $200.194.330.482.<\/p>\n<p>Esta cifra es aproximadamente un 116% superior al anteproyecto que presentaron los ministros el a\u00f1o pasado para el ejercicio vigente. Entonces ped\u00edan $92.631.953.599. No obstante, la Legislatura aprob\u00f3 un n\u00famero menor. Sin embargo, debido a la inflaci\u00f3n galopante, paulatinamente el Ejecutivo liber\u00f3 partidas para afrontar la faltante, superando los $90.069 millones.<\/p>\n<div class=\"center medium m_image\">\n<figure><picture><source srcset=\"https:\/\/www.diarioepoca.com\/content\/bucket\/9\/1392259w380h177c.jpg.webp\" type=\"image\/webp\" media=\"(min-width: 640px)\" \/><source srcset=\"https:\/\/www.diarioepoca.com\/content\/bucket\/9\/1392259w440h205c.jpg.webp\" type=\"image\/webp\" media=\"(min-width: 300px)\" \/><source srcset=\"https:\/\/www.diarioepoca.com\/content\/bucket\/9\/1392259w380h177c.jpg\" media=\"(min-width: 300px)\" \/><img loading=\"lazy\" decoding=\"async\" class=\"pic\" src=\"https:\/\/www.diarioepoca.com\/content\/bucket\/9\/1392259w380h177c.jpg.webp\" alt=\"\" width=\"380\" height=\"177\" \/><\/picture><\/figure>\n<\/div>\n<p>Las autoridades judiciales advirtieron que los m\u00e1s de $156.619 millones establecidos como recursos para el a\u00f1o entrante constituyen un &#8220;techo financiero&#8221; que solo alcanzar\u00e1 para el &#8220;cumplimiento del 80% de las metas y objetivos trazados&#8221;. Por ello aprobaron un nuevo anteproyecto plurianual que para 2026 contempla fondos por m\u00e1s de $223.416 millones y para 2027 m\u00e1s de $239.949 millones. Los fondos para la Justicia ser\u00e1n tema de an\u00e1lisis al momento de ingresar el Presupuesto de la Provincial.<\/p>\n<p>Para el a\u00f1o entrante, se prev\u00e9 una planta de 4.090 cargos permanentes y temporarios. Los gastos de personal representan aproximadamente el 74% del total del presupuesto preliminar de 2025.<\/p>\n<p>Desde el STJ y el Ministerio P\u00fablico Fiscal se\u00f1alan que el proyecto se realiz\u00f3 teniendo en cuenta las metas y objetivos en relaci\u00f3n con varias pol\u00edticas de Estado que se vinculan a propuestas que comparten con el Ejecutivo Provincial. Estas son, por ejemplo, la aplicaci\u00f3n del nuevo C\u00f3digo Procesal Penal que instaura la oralidad de los procesos penales y la reorganizaci\u00f3n del Ministerio P\u00fablico Fiscal y del Ministerio P\u00fablico Fiscal.<\/p>\n<p>Tambi\u00e9n, contemplan los nuevos c\u00f3digos procesales en material civil y de Familia, Ni\u00f1ez y Adolescencia, incluyendo la oralidad de los procesos civiles. Otro aspecto no menor es la implementaci\u00f3n de tres dependencias judiciales y 32 dependencias del Ministerio P\u00fablico.<\/p>\n<p>Los ministros aseguran que se necesita de &#8220;un ambicioso plan de obras p\u00fablicas de 15.159 metros cuadrados&#8221; que contemplan la implementaci\u00f3n de los nuevos c\u00f3digos procesales. Esto incluye la construcci\u00f3n de nuevos edificios y la refuncionalizaci\u00f3n de los existentes.<\/p>\n<h2>Refuerzos<\/h2>\n<p>Los ministros solicitan el refuerzo de personal donde se presentan d\u00e9ficits y la inclusi\u00f3n de personas con discapacidad, la profesionalizaci\u00f3n de la gesti\u00f3n administrativa y jurisdiccional; como as\u00ed, la incorporaci\u00f3n de Tecnolog\u00edas de la Informaci\u00f3n y de la Comunicaci\u00f3n (TICS) y la eliminaci\u00f3n del expediente papel que requiere de la consolidaci\u00f3n de la grabaci\u00f3n de audiencias y la digitalizaci\u00f3n del Archivo General.<\/p>\n","protected":false},"excerpt":{"rendered":"<p>A trav\u00e9s del noveno Acuerdo Extraordinario, los ministros del Superior Tribunal de Justicia (STJ) de la Provincia de Corrientes formalizaron el anteproyecto de Presupuesto para 2025 y las proyecciones de cara a 2026 y 2027. El pedido representa un aumento superior al 116% en relaci\u00f3n con la propuesta presentada el a\u00f1o pasado. El expediente tomar\u00e1 [&hellip;]<\/p>\n","protected":false},"author":2,"featured_media":22233,"comment_status":"closed","ping_status":"closed","sticky":false,"template":"","format":"standard","meta":{"footnotes":""},"categories":[65],"tags":[],"class_list":{"0":"post-22232","1":"post","2":"type-post","3":"status-publish","4":"format-standard","5":"has-post-thumbnail","7":"category-economia"},"_links":{"self":[{"href":"https:\/\/radiobitacora.com.ar\/web\/wp-json\/wp\/v2\/posts\/22232","targetHints":{"allow":["GET"]}}],"collection":[{"href":"https:\/\/radiobitacora.com.ar\/web\/wp-json\/wp\/v2\/posts"}],"about":[{"href":"https:\/\/radiobitacora.com.ar\/web\/wp-json\/wp\/v2\/types\/post"}],"author":[{"embeddable":true,"href":"https:\/\/radiobitacora.com.ar\/web\/wp-json\/wp\/v2\/users\/2"}],"replies":[{"embeddable":true,"href":"https:\/\/radiobitacora.com.ar\/web\/wp-json\/wp\/v2\/comments?post=22232"}],"version-history":[{"count":0,"href":"https:\/\/radiobitacora.com.ar\/web\/wp-json\/wp\/v2\/posts\/22232\/revisions"}],"wp:featuredmedia":[{"embeddable":true,"href":"https:\/\/radiobitacora.com.ar\/web\/wp-json\/wp\/v2\/media\/22233"}],"wp:attachment":[{"href":"https:\/\/radiobitacora.com.ar\/web\/wp-json\/wp\/v2\/media?parent=22232"}],"wp:term":[{"taxonomy":"category","embeddable":true,"href":"https:\/\/radiobitacora.com.ar\/web\/wp-json\/wp\/v2\/categories?post=22232"},{"taxonomy":"post_tag","embeddable":true,"href":"https:\/\/radiobitacora.com.ar\/web\/wp-json\/wp\/v2\/tags?post=22232"}],"curies":[{"name":"wp","href":"https:\/\/api.w.org\/{rel}","templated":true}]}}