{"id":22241,"date":"2024-10-30T09:01:06","date_gmt":"2024-10-30T12:01:06","guid":{"rendered":"https:\/\/radiobitacora.com.ar\/web\/?p=22241"},"modified":"2024-10-30T09:01:06","modified_gmt":"2024-10-30T12:01:06","slug":"rumores-de-pedido-de-intervencion-de-la-ucr-en-corrientes","status":"publish","type":"post","link":"https:\/\/radiobitacora.com.ar\/web\/2024\/10\/30\/rumores-de-pedido-de-intervencion-de-la-ucr-en-corrientes\/","title":{"rendered":"Rumores de pedido de intervenci\u00f3n de la UCR en Corrientes"},"content":{"rendered":"<p>Durante la noche del martes, surgieron rumores que desde el gobierno de Gustavo Vald\u00e9s se present\u00f3 un pedido en la mesa nacional de la UCR, que lidera Mart\u00edn Lousteau, para que intervenga en el Comit\u00e9 provincial y normalice la elecci\u00f3n que lo mantiene enfrentado con su antecesor y actual titular del partido centenario, Ricardo Colombi.<\/p>\n<div class=\"container-spot\" data-tipo=\"tipo_todo\" data-pos=\"NEW_P1_cuerpo\"><\/div>\n<p>El conflicto entre los correntinos comenz\u00f3 cuando se aproximaba la renovaci\u00f3n de autoridades de la UCR local. Colombi, en calidad de actual presidente de la UCR correntina, hab\u00eda propuesto pasar las elecciones para el mes de mayo de 2025. En la Gobernaci\u00f3n aseguran que su objetivo era ganar tiempo para negociar verdadero plan: dejarlo a Vald\u00e9s al frente de la estructura partidaria para regresar como candidato y pelear por una cuarta candidatura a gobernador. Sin embargo, el pedido de retrasar la renovaci\u00f3n partidaria fue descartada por la Justicia Federal con competencia electoral.<\/p>\n<p>En ese contexto, Vald\u00e9s fue el \u00fanico que present\u00f3 una lista cuando venc\u00eda el plazo, motivo por el cual fue proclamado ganador por la Junta Electoral del partido centenario. Colombi no se qued\u00f3 de brazos cruzados y avanz\u00f3 en el pedido de impugnaci\u00f3n. La C\u00e1mara Nacional Electoral (CNE), con voto dividido, hizo lugar este jueves al planteo del ex gobernador, que ped\u00eda que se respetara la decisi\u00f3n de prorrogar la elecci\u00f3n para mayo de 2025.<\/p>\n<div class=\"container-spot\" data-tipo=\"tipo_todo\" data-pos=\"NEW_P2_cuerpo\"><\/div>\n<p>El juez federal Juan Carlos Vallejos, con competencia electoral, estableci\u00f3 que el calendario de elecciones internas se mantendr\u00e1 para el 18 de mayo de 2025. En su resoluci\u00f3n, Vallejos afirm\u00f3 que ignorar el dictamen de la C\u00e1mara Nacional Electoral (CNE) ser\u00eda \u201cun alzamiento contra lo decidido por el m\u00e1ximo \u00f3rgano judicial del pa\u00eds en materia electoral\u201d.<\/p>\n<p>A partir de ese fallo, la Junta Electoral partidaria hizo su propia lectura de la decisi\u00f3n de la CNE y defini\u00f3 continuar con el proceso y votar este domingo en los 20 distritos en los que se hab\u00eda presentado m\u00e1s de una lista, pero la resoluci\u00f3n de este viernes del juez federal con competencia electoral Juan Carlos Vallejos cambi\u00f3 el escenario.<\/p>\n<div class=\"container-spot\" data-tipo=\"tipo_todo\" data-pos=\"NEW_P3_cuerpo\"><\/div>\n<p>Vallejos dict\u00f3 una resoluci\u00f3n en la que confirma que el cronograma para la interna es el que fija las elecciones el 18 de mayo del a\u00f1o pr\u00f3ximo. No acatar lo dictado por la C\u00e1mara Nacional Electoral \u201cimplicar\u00eda lisa y llanamente un alzamiento contra lo decidido por el m\u00e1ximo \u00f3rgano judicial del pa\u00eds en materia electoral\u201d, dice Vallejos en su resoluci\u00f3n.<\/p>\n<p>\u201cNo podemos dejar a la UCR de Corrientes sin la resoluci\u00f3n y a la deriva cuando se aproxima la renovaci\u00f3n provincial\u201d, expresaron cerca de Vald\u00e9s, quienes entienden que para el mes de mayo del pr\u00f3ximo a\u00f1o ya deben resolverse otros temas, como por ejemplo, el sistema de alianzas para pelear por la Gobernaci\u00f3n.<\/p>\n<div class=\"container-spot\" data-tipo=\"tipo_todo\" data-pos=\"NEW_P4_cuerpo\"><\/div>\n<p><b>\u00bfQu\u00e9 implica una intervenci\u00f3n? S<\/b>e votar\u00e1 si el Comit\u00e9 Nacional de la UCR, que preside Lousteau, aprueba el env\u00edo de un interventor que resuelva la renovaci\u00f3n de autoridades. La inc\u00f3gnita por estas horas es el poroteo de los votos. Cerca de Vald\u00e9s creen que lograr\u00e1n la aprobaci\u00f3n, pero otros son conscientes de que en la mesa de conducci\u00f3n pesa m\u00e1s la voluntad de Evoluci\u00f3n y Gerardo Morales.<\/p>\n","protected":false},"excerpt":{"rendered":"<p>Durante la noche del martes, surgieron rumores que desde el gobierno de Gustavo Vald\u00e9s se present\u00f3 un pedido en la mesa nacional de la UCR, que lidera Mart\u00edn Lousteau, para que intervenga en el Comit\u00e9 provincial y normalice la elecci\u00f3n que lo mantiene enfrentado con su antecesor y actual titular del partido centenario, Ricardo Colombi. [&hellip;]<\/p>\n","protected":false},"author":2,"featured_media":22242,"comment_status":"closed","ping_status":"closed","sticky":false,"template":"","format":"standard","meta":{"footnotes":""},"categories":[79],"tags":[],"class_list":{"0":"post-22241","1":"post","2":"type-post","3":"status-publish","4":"format-standard","5":"has-post-thumbnail","7":"category-politica"},"_links":{"self":[{"href":"https:\/\/radiobitacora.com.ar\/web\/wp-json\/wp\/v2\/posts\/22241","targetHints":{"allow":["GET"]}}],"collection":[{"href":"https:\/\/radiobitacora.com.ar\/web\/wp-json\/wp\/v2\/posts"}],"about":[{"href":"https:\/\/radiobitacora.com.ar\/web\/wp-json\/wp\/v2\/types\/post"}],"author":[{"embeddable":true,"href":"https:\/\/radiobitacora.com.ar\/web\/wp-json\/wp\/v2\/users\/2"}],"replies":[{"embeddable":true,"href":"https:\/\/radiobitacora.com.ar\/web\/wp-json\/wp\/v2\/comments?post=22241"}],"version-history":[{"count":0,"href":"https:\/\/radiobitacora.com.ar\/web\/wp-json\/wp\/v2\/posts\/22241\/revisions"}],"wp:featuredmedia":[{"embeddable":true,"href":"https:\/\/radiobitacora.com.ar\/web\/wp-json\/wp\/v2\/media\/22242"}],"wp:attachment":[{"href":"https:\/\/radiobitacora.com.ar\/web\/wp-json\/wp\/v2\/media?parent=22241"}],"wp:term":[{"taxonomy":"category","embeddable":true,"href":"https:\/\/radiobitacora.com.ar\/web\/wp-json\/wp\/v2\/categories?post=22241"},{"taxonomy":"post_tag","embeddable":true,"href":"https:\/\/radiobitacora.com.ar\/web\/wp-json\/wp\/v2\/tags?post=22241"}],"curies":[{"name":"wp","href":"https:\/\/api.w.org\/{rel}","templated":true}]}}