{"id":22247,"date":"2024-10-30T09:30:51","date_gmt":"2024-10-30T12:30:51","guid":{"rendered":"https:\/\/radiobitacora.com.ar\/web\/?p=22247"},"modified":"2024-10-30T09:30:51","modified_gmt":"2024-10-30T12:30:51","slug":"paro-de-transporte-hoy-30-de-octubre-todos-los-servicios-afectados-uno-por-uno","status":"publish","type":"post","link":"https:\/\/radiobitacora.com.ar\/web\/2024\/10\/30\/paro-de-transporte-hoy-30-de-octubre-todos-los-servicios-afectados-uno-por-uno\/","title":{"rendered":"Paro de transporte hoy, 30 de octubre: todos los servicios afectados, uno por uno"},"content":{"rendered":"<ul class=\"list\" data-icon=\"\u2b24\">\n<li data-icon=\"\u2b24\">Desde esta medianoche se ven afectados m\u00faltiples servicios por la medida de fuerza.<\/li>\n<li data-icon=\"\u2b24\">Tambi\u00e9n adhieren a la medida otros sectores ajenos al transporte y, por ejemplo, no habr\u00e1 clases en escuelas y universidades.<\/li>\n<li data-icon=\"\u2b24\">Organizaciones sociales preparan 500 cortes de calle y ollas populares en todo el pa\u00eds, con una protesta central en Plaza Constituci\u00f3n.<\/li>\n<\/ul>\n<p class=\"paragraph\" data-mrf-recirculation=\"Links inline\"><b>Lo esencial:\u00a0<\/b>La Mesa Nacional del Transporte convoc\u00f3 a un paro que afectar\u00e1 este mi\u00e9rcoles a la mayor\u00eda de los servicios en todo el pa\u00eds. Si bien algunos gremios mantienen conflictos paritarios, la medida tambi\u00e9n apunta a confrontar con el Gobierno por los anuncios de privatizaciones y disoluci\u00f3n de empresas p\u00fablicas. Por eso se sumaron otros sindicatos ajenos al sector. Lo impulsa el ala dura de la CGT. Los colectiveros tendr\u00e1n su propio paro el jueves.<\/p>\n<div class=\" visual__image\"><picture><source srcset=\"https:\/\/www.infobae.com\/resizer\/v2\/TV3VCI36GZHR3H6RNPFJXGLB5Q.jpg?auth=9e63b93618d4e9ef9f62b2dee1fc0024fb96894f64eb0298f46a0c598345ef45&amp;smart=true&amp;width=992&amp;height=558&amp;quality=85\" media=\"(min-width: 1000px)\" \/><source srcset=\"https:\/\/www.infobae.com\/resizer\/v2\/TV3VCI36GZHR3H6RNPFJXGLB5Q.jpg?auth=9e63b93618d4e9ef9f62b2dee1fc0024fb96894f64eb0298f46a0c598345ef45&amp;smart=true&amp;width=768&amp;height=432&amp;quality=85\" media=\"(min-width: 768px)\" \/><source srcset=\"https:\/\/www.infobae.com\/resizer\/v2\/TV3VCI36GZHR3H6RNPFJXGLB5Q.jpg?auth=9e63b93618d4e9ef9f62b2dee1fc0024fb96894f64eb0298f46a0c598345ef45&amp;smart=true&amp;width=577&amp;height=325&amp;quality=85\" media=\"(min-width: 580px)\" \/><source srcset=\"https:\/\/www.infobae.com\/resizer\/v2\/TV3VCI36GZHR3H6RNPFJXGLB5Q.jpg?auth=9e63b93618d4e9ef9f62b2dee1fc0024fb96894f64eb0298f46a0c598345ef45&amp;smart=true&amp;width=420&amp;height=236&amp;quality=85\" media=\"(min-width: 350px)\" \/><source srcset=\"https:\/\/www.infobae.com\/resizer\/v2\/TV3VCI36GZHR3H6RNPFJXGLB5Q.jpg?auth=9e63b93618d4e9ef9f62b2dee1fc0024fb96894f64eb0298f46a0c598345ef45&amp;smart=true&amp;width=350&amp;height=197&amp;quality=85\" media=\"(min-width: 80px)\" \/><img loading=\"lazy\" decoding=\"async\" class=\"global-image\" src=\"https:\/\/www.infobae.com\/resizer\/v2\/TV3VCI36GZHR3H6RNPFJXGLB5Q.jpg?auth=9e63b93618d4e9ef9f62b2dee1fc0024fb96894f64eb0298f46a0c598345ef45&amp;smart=true&amp;width=350&amp;height=197&amp;quality=85\" alt=\"Usuarios de Trenes Argentinos subiendo a una formaci\u00f3n. Foto: Adri\u00e1n Esc\u00e1ndar\" width=\"1920\" height=\"1080\" \/><\/picture>Usuarios de Trenes Argentinos subiendo a una formaci\u00f3n. Foto: Adri\u00e1n Esc\u00e1ndar<\/div>\n<div class=\"headline-wrapper\">\n<h2 class=\"header headline-class-h2\">Subtes<\/h2>\n<\/div>\n<p class=\"paragraph\" data-mrf-recirculation=\"Links inline\">En la Ciudad de Buenos Aires\u00a0<b>no habr\u00e1 servicio de subtes<\/b>\u00a0durante todo el d\u00eda. Lo mismo ocurrir\u00e1 con el Premetro.\u00a0<b>Beto Pianelli<\/b>, secretario general de Metrodelegados, declar\u00f3 que esperan que la jornada de paro \u201csea el inicio de un plan de lucha que de una vez por todas\u201d le ponga un freno a las medidas de\u00a0<b>Javier Milei<\/b>.<\/p>\n<div class=\"headline-wrapper\">\n<h2 class=\"header headline-class-h2\">Trenes<\/h2>\n<\/div>\n<div class=\"inline ad-wrapper\">\n<div class=\"dfpAd ad-inline\"><\/div>\n<\/div>\n<p class=\"paragraph\" data-mrf-recirculation=\"Links inline\"><b>No funcionar\u00e1 ninguna l\u00ednea<\/b>, ni de pasajeros ni de cargas. As\u00ed lo confirm\u00f3 Omar Maturano, l\u00edder del gremio \u201cLa Fraternidad\u201d.<\/p>\n<div class=\"headline-wrapper\">\n<h2 class=\"header headline-class-h2\">Vuelos<\/h2>\n<\/div>\n<div class=\" visual__image\"><picture><source srcset=\"https:\/\/www.infobae.com\/resizer\/v2\/GD2XPQBKFNEBHMCN74433QUJGM.jpg?auth=683e9e43e6270a851937c8427ef2100c876a6a4c3fcdb6a1b642264129904fa3&amp;smart=true&amp;width=992&amp;height=661&amp;quality=85\" media=\"(min-width: 1000px)\" \/><source srcset=\"https:\/\/www.infobae.com\/resizer\/v2\/GD2XPQBKFNEBHMCN74433QUJGM.jpg?auth=683e9e43e6270a851937c8427ef2100c876a6a4c3fcdb6a1b642264129904fa3&amp;smart=true&amp;width=768&amp;height=512&amp;quality=85\" media=\"(min-width: 768px)\" \/><source srcset=\"https:\/\/www.infobae.com\/resizer\/v2\/GD2XPQBKFNEBHMCN74433QUJGM.jpg?auth=683e9e43e6270a851937c8427ef2100c876a6a4c3fcdb6a1b642264129904fa3&amp;smart=true&amp;width=577&amp;height=385&amp;quality=85\" media=\"(min-width: 580px)\" \/><source srcset=\"https:\/\/www.infobae.com\/resizer\/v2\/GD2XPQBKFNEBHMCN74433QUJGM.jpg?auth=683e9e43e6270a851937c8427ef2100c876a6a4c3fcdb6a1b642264129904fa3&amp;smart=true&amp;width=420&amp;height=280&amp;quality=85\" media=\"(min-width: 350px)\" \/><source srcset=\"https:\/\/www.infobae.com\/resizer\/v2\/GD2XPQBKFNEBHMCN74433QUJGM.jpg?auth=683e9e43e6270a851937c8427ef2100c876a6a4c3fcdb6a1b642264129904fa3&amp;smart=true&amp;width=350&amp;height=233&amp;quality=85\" media=\"(min-width: 80px)\" \/><img loading=\"lazy\" decoding=\"async\" class=\"global-image\" src=\"https:\/\/www.infobae.com\/resizer\/v2\/GD2XPQBKFNEBHMCN74433QUJGM.jpg?auth=683e9e43e6270a851937c8427ef2100c876a6a4c3fcdb6a1b642264129904fa3&amp;smart=true&amp;width=350&amp;height=233&amp;quality=85\" alt=\"Fotograf\u00eda de archivo de un avi\u00f3n de Aerol\u00edneas Argentinas. EFE\/ Juan Ignacio Roncoroni\n\" width=\"3028\" height=\"2021\" \/><\/picture>Fotograf\u00eda de archivo de un avi\u00f3n de Aerol\u00edneas Argentinas. EFE\/ Juan Ignacio Roncoroni<\/div>\n<p class=\"paragraph\" data-mrf-recirculation=\"Links inline\">Se ver\u00e1n afectados los servicios aerocomerciales en todo el pa\u00eds. Solamente en\u00a0<b>Aerol\u00edneas Argentinas\u00a0<\/b>hay 27.000 pasajeros perjudicados por la medida.\u00a0<b>Son 263 vuelos\u00a0<\/b>los que tuvieron que reprogramar. \u201cLos vuelos de largo recorrido, como los que van a Madrid, Miami, Punta Cana y Roma, ser\u00e1n ajustados en sus horarios para no ser afectados\u201d, aclararon desde la l\u00ednea de bandera.<\/p>\n<div class=\"inline_2_DSK ad-wrapper ad-desktop\">\n<div class=\"dfpAd ad-inline\"><\/div>\n<\/div>\n<p class=\"paragraph\" data-mrf-recirculation=\"Links inline\">De los afectados, 21.500 corresponden a vuelos dom\u00e9sticos, m\u00e1s de 3.000 a regionales, y el resto a vuelos internacionales.<\/p>\n<div class=\"headline-wrapper\">\n<h2 class=\"header headline-class-h2\">Taxis<\/h2>\n<\/div>\n<p class=\"paragraph\" data-mrf-recirculation=\"Links inline\">El Sindicato de Peones de Taxi de la Capital Federal tambi\u00e9n confirm\u00f3 su\u00a0<b>adhesi\u00f3n al paro.<\/b>\u00a0Es uno de los sindicatos impulsores de la medida, y alberg\u00f3 en sus oficinas la asamblea de la Mesa Nacional del Transporte en la que se consensu\u00f3 la huelga.<\/p>\n<div class=\"headline-wrapper\">\n<h2 class=\"header headline-class-h2\">\u00bfQu\u00e9 pasa con los colectivos de UTA hoy, 30 de octubre?<\/h2>\n<\/div>\n<div class=\" visual__image\"><picture><source srcset=\"https:\/\/www.infobae.com\/resizer\/v2\/JQNLRPLIXBDMTGQZ2YEZP2OGHU.jpg?auth=0530776196eff6f003a3c9e5b104c99e7a77d2819178b461d4880c2eade6b6ae&amp;smart=true&amp;width=992&amp;height=661&amp;quality=85\" media=\"(min-width: 1000px)\" \/><source srcset=\"https:\/\/www.infobae.com\/resizer\/v2\/JQNLRPLIXBDMTGQZ2YEZP2OGHU.jpg?auth=0530776196eff6f003a3c9e5b104c99e7a77d2819178b461d4880c2eade6b6ae&amp;smart=true&amp;width=768&amp;height=512&amp;quality=85\" media=\"(min-width: 768px)\" \/><source srcset=\"https:\/\/www.infobae.com\/resizer\/v2\/JQNLRPLIXBDMTGQZ2YEZP2OGHU.jpg?auth=0530776196eff6f003a3c9e5b104c99e7a77d2819178b461d4880c2eade6b6ae&amp;smart=true&amp;width=577&amp;height=385&amp;quality=85\" media=\"(min-width: 580px)\" \/><source srcset=\"https:\/\/www.infobae.com\/resizer\/v2\/JQNLRPLIXBDMTGQZ2YEZP2OGHU.jpg?auth=0530776196eff6f003a3c9e5b104c99e7a77d2819178b461d4880c2eade6b6ae&amp;smart=true&amp;width=420&amp;height=280&amp;quality=85\" media=\"(min-width: 350px)\" \/><source srcset=\"https:\/\/www.infobae.com\/resizer\/v2\/JQNLRPLIXBDMTGQZ2YEZP2OGHU.jpg?auth=0530776196eff6f003a3c9e5b104c99e7a77d2819178b461d4880c2eade6b6ae&amp;smart=true&amp;width=350&amp;height=233&amp;quality=85\" media=\"(min-width: 80px)\" \/><img loading=\"lazy\" decoding=\"async\" class=\"global-image\" src=\"https:\/\/www.infobae.com\/resizer\/v2\/JQNLRPLIXBDMTGQZ2YEZP2OGHU.jpg?auth=0530776196eff6f003a3c9e5b104c99e7a77d2819178b461d4880c2eade6b6ae&amp;smart=true&amp;width=350&amp;height=233&amp;quality=85\" alt=\"Foto: Maximiliano Luna\" width=\"2000\" height=\"1333\" \/><\/picture>Foto: Maximiliano Luna<\/div>\n<p class=\"paragraph\" data-mrf-recirculation=\"Links inline\">El servicio de colectivos\u00a0<a href=\"https:\/\/www.infobae.com\/sociedad\/2024\/10\/29\/paro-de-colectivos-del-31-de-octubre-que-lineas-de-la-uta-no-funcionaran\/\" target=\"_blank\" rel=\"noopener noreferrer\" data-mrf-link=\"https:\/\/www.infobae.com\/sociedad\/2024\/10\/29\/paro-de-colectivos-del-31-de-octubre-que-lineas-de-la-uta-no-funcionaran\/\">no se ver\u00e1 afectado este mi\u00e9rcoles 30 de octubre.<\/a>\u00a0La UTA decidi\u00f3 llevar adelante su propio paro, que ser\u00e1 de 24 horas el jueves 31. Se debe a la falta de acuerdo en las negociaciones salariales con las c\u00e1maras empresariales del sector.<\/p>\n<p class=\"paragraph\" data-mrf-recirculation=\"Links inline\">Durante la jornada de la medida de fuerza estas ser\u00e1n las que no brindar\u00e1n servicios:\u00a0<b>1, 2, 4, 10, 12, 15, 17, 19, 22, 29, 32, 33, 34, 37, 39, 41, 42, 45, 46, 47, 49 y 53<\/b>. Tambi\u00e9n se incluir\u00e1n los distintos ramales del\u00a0<b>55, 59, 60, 61, 62, 63, 64, 65, 67, 68, 70, 71, 75, 78, 86, 87, 88, 90, 92, 93, 95, 96 y 97<\/b>.<\/p>\n<p class=\"paragraph\" data-mrf-recirculation=\"Links inline\">Con respecto a las l\u00edneas de tres d\u00edgitos, tambi\u00e9n adherir\u00e1n a la huelga por 24 horas las l\u00edneas\u00a0<b>102, 103, 105, 109, 110, 111, 113, 114, 118, 119, 123, 124, 126, 127, 128, 129, 133, 136, 140, 143, 145 y 148<\/b>. Y, por \u00faltimo, los servicios del\u00a0<b>151, 152, 153, 154, 158, 159, 160, 163, 166, 169, 172, 174, 176, 178, 179, 180, 181, 182, 184, 185, 193, 194, y 195<\/b>.<\/p>\n<div class=\"headline-wrapper\">\n<h2 class=\"header headline-class-h2\">Cortes de calle en AMBA hoy, 30 de octubre<\/h2>\n<\/div>\n<div class=\" visual__image\"><picture><source srcset=\"https:\/\/www.infobae.com\/resizer\/v2\/QPSHS36NMNDZDAD5ZBINB6UUKM.jpg?auth=6d4b084522bb20797be490d8271cfdc0660fd7dc8c977120d2e26a8efa4a30a9&amp;smart=true&amp;width=992&amp;height=661&amp;quality=85\" media=\"(min-width: 1000px)\" \/><source srcset=\"https:\/\/www.infobae.com\/resizer\/v2\/QPSHS36NMNDZDAD5ZBINB6UUKM.jpg?auth=6d4b084522bb20797be490d8271cfdc0660fd7dc8c977120d2e26a8efa4a30a9&amp;smart=true&amp;width=768&amp;height=512&amp;quality=85\" media=\"(min-width: 768px)\" \/><source srcset=\"https:\/\/www.infobae.com\/resizer\/v2\/QPSHS36NMNDZDAD5ZBINB6UUKM.jpg?auth=6d4b084522bb20797be490d8271cfdc0660fd7dc8c977120d2e26a8efa4a30a9&amp;smart=true&amp;width=577&amp;height=385&amp;quality=85\" media=\"(min-width: 580px)\" \/><source srcset=\"https:\/\/www.infobae.com\/resizer\/v2\/QPSHS36NMNDZDAD5ZBINB6UUKM.jpg?auth=6d4b084522bb20797be490d8271cfdc0660fd7dc8c977120d2e26a8efa4a30a9&amp;smart=true&amp;width=420&amp;height=280&amp;quality=85\" media=\"(min-width: 350px)\" \/><source srcset=\"https:\/\/www.infobae.com\/resizer\/v2\/QPSHS36NMNDZDAD5ZBINB6UUKM.jpg?auth=6d4b084522bb20797be490d8271cfdc0660fd7dc8c977120d2e26a8efa4a30a9&amp;smart=true&amp;width=350&amp;height=233&amp;quality=85\" media=\"(min-width: 80px)\" \/><img loading=\"lazy\" decoding=\"async\" class=\"global-image\" src=\"https:\/\/www.infobae.com\/resizer\/v2\/QPSHS36NMNDZDAD5ZBINB6UUKM.jpg?auth=6d4b084522bb20797be490d8271cfdc0660fd7dc8c977120d2e26a8efa4a30a9&amp;smart=true&amp;width=350&amp;height=233&amp;quality=85\" alt=\"\" width=\"1920\" height=\"1280\" \/><\/picture><\/div>\n<p class=\"paragraph\" data-mrf-recirculation=\"Links inline\">La UTEP anunci\u00f3 que desde las 11 desarrollar\u00e1\u00a0<b>500 cortes de calles con asambleas y ollas populares en todo el pa\u00eds.\u00a0<\/b>En la Ciudad de Buenos Aires, el epicentro ser\u00e1 en\u00a0<b>Plaza Constituci\u00f3n<\/b>, donde prev\u00e9n movilizar unas<b>\u00a05.000 personas,<\/b>\u00a0en una protesta que ser\u00e1 una\u00a0<b>provocaci\u00f3n\u00a0<\/b>hacia el protocolo antipiquetes de la ministra de Seguridad, Patricia Bullrich.<\/p>\n<p class=\"paragraph\" data-mrf-recirculation=\"Links inline\">Algunos de los puntos de la\u00a0<b>provincia de Buenos Aires<\/b>\u00a0donde se instalar\u00e1n los piqueteros y los sindicalistas ser\u00e1n: Panamericana y Ruta 197, Cruce de Varela, el Tri\u00e1ngulo de Bernal, la Bajada La Plata, la Rotonda San Justo, Vergara y Acceso Oeste y la Rotonda Llavallol.<\/p>\n<div class=\"headline-wrapper\">\n<h2 class=\"header headline-class-h2\">Otros servicios afectados<\/h2>\n<\/div>\n<div class=\" visual__image\"><picture><source srcset=\"https:\/\/www.infobae.com\/resizer\/v2\/3XGR4NGXIFG5HFO4IC5CQHQYGE.jpg?auth=ea1b76cd5dcd89533ea0c566376351d8b6f7efcb934ea2510b9005370f8baa0b&amp;smart=true&amp;width=992&amp;height=558&amp;quality=85\" media=\"(min-width: 1000px)\" \/><source srcset=\"https:\/\/www.infobae.com\/resizer\/v2\/3XGR4NGXIFG5HFO4IC5CQHQYGE.jpg?auth=ea1b76cd5dcd89533ea0c566376351d8b6f7efcb934ea2510b9005370f8baa0b&amp;smart=true&amp;width=768&amp;height=432&amp;quality=85\" media=\"(min-width: 768px)\" \/><source srcset=\"https:\/\/www.infobae.com\/resizer\/v2\/3XGR4NGXIFG5HFO4IC5CQHQYGE.jpg?auth=ea1b76cd5dcd89533ea0c566376351d8b6f7efcb934ea2510b9005370f8baa0b&amp;smart=true&amp;width=577&amp;height=325&amp;quality=85\" media=\"(min-width: 580px)\" \/><source srcset=\"https:\/\/www.infobae.com\/resizer\/v2\/3XGR4NGXIFG5HFO4IC5CQHQYGE.jpg?auth=ea1b76cd5dcd89533ea0c566376351d8b6f7efcb934ea2510b9005370f8baa0b&amp;smart=true&amp;width=420&amp;height=236&amp;quality=85\" media=\"(min-width: 350px)\" \/><source srcset=\"https:\/\/www.infobae.com\/resizer\/v2\/3XGR4NGXIFG5HFO4IC5CQHQYGE.jpg?auth=ea1b76cd5dcd89533ea0c566376351d8b6f7efcb934ea2510b9005370f8baa0b&amp;smart=true&amp;width=350&amp;height=197&amp;quality=85\" media=\"(min-width: 80px)\" \/><img loading=\"lazy\" decoding=\"async\" class=\"global-image\" src=\"https:\/\/www.infobae.com\/resizer\/v2\/3XGR4NGXIFG5HFO4IC5CQHQYGE.jpg?auth=ea1b76cd5dcd89533ea0c566376351d8b6f7efcb934ea2510b9005370f8baa0b&amp;smart=true&amp;width=350&amp;height=197&amp;quality=85\" alt=\"El gremio docente de SUTEBA\" width=\"1920\" height=\"1080\" \/><\/picture>El gremio docente de SUTEBA<\/div>\n<p class=\"paragraph\" data-mrf-recirculation=\"Links inline\">Para fortalecer el paro se plegaron a la medida otros sindicatos ajenos al sector de transporte. La Asociaci\u00f3n de Trabajadores del Estado (ATE) y la Uni\u00f3n de Trabajadores de la Econom\u00eda Popular (UTEP) fueron los primeros en adherir.<\/p>\n<p class=\"paragraph\" data-mrf-recirculation=\"Links inline\"><b>La administraci\u00f3n p\u00fablica nacional<\/b>\u00a0est\u00e1 afectada desde ayer, ya que el paro de ATE es por 36 horas. La medida se levantar\u00e1 reci\u00e9n a las cero horas del jueves.<\/p>\n<p class=\"paragraph\" data-mrf-recirculation=\"Links inline\">Adem\u00e1s para el personal de la\u00a0<b>AFIP<\/b>\u00a0y de\u00a0<b>Aduanas<\/b>, que rechazan los fuertes cambios y despidos anunciados en esas \u00e1reas por el Gobierno, adem\u00e1s de gremios moyanistas como\u00a0<b>motoqueros<\/b>, empleados del\u00a0<b>vidrio y viales.<\/b><\/p>\n<p class=\"paragraph\" data-mrf-recirculation=\"Links inline\">Tambi\u00e9n adherir\u00e1n m\u00e1s de 12 organizaciones de la\u00a0<b>Federaci\u00f3n Mar\u00edtima Portuaria y de la Industria Naval de la Rep\u00fablica Argentina<\/b>\u00a0(FEMPINRA), por lo que se ver\u00e1n afectadas \u201clas actividades de embarque, granos, movimientos de contenedores, el suministro de combustible, el remolque maniobra en los puertos, el dragado en los accesos mar\u00edtimos y tambi\u00e9n en el corredor denominado Hidrov\u00eda, como as\u00ed tambi\u00e9n otros servicios conexos que tienen que ver con el entramado portuario\u201d.<\/p>\n<p class=\"paragraph\" data-mrf-recirculation=\"Links inline\">La\u00a0<a href=\"https:\/\/www.infobae.com\/sociedad\/2024\/10\/29\/por-el-paro-de-transporte-esta-noche-no-habra-recoleccion-de-residuos-en-la-ciudad-de-buenos-aires\/\" target=\"_blank\" rel=\"noopener noreferrer\" data-mrf-link=\"https:\/\/www.infobae.com\/sociedad\/2024\/10\/29\/por-el-paro-de-transporte-esta-noche-no-habra-recoleccion-de-residuos-en-la-ciudad-de-buenos-aires\/\"><b>recolecci\u00f3n de residuos<\/b><\/a>\u00a0es otro de los servicios interrumpidos desde esta medianoche. El ministro de Espacio P\u00fablico e Higiene Urbana de CABA,\u00a0<b>Ignacio Baistrocchi<\/b>, solicit\u00f3 a los vecinos que eviten sacar la basura durante la noche del paro \u201cpara que no se acumule en los contenedores\u201d, a trav\u00e9s de su cuenta de X.<\/p>\n<p class=\"paragraph\" data-mrf-recirculation=\"Links inline\">Las\u00a0<b>escuelas bonaerenses\u00a0<\/b>y las\u00a0<b>universidades nacionales\u00a0<\/b>tampoco funcionar\u00e1n.\u00a0<a href=\"https:\/\/www.infobae.com\/politica\/2024\/10\/29\/los-docentes-se-pliegan-a-la-protesta-del-transporte-habra-paro-en-escuelas-bonaerenses-y-universidades\/\" target=\"_blank\" rel=\"noopener noreferrer\" data-mrf-link=\"https:\/\/www.infobae.com\/politica\/2024\/10\/29\/los-docentes-se-pliegan-a-la-protesta-del-transporte-habra-paro-en-escuelas-bonaerenses-y-universidades\/\">As\u00ed lo definieron los sindicatos\u00a0<\/a>SUTEBA, UDOCBA y la Federaci\u00f3n de Educadores Bonaerenses (FEB), en l\u00ednea con lo definido por CTERA y las dos CTA.<\/p>\n<div class=\"headline-wrapper\">\n<h2 class=\"header headline-class-h2\">\u00bfPor qu\u00e9 hay paro de transporte hoy, 30 de octubre?<\/h2>\n<\/div>\n<p class=\"paragraph\" data-mrf-recirculation=\"Links inline\">El paro es impulsado por la Mesa Nacional del Transporte, que integran\u00a0<b>Pablo Moyano<\/b>\u00a0y<b>\u00a0Omar P\u00e9rez<\/b>\u00a0(Camioneros),\u00a0<b>Juan Pablo Brey\u00a0<\/b>(Aeronavegantes),<b>\u00a0Omar Maturano\u00a0<\/b>(La Fraternidad),<b>\u00a0Juan Carlos Schmid\u00a0<\/b>(FEMPINRA),\u00a0<b>Pablo Bir\u00f3<\/b>\u00a0(APLA) y\u00a0<b>Ra\u00fal Durdos\u00a0<\/b>(SOMU), a quienes despu\u00e9s se sumaron otros dirigentes como\u00a0<b>Beto Pianelli<\/b>\u00a0y\u00a0<b>N\u00e9stor Segovia<\/b>\u00a0(Metrodelegados),<b>\u00a0Marcelo Pariente<\/b>\u00a0(motoqueros),\u00a0<b>Jorge Garc\u00eda<\/b>\u00a0(peones de taxis),\u00a0<b>Graciela Ale\u00f1\u00e1<\/b>\u00a0(viales) y\u00a0<b>Roberto Coria<\/b>\u00a0(guincheros).<\/p>\n<p class=\"paragraph\" data-mrf-recirculation=\"Links inline\">Lo promovieron a partir de la decisi\u00f3n de\u00a0<b>profundizar la confrontaci\u00f3n\u00a0<\/b>con el Gobierno de Javier Milei. Moyano representa el<b>\u00a0\u201cala dura\u201d de la CGT<\/b>, que est\u00e1 en contra del di\u00e1logo que promueven el resto de los l\u00edderes de la central obrera.<\/p>\n<div class=\"undefined ad-wrapper\">\n<div class=\"dfpAd \"><\/div>\n<\/div>\n<p class=\"paragraph\" data-mrf-recirculation=\"Links inline\">El vocero presidencial\u00a0<b>Manuel Adorni\u00a0<\/b>lo calific\u00f3 como \u201cun paro pol\u00edtico\u201d y dijo que los sindicalistas son\u00a0<b>\u201cdefensores de sus privilegios<\/b>\u00a0en perjuicio de la gran mayor\u00eda\u201d.<\/p>\n<div class=\"headline-wrapper\">\n<h2 class=\"header headline-class-h2\">Hasta cu\u00e1ndo durar\u00e1 la medida<\/h2>\n<\/div>\n<p class=\"paragraph\" data-mrf-recirculation=\"Links inline\">El paro es por 24 horas, hasta la medianoche del jueves. Solamente se reactivar\u00e1 antes la recolecci\u00f3n de residuos, que funcionar\u00e1 desde las 21 de hoy.<\/p>\n","protected":false},"excerpt":{"rendered":"<p>Desde esta medianoche se ven afectados m\u00faltiples servicios por la medida de fuerza. Tambi\u00e9n adhieren a la medida otros sectores ajenos al transporte y, por ejemplo, no habr\u00e1 clases en escuelas y universidades. Organizaciones sociales preparan 500 cortes de calle y ollas populares en todo el pa\u00eds, con una protesta central en Plaza Constituci\u00f3n. Lo [&hellip;]<\/p>\n","protected":false},"author":2,"featured_media":22248,"comment_status":"closed","ping_status":"closed","sticky":false,"template":"","format":"standard","meta":{"footnotes":""},"categories":[79],"tags":[],"class_list":{"0":"post-22247","1":"post","2":"type-post","3":"status-publish","4":"format-standard","5":"has-post-thumbnail","7":"category-politica"},"_links":{"self":[{"href":"https:\/\/radiobitacora.com.ar\/web\/wp-json\/wp\/v2\/posts\/22247","targetHints":{"allow":["GET"]}}],"collection":[{"href":"https:\/\/radiobitacora.com.ar\/web\/wp-json\/wp\/v2\/posts"}],"about":[{"href":"https:\/\/radiobitacora.com.ar\/web\/wp-json\/wp\/v2\/types\/post"}],"author":[{"embeddable":true,"href":"https:\/\/radiobitacora.com.ar\/web\/wp-json\/wp\/v2\/users\/2"}],"replies":[{"embeddable":true,"href":"https:\/\/radiobitacora.com.ar\/web\/wp-json\/wp\/v2\/comments?post=22247"}],"version-history":[{"count":0,"href":"https:\/\/radiobitacora.com.ar\/web\/wp-json\/wp\/v2\/posts\/22247\/revisions"}],"wp:featuredmedia":[{"embeddable":true,"href":"https:\/\/radiobitacora.com.ar\/web\/wp-json\/wp\/v2\/media\/22248"}],"wp:attachment":[{"href":"https:\/\/radiobitacora.com.ar\/web\/wp-json\/wp\/v2\/media?parent=22247"}],"wp:term":[{"taxonomy":"category","embeddable":true,"href":"https:\/\/radiobitacora.com.ar\/web\/wp-json\/wp\/v2\/categories?post=22247"},{"taxonomy":"post_tag","embeddable":true,"href":"https:\/\/radiobitacora.com.ar\/web\/wp-json\/wp\/v2\/tags?post=22247"}],"curies":[{"name":"wp","href":"https:\/\/api.w.org\/{rel}","templated":true}]}}