{"id":22259,"date":"2024-10-30T09:56:08","date_gmt":"2024-10-30T12:56:08","guid":{"rendered":"https:\/\/radiobitacora.com.ar\/web\/?p=22259"},"modified":"2024-10-30T09:56:08","modified_gmt":"2024-10-30T12:56:08","slug":"empresas-de-eeuu-miran-el-agro-argentino-ante-la-alta-demanda-mundial-de-alimentos","status":"publish","type":"post","link":"https:\/\/radiobitacora.com.ar\/web\/2024\/10\/30\/empresas-de-eeuu-miran-el-agro-argentino-ante-la-alta-demanda-mundial-de-alimentos\/","title":{"rendered":"Empresas de EEUU miran el agro argentino ante la alta demanda mundial de alimentos"},"content":{"rendered":"<article class=\"article-body article-body--first-paragraph content-protected-false\" data-td-script-src=\"https:\/\/www.ambito.com\/td\/modulos\/encuestas\/js\/function-embeds-min-version-1730174807.js\">Tras realizar a principio de mes un foro que reuni\u00f3 a gran parte de las cadenas productivas del agro, la\u00a0<strong>C\u00e1mara de Comercio de Estados Unidos en Argentina (AmCham)<\/strong>\u00a0busca afianzar lo que internamente denominan \u201cmesa de trabajo agropecuaria\u201d, integrada por mas de una decena de empresas que tienen origen en el pa\u00eds del norte y al mismo tiempo una fuerte presencia en el mercado local.<\/p>\n<\/article>\n<article class=\"article-body article-body--second-paragraph content-protected-false\">Con la idea de impulsar al sector, ofrecer ideas y al mismo tiempo plantear los desaf\u00edos a futuro, los integrantes de dicha mesa crearon el Programa de Agroindustria. En este contexto, este martes los representantes de CNH Industrial, Agco, John Deere, Cargill y Albaugh participaron de un encuentro con la prensa donde se\u00a0<strong>plantearon las l\u00edneas de trabajo necesarias para aprovechar la oportunidad estrat\u00e9gica que implica para la Argentina una alta demanda internacional de alimentos.<\/strong><\/p>\n<\/article>\n<article class=\"article-body article-body--third-paragraph content-protected-false\">Indudablemente existen agendas de corto y de mediano o largo plazo. Quiz\u00e1 la m\u00e1s tentadora es la segunda, donde aparecen las posibilidades de promover inversiones o incluso la ilusi\u00f3n de ganar nuevos mercados para hacer m\u00e1s grande un negocio que en nuestro pa\u00eds se encuentra en un estadio cercano a la madurez. Sin embargo, en la agenda de corto plazo aparecen reclamos hist\u00f3ricos, constantes y sumamente necesarios para que alg\u00fan d\u00eda llegue la segunda etapa. Aqu\u00ed aparecen las limitaciones al financiamiento, la burocratizaci\u00f3n y la eliminaci\u00f3n de impuestos distorsivos.<\/p>\n<\/article>\n<article class=\"article-body article-body--fourth-paragraph content-protected-false\">Seg\u00fan pudo saber\u00a0<strong>\u00c1mbito,<\/strong>\u00a0la mayor preocupaci\u00f3n que tienen las empresas se centra en el\u00a0<strong>\u201ccosto argentino\u201d<\/strong>. Les preocupan los\u00a0<strong>altos impuestos, las retenciones, el costo log\u00edstico y algunas cuestiones laborales<\/strong>. En la reuni\u00f3n se plante\u00f3 que \u201creducir los aranceles esta bien, pero si no logramos ser m\u00e1s competitivos es muy dif\u00edcil crecer\u201d. Aqu\u00ed aparecen cuestiones vinculadas a la infraestructura, donde la hidrov\u00eda y los ferrocarriles son temas que est\u00e1n en la agenda.<\/p>\n<\/article>\n<article class=\"article-body article-body--remaining-paragraph content-protected-false\">Marina Senestro, directora de asuntos gubernamentales de la entidad, subray\u00f3 durante el encuentro que el agro es determinante para la econom\u00eda Argentina y por lo tanto es clave \u201cpromover el financiamiento, reducir la carga impositiva, establecer regulaciones para la protecci\u00f3n efectiva a los derechos de propiedad intelectual y promover mejoras de infraestructura, donde la conectividad juega un rol crucial para el sector productivo\u201d. A partir de estas mejoras, se podr\u00edan generar m\u00faltiples negocios, por ejemplo en el sector de la maquinaria agr\u00edcola.<\/p>\n<h2>El proyecto \u201cConectar Agro\u201d<\/h2>\n<p>Esta iniciativa busca transformar la realidad de las comunidades rurales e incluso de varias ciudades cabecera del interior del pa\u00eds. Sin conectividad, es imposible \u201csacarle el jugo\u201d a una maquinaria de \u00faltima generaci\u00f3n: es como tener un auto de alt\u00edsima gama para ir al supermercado y encima sin combustible, con lo cual hacer esa inversi\u00f3n no tiene demasiado sentido. La conectividad es el combustible, por eso las empresas realizaron una alianza con Telecom y le dar\u00e1n acceso a internet a m\u00e1s de 500.000 hect\u00e1reas en las localidades de Rojas y Pergamino, en la provincia de Buenos Aires. Aqu\u00ed no s\u00f3lo se le brindar\u00e1 servicios al agro sino que toda la comunidad regional se ver\u00e1 beneficiada.<\/p>\n<p>En este proyecto trabajan las empresas de maquinaria agr\u00edcola que tienen plantas instaladas en el pa\u00eds, como CNH Industrial, Agco y John Deere. En di\u00e1logo con \u00c1mbito,<strong>\u00a0Federico Silveira<\/strong>, Gerente de Comunicaci\u00f3n Corporativa de CNH Industrial, destac\u00f3 la agenda de trabajo que propone AmCham para resolver estas cuestiones que frenan la renovaci\u00f3n del parque de maquinarias, que en nuestro pa\u00eds tiene un promedio de atraso de 10 a 15 a\u00f1os, cuando en Brasil es de 6 a 8 y en Estados Unidos entre 2 y 3 a\u00f1os.<\/p>\n<p>En la misma l\u00ednea,\u00a0<strong>Juan Lozano,<\/strong>\u00a0Gerente de Relaciones Institucionales de dicha compa\u00f1\u00eda, destac\u00f3 a \u00c1mbito que \u201clos ejes sobre los cuales queremos trabajar atraviesan a cada una de las empresas, que son muy diversas, para generar una sinergia y una mesa de trabajo continua entre el sector p\u00fablico y privado\u201d.<\/p>\n<p>Es importante recordar que las ventas en el sector de la maquinaria agr\u00edcola se vieron fuertemente resentidas en los \u00faltimos a\u00f1os por la falta de cr\u00e9dito constante y fundamentalmente por el alto costo de las f\u00e1bricas para terminar un equipo en comparaci\u00f3n con otros pa\u00edses de la regi\u00f3n. A modo de ejemplo, detallaron que el sector de la maquinaria afront\u00f3 hasta ahora un 57% de impuestos para producir, donde se destacan el impuesto a las ganancias, el impuesto PAIS y una serie de percepciones que encarecen el producto y destruyen la competitividad.<\/p>\n<h2>Apoyo a las pol\u00edticas de Milei<\/h2>\n<p><strong>Alejandro D\u00edaz<\/strong>, CEO de AmCham, destac\u00f3 que los esquemas regulatorios que reg\u00edan durante los \u00faltimos gobiernos afectaron el normal desenvolvimiento de la econom\u00eda. En este sentido, decenas de empresas de distintos rubros -donde tambi\u00e9n aparece el agro y los alimentos- se vieron afectadas en cuanto a la rentabilidad generada. Si bien hab\u00eda una alta capacidad de utilizaci\u00f3n de la industria, las ganancias no cumpl\u00edan las expectativas de los empresarios.<\/p>\n<p>Seg\u00fan Diaz, en la actualidad la situaci\u00f3n es sumamente compleja en cuanto a que se registra una fuerte ca\u00edda de los vol\u00famenes de ventas, sin embargo hay plena confianza de que la quita de regulaciones en la econom\u00eda es el camino correcto. En este sentido, la recuperaci\u00f3n de la macro y de la micro -que pronostican conllevar\u00eda unos tres a\u00f1os- tendr\u00eda tambi\u00e9n un impacto positivo en el negocio agropecuario.<\/p>\n<p>El CEO de AmCham detall\u00f3 que a partir de la estabilidad econ\u00f3mica y del apoyo a las grandes inversiones, si se logra despegar en el negocio de la miner\u00eda y el petr\u00f3leo, junto con el agro, la Argentina ya no deber\u00eda preocuparse por el d\u00f3lar, porque el super\u00e1vit comercial ser\u00eda realmente importante.<\/p>\n<p>Pero para que todo esto ocurra, nuestro pa\u00eds deber\u00eda salir del cepo. Al ser consultado por \u00c1mbito sobre este punto, D\u00edaz detall\u00f3 que con un escenario de exportaciones como el que se plantea a futuro y una balanza de pagos estabilizada se podr\u00eda esperar una menor dependencia de los controles cambiarios. Al d\u00eda de hoy existe una tendencia hacia la normalidad en cuanto a los pagos por importaciones, sin embargo la eliminaci\u00f3n del cepo financiero ser\u00eda importante puesto que las empresas se ven limitadas a girar regal\u00edas y esa es una condici\u00f3n indispensable para que lleguen nuevas inversiones.<\/p>\n<\/article>\n","protected":false},"excerpt":{"rendered":"<p>Tras realizar a principio de mes un foro que reuni\u00f3 a gran parte de las cadenas productivas del agro, la\u00a0C\u00e1mara de Comercio de Estados Unidos en Argentina (AmCham)\u00a0busca afianzar lo que internamente denominan \u201cmesa de trabajo agropecuaria\u201d, integrada por mas de una decena de empresas que tienen origen en el pa\u00eds del norte y al [&hellip;]<\/p>\n","protected":false},"author":2,"featured_media":22260,"comment_status":"closed","ping_status":"closed","sticky":false,"template":"","format":"standard","meta":{"footnotes":""},"categories":[65],"tags":[],"class_list":{"0":"post-22259","1":"post","2":"type-post","3":"status-publish","4":"format-standard","5":"has-post-thumbnail","7":"category-economia"},"_links":{"self":[{"href":"https:\/\/radiobitacora.com.ar\/web\/wp-json\/wp\/v2\/posts\/22259","targetHints":{"allow":["GET"]}}],"collection":[{"href":"https:\/\/radiobitacora.com.ar\/web\/wp-json\/wp\/v2\/posts"}],"about":[{"href":"https:\/\/radiobitacora.com.ar\/web\/wp-json\/wp\/v2\/types\/post"}],"author":[{"embeddable":true,"href":"https:\/\/radiobitacora.com.ar\/web\/wp-json\/wp\/v2\/users\/2"}],"replies":[{"embeddable":true,"href":"https:\/\/radiobitacora.com.ar\/web\/wp-json\/wp\/v2\/comments?post=22259"}],"version-history":[{"count":0,"href":"https:\/\/radiobitacora.com.ar\/web\/wp-json\/wp\/v2\/posts\/22259\/revisions"}],"wp:featuredmedia":[{"embeddable":true,"href":"https:\/\/radiobitacora.com.ar\/web\/wp-json\/wp\/v2\/media\/22260"}],"wp:attachment":[{"href":"https:\/\/radiobitacora.com.ar\/web\/wp-json\/wp\/v2\/media?parent=22259"}],"wp:term":[{"taxonomy":"category","embeddable":true,"href":"https:\/\/radiobitacora.com.ar\/web\/wp-json\/wp\/v2\/categories?post=22259"},{"taxonomy":"post_tag","embeddable":true,"href":"https:\/\/radiobitacora.com.ar\/web\/wp-json\/wp\/v2\/tags?post=22259"}],"curies":[{"name":"wp","href":"https:\/\/api.w.org\/{rel}","templated":true}]}}