{"id":22262,"date":"2024-10-30T10:00:37","date_gmt":"2024-10-30T13:00:37","guid":{"rendered":"https:\/\/radiobitacora.com.ar\/web\/?p=22262"},"modified":"2024-10-30T10:00:37","modified_gmt":"2024-10-30T13:00:37","slug":"el-gobierno-preve-eliminar-el-financiamiento-estatal-a-los-partidos-politicos","status":"publish","type":"post","link":"https:\/\/radiobitacora.com.ar\/web\/2024\/10\/30\/el-gobierno-preve-eliminar-el-financiamiento-estatal-a-los-partidos-politicos\/","title":{"rendered":"El Gobierno prev\u00e9 eliminar el financiamiento estatal a los partidos pol\u00edticos"},"content":{"rendered":"<article class=\"article-body article-body--first-paragraph content-protected-false\" data-td-script-src=\"https:\/\/www.ambito.com\/td\/modulos\/encuestas\/js\/function-embeds-min-version-1730174807.js\">El gobierno del presidente\u00a0<strong><a href=\"https:\/\/www.ambito.com\/politica\/giorgia-meloni-vendra-la-argentina-el-19-y-20-noviembre-expectativa-posibles-anuncios-inversiones-n6076005\" target=\"_blank\" rel=\"follow noopener\">Javier Milei<\/a><\/strong>\u00a0tiene previsto proponer en el Congreso\u00a0<strong>\u201cla eliminaci\u00f3n de todo el financiamiento estatal a los partidos pol\u00edticos\u201d,<\/strong>\u00a0seg\u00fan adelant\u00f3 a\u00a0<strong>\u00c1mbito<\/strong>\u00a0una alta fuente de la Casa Rosada.<\/p>\n<\/article>\n<article class=\"article-body article-body--second-paragraph content-protected-false\">La intenci\u00f3n del Poder Ejecutivo es\u00a0<strong>\u201cavanzar hacia un modelo como el norteamericano\u201d<\/strong>\u00a0apuntando, como sucede en los Estados Unidos, a que\u00a0<strong>sean los adherentes a los partidos los que contribuyan con sus propios recursos a mantener las estructuras<\/strong>.<\/p>\n<\/article>\n<article class=\"article-body article-body--third-paragraph content-protected-false\">En el entorno del primer mandatario se lo considera un paso necesario\u00a0<strong>\u201cpara transparentar los gastos de la pol\u00edtica\u201d<\/strong>\u00a0en l\u00ednea con \u201cla batalla contra las castas que llevamos adelante\u201d. Las autoridades contemplan incluir esta iniciativa en el marco del debate del presupuesto para 2025 en el Parlamento.<\/p>\n<\/article>\n<article class=\"article-body article-body--fourth-paragraph content-protected-false\">Habr\u00e1 que ver c\u00f3mo reciben los legisladores esta propuesta que<strong>\u00a0seguramente generar\u00e1 mucha pol\u00e9mica.\u00a0<\/strong>Al respecto, en medios oficiales se especula con que\u00a0<strong>una carta de negociaci\u00f3n puede ser que el recorte a las partidas destinadas a los partidos pol\u00edticos se destine a engrosar el presupuesto universitario.<\/strong><\/p>\n<\/article>\n<article class=\"article-body article-body--remaining-paragraph content-protected-false\">Como antecedente, cabe recordar que el Ejecutivo ya hab\u00eda planteado su intenci\u00f3n de eliminar las PASO (las del a\u00f1o pasado costaron 10.618 millones de pesos). Sin embargo, d\u00edas atr\u00e1s en declaraciones radiales, el jefe de Gabinete,\u00a0<strong>Guillermo Francos<\/strong>, reconoci\u00f3 que &#8220;no nos dan los n\u00fameros&#8221; en referencia a los votos necesarios en el Congreso para suprimir las primarias el a\u00f1o que viene.<\/p>\n<p>Asimismo, en medios gubernamentales se comenta que<strong>\u00a0\u201clas conversaciones por el presupuesto marchan bien\u201d<\/strong>\u00a0y se conf\u00eda en que finalmente sea aprobado.<\/p>\n<p>Agregan que, con relaci\u00f3n a las\u00a0<strong>jubilaciones<\/strong>, el Ejecutivo sigue rechazando la recomposici\u00f3n de 8% propuesta por otras fuerzas, pero tambi\u00e9n se\u00f1alan que\u00a0<strong>\u201cpodr\u00eda analizarse en el contexto de dar una suma por \u00fanica vez\u201d<\/strong>. En fuentes oficiales sostienen que \u201ctodo est\u00e1 en la mesa de negociaci\u00f3n\u201d y que el esp\u00edritu oficial es que \u201clas partidas se pueden eliminar, disminuir, modificar, pero nunca comprometer el equilibrio\u201d<strong>.<\/strong><\/p>\n<h2><strong>Gasto pol\u00edtico<\/strong><\/h2>\n<p>En el \u00faltimo presupuesto aprobado, correspondiente al a\u00f1o 2023, se le otorg\u00f3 al Ministerio del Interior una partida para Impulso al Desarrollo Democr\u00e1tico y Relaciones con la Comunidad por 48.500 millones de pesos, equivalentes a unos 164 millones de d\u00f3lares de ese a\u00f1o, al tipo de cambio oficial.<\/p>\n<p>En la actualidad, los partidos pol\u00edticos cuentan con dos fuentes de financiamiento para su desarrollo institucional, funcional y para la consecuci\u00f3n de sus actividades. Una es el sector p\u00fablico, mediante el aporte regular del Estado Nacional.<\/p>\n<p>La ley 26.215 (de Financiamiento de los Partidos Pol\u00edticos) establece que el Estado nacional debe distribuir dinero de forma equitativa entre todas las alianzas para la impresi\u00f3n de boletas. Para las actividades de campa\u00f1a, los fondos p\u00fablicos se distribuyen con 2 criterios: la mitad se reparte entre todos los frentes de forma equitativa y la otra mitad se asigna de acuerdo con los votos que ese frente obtuvo en la \u00faltima elecci\u00f3n para la misma categor\u00eda, seg\u00fan se\u00f1ala el sitio Chequeado.<\/p>\n<h2><strong>Privados<\/strong><\/h2>\n<p>La segunda fuente de financiamiento es privada, a trav\u00e9s de los fondos provenientes de sus afiliados, donaciones u otras actividades propias con las limitaciones establecidas por la ley.<\/p>\n<p>Entre otras restricciones, no pueden recibir contribuciones o donaciones an\u00f3nimas, de entidades nacionales, provinciales, binacionales, multilaterales, municipales, entre otras. Tampoco pueden recibir fondos de permisionarios, empresas concesionarias o contratistas de servicios u obras p\u00fablicas o proveedores de la Naci\u00f3n, las provincias, los municipios o la Ciudad de Buenos Aires.<\/p>\n<p>La C\u00e1mara Nacional Electoral cuenta con una plataforma p\u00fablica en la que quedan registrados todos los aportes en blanco. Sin embargo, especialistas advierten que en la pr\u00e1ctica\u00a0<strong>buena parte de los gastos de campa\u00f1a provienen de aportes informales,<\/strong>\u00a0tanto en dinero como en especies (como prestar un estadio para un acto, por ejemplo), que no figuran en los informes que se rinden ante la Justicia electoral.<\/p>\n<\/article>\n","protected":false},"excerpt":{"rendered":"<p>El gobierno del presidente\u00a0Javier Milei\u00a0tiene previsto proponer en el Congreso\u00a0\u201cla eliminaci\u00f3n de todo el financiamiento estatal a los partidos pol\u00edticos\u201d,\u00a0seg\u00fan adelant\u00f3 a\u00a0\u00c1mbito\u00a0una alta fuente de la Casa Rosada. La intenci\u00f3n del Poder Ejecutivo es\u00a0\u201cavanzar hacia un modelo como el norteamericano\u201d\u00a0apuntando, como sucede en los Estados Unidos, a que\u00a0sean los adherentes a los partidos los que [&hellip;]<\/p>\n","protected":false},"author":2,"featured_media":22263,"comment_status":"closed","ping_status":"closed","sticky":false,"template":"","format":"standard","meta":{"footnotes":""},"categories":[79],"tags":[],"class_list":{"0":"post-22262","1":"post","2":"type-post","3":"status-publish","4":"format-standard","5":"has-post-thumbnail","7":"category-politica"},"_links":{"self":[{"href":"https:\/\/radiobitacora.com.ar\/web\/wp-json\/wp\/v2\/posts\/22262","targetHints":{"allow":["GET"]}}],"collection":[{"href":"https:\/\/radiobitacora.com.ar\/web\/wp-json\/wp\/v2\/posts"}],"about":[{"href":"https:\/\/radiobitacora.com.ar\/web\/wp-json\/wp\/v2\/types\/post"}],"author":[{"embeddable":true,"href":"https:\/\/radiobitacora.com.ar\/web\/wp-json\/wp\/v2\/users\/2"}],"replies":[{"embeddable":true,"href":"https:\/\/radiobitacora.com.ar\/web\/wp-json\/wp\/v2\/comments?post=22262"}],"version-history":[{"count":0,"href":"https:\/\/radiobitacora.com.ar\/web\/wp-json\/wp\/v2\/posts\/22262\/revisions"}],"wp:featuredmedia":[{"embeddable":true,"href":"https:\/\/radiobitacora.com.ar\/web\/wp-json\/wp\/v2\/media\/22263"}],"wp:attachment":[{"href":"https:\/\/radiobitacora.com.ar\/web\/wp-json\/wp\/v2\/media?parent=22262"}],"wp:term":[{"taxonomy":"category","embeddable":true,"href":"https:\/\/radiobitacora.com.ar\/web\/wp-json\/wp\/v2\/categories?post=22262"},{"taxonomy":"post_tag","embeddable":true,"href":"https:\/\/radiobitacora.com.ar\/web\/wp-json\/wp\/v2\/tags?post=22262"}],"curies":[{"name":"wp","href":"https:\/\/api.w.org\/{rel}","templated":true}]}}