{"id":22268,"date":"2024-10-31T07:43:38","date_gmt":"2024-10-31T10:43:38","guid":{"rendered":"https:\/\/radiobitacora.com.ar\/web\/?p=22268"},"modified":"2024-10-31T07:43:38","modified_gmt":"2024-10-31T10:43:38","slug":"prevencion-del-dengue","status":"publish","type":"post","link":"https:\/\/radiobitacora.com.ar\/web\/2024\/10\/31\/prevencion-del-dengue\/","title":{"rendered":"PREVENCI\u00d3N DEL DENGUE"},"content":{"rendered":"<p>Sobre las recomendaciones en relaci\u00f3n a la lucha contra el dengue, sostuvo: \u201cNosotros podemos descender la curva ascendente, digo esto porque somos responsables de la acci\u00f3n de descacharrado, de limpieza de nuestras casas, de los lugares que puede acumular agua, donde nacen los mosquitos. Hemos tenido lluvia y esto hace eclosionar los huevos, teniendo mosquitos adultos nuevamente. El slogan de: \u201cSin mosquito, no hay dengue\u201d est\u00e1 plenamente vigente, nosotros debemos cuidar nuestros lugares para no acumular agua y as\u00ed evitar que el mosquito del Aedes aegypti se reproduzca y siga estando en la ciudad. El virus est\u00e1 en circulaci\u00f3n, debemos extremar esas medidas, para eso debemos limpiar los patios, descacharrar\u201d.<\/p>\n<p><strong>VACUNA CONTRA EL DENGUE<\/strong><\/p>\n<p>\u201cEste a\u00f1o se incorpor\u00f3 la inmunizaci\u00f3n con la vacuna contra el dengue, en la poblaci\u00f3n de 20 a 40 a\u00f1os -record\u00f3 el facultativo-, por la movilidad de esa poblaci\u00f3n. Debo decir que no hemos tenido la respuesta correspondiente para la vacunaci\u00f3n, se habilitaron desde la p\u00e1gina del Gobierno de la Provincia para inscribirse para recibir la vacuna. Las personas no concurren a colocarse la dosis, por eso insistimos, contin\u00faa habilitada la p\u00e1gina para la vacunaci\u00f3n anti dengue. Solicitamos que hagan el uso libremente para esta aplicaci\u00f3n, hasta ahora en esa franja etaria (20-40 a\u00f1os)\u201d.<\/p>\n<p>Al respecto, destac\u00f3 \u201cla fuerte inversi\u00f3n del gobierno de la provincia en alrededor de cinco millones de d\u00f3lares para la adquisici\u00f3n. Desde Naci\u00f3n no existe una compra masiva para todas las provincias, recordemos que la vacuna evita las consecuencias graves de enfermedad a causa del dengue, hemos tenido muerte en la provincia, sino queremos usar la vacuna estamos en todo nuestro derecho, pero entonces hagamos docencia, o asumamos la responsabilidad social. De all\u00ed la recomendaci\u00f3n del descacharrado, uso de repelente, de la ropa adecuada para evitar la picadura de este insecto, es una carrera contra el mosquito y la resistencia que puede adquirir hacia los insecticidas\u201d.<\/p>\n","protected":false},"excerpt":{"rendered":"<p>Sobre las recomendaciones en relaci\u00f3n a la lucha contra el dengue, sostuvo: \u201cNosotros podemos descender la curva ascendente, digo esto porque somos responsables de la acci\u00f3n de descacharrado, de limpieza de nuestras casas, de los lugares que puede acumular agua, donde nacen los mosquitos. Hemos tenido lluvia y esto hace eclosionar los huevos, teniendo mosquitos [&hellip;]<\/p>\n","protected":false},"author":2,"featured_media":22269,"comment_status":"closed","ping_status":"closed","sticky":false,"template":"","format":"standard","meta":{"footnotes":""},"categories":[56],"tags":[],"class_list":{"0":"post-22268","1":"post","2":"type-post","3":"status-publish","4":"format-standard","5":"has-post-thumbnail","7":"category-locales"},"_links":{"self":[{"href":"https:\/\/radiobitacora.com.ar\/web\/wp-json\/wp\/v2\/posts\/22268","targetHints":{"allow":["GET"]}}],"collection":[{"href":"https:\/\/radiobitacora.com.ar\/web\/wp-json\/wp\/v2\/posts"}],"about":[{"href":"https:\/\/radiobitacora.com.ar\/web\/wp-json\/wp\/v2\/types\/post"}],"author":[{"embeddable":true,"href":"https:\/\/radiobitacora.com.ar\/web\/wp-json\/wp\/v2\/users\/2"}],"replies":[{"embeddable":true,"href":"https:\/\/radiobitacora.com.ar\/web\/wp-json\/wp\/v2\/comments?post=22268"}],"version-history":[{"count":0,"href":"https:\/\/radiobitacora.com.ar\/web\/wp-json\/wp\/v2\/posts\/22268\/revisions"}],"wp:featuredmedia":[{"embeddable":true,"href":"https:\/\/radiobitacora.com.ar\/web\/wp-json\/wp\/v2\/media\/22269"}],"wp:attachment":[{"href":"https:\/\/radiobitacora.com.ar\/web\/wp-json\/wp\/v2\/media?parent=22268"}],"wp:term":[{"taxonomy":"category","embeddable":true,"href":"https:\/\/radiobitacora.com.ar\/web\/wp-json\/wp\/v2\/categories?post=22268"},{"taxonomy":"post_tag","embeddable":true,"href":"https:\/\/radiobitacora.com.ar\/web\/wp-json\/wp\/v2\/tags?post=22268"}],"curies":[{"name":"wp","href":"https:\/\/api.w.org\/{rel}","templated":true}]}}