{"id":22298,"date":"2024-10-31T08:38:35","date_gmt":"2024-10-31T11:38:35","guid":{"rendered":"https:\/\/radiobitacora.com.ar\/web\/?p=22298"},"modified":"2024-10-31T08:38:35","modified_gmt":"2024-10-31T11:38:35","slug":"detras-del-despido-de-mondino-de-las-intervenciones-de-karina-milei-y-caputo-al-punto-de-quiebre-para-el-presidente","status":"publish","type":"post","link":"https:\/\/radiobitacora.com.ar\/web\/2024\/10\/31\/detras-del-despido-de-mondino-de-las-intervenciones-de-karina-milei-y-caputo-al-punto-de-quiebre-para-el-presidente\/","title":{"rendered":"Detr\u00e1s del despido de Mondino: de las intervenciones de Karina Milei y Caputo, al punto de quiebre para el Presidente"},"content":{"rendered":"<p class=\"paragraph\" data-mrf-recirculation=\"Links inline\"><b>Javier Milei\u00a0<\/b>sostuvo a\u00a0<b>Diana Mondino como canciller<\/b>\u00a0durante meses, a pesar de la interminable cadena de furcios y desaciertos que, uno tras otro, contradijeron la l\u00ednea ideol\u00f3gica libertaria o pusieron en aprietos al Gobierno en el \u00e1mbito internacional. En cambio, opt\u00f3 por \u201cayudarla\u201d, primero con una intervenci\u00f3n del ministerio, a trav\u00e9s de una asesora de Karina Milei,\u00a0<b>\u00darsula Basset<\/b>. Y, luego, con el nombramiento como Secretario de\u00a0<b>Nahuel Sotelo,<\/b>\u00a0del grupo m\u00e1s cercano a Santiago Caputo, para darle \u201crespaldo pol\u00edtico\u201d. Sin embargo,<b>\u00a0la estrategia no dio resultado,<\/b>\u00a0y los desacuerdos de la Casa Rosada con sus medidas en pol\u00edtica exterior siguieron, hasta que el Presidente decidi\u00f3 soltarle la mano, ayer, y desplazarla del cargo tras\u00a0<b>interminables especulaciones.<\/b><\/p>\n<p class=\"paragraph\" data-mrf-recirculation=\"Links inline\">Mondino estuvo en la cuerda floja muchas veces, pero siempre persisti\u00f3, con apoyo del Presidente. Su salida\u00a0<b>estaba en los planes generales, a futuro, pero no ten\u00eda fecha,\u00a0<\/b>y nadie esperaba que la decisi\u00f3n de eyectarla se produjera ayer. Se precipit\u00f3 despu\u00e9s de que se conociera el voto de la Argentina en la Asamblea de la ONU a favor de Cuba, junto a Ir\u00e1n y Venezuela, a pesar de que el Presidente<b>\u00a0<\/b>hab\u00eda dicho, repetidamente, que\u00a0<b>su alineamiento principal era con Estados Unidos e Israel.<\/b><\/p>\n<div class=\"inline ad-wrapper\">\n<div class=\"dfpAd ad-inline\">\n<div id=\"infobae\/politica\/nota\/inline\" class=\"infobae\/politica\/nota\/inline arcad up-show\" data-google-query-id=\"CN7MscHDuIkDFV5QuAQdTBk25w\">\n<div id=\"google_ads_iframe_\/1058609\/infobae\/politica\/nota\/inline_0__container__\"><iframe loading=\"lazy\" id=\"google_ads_iframe_\/1058609\/infobae\/politica\/nota\/inline_0\" tabindex=\"0\" title=\"3rd party ad content\" src=\"https:\/\/e6530f363f124bdc00c75505dd8bded3.safeframe.googlesyndication.com\/safeframe\/1-0-40\/html\/container.html?upapi=true\" name=\"\" width=\"717\" height=\"60\" frameborder=\"0\" marginwidth=\"0\" marginheight=\"0\" scrolling=\"no\" sandbox=\"allow-forms allow-popups allow-popups-to-escape-sandbox allow-same-origin allow-scripts allow-top-navigation-by-user-activation\" data-is-safeframe=\"true\" aria-label=\"Advertisement\" data-google-container-id=\"8\" data-load-complete=\"true\" data-mce-fragment=\"1\"><\/iframe><\/p>\n<div class=\"upo-label\">AD<\/div>\n<\/div>\n<\/div>\n<\/div>\n<\/div>\n<p class=\"paragraph\" data-mrf-recirculation=\"Links inline\">La ministra de Relaciones Exteriores estuvo innumerables veces al borde de la eyecci\u00f3n, pero siempre logr\u00f3 mantenerse a flote. Milei\u00a0<b>la apreciaba<\/b>\u00a0desde una perspectiva personal (de hecho, estuvo a punto de ser su candidata a vicepresidenta en 2023); y\u00a0<b>med\u00eda bien en las encuestas.<\/b>\u00a0A pesar de los\u00a0<i>gaffes,<\/i> incluso su principal detractora en Balcarce 50, Karina Milei, se hab\u00eda hecho a la idea de que tendr\u00edan que convivir por tiempo indeterminado, al punto de que lleg\u00f3 a sacarse algunas fotos con ella para mostrar que la relaci\u00f3n hab\u00eda mejorado.<\/p>\n<p class=\"paragraph\" data-mrf-recirculation=\"Links inline\">Adem\u00e1s del aprecio y la conveniencia, al \u201ctri\u00e1ngulo de hierro\u201d le pesaba, para pensar en un reemplazo, el factor habitual de falta de cuadros pol\u00edticos propios o de confianza. Y si bien\u00a0<b>Mauricio Macri\u00a0<\/b>y\u00a0<b>Patricia Bullrich -por separado-<\/b>\u00a0ten\u00edan especial inter\u00e9s en \u201cayudarlo\u201d con referentes de las filas de PRO (que, de paso, les representar\u00edan mayor poder en el Gobierno) el \u00e1rea era demasiado importante para Milei como para cederle su manejo a los aliados.<\/p>\n<div class=\" visual__image\"><picture><source srcset=\"https:\/\/www.infobae.com\/resizer\/v2\/RI3BJ3M3JVGZFAUM6XLFDYX244.jpg?auth=c8a39fb09907fae3da94e12b6e1b7c24eed4ad068a37e9e11b4886ca648f5158&amp;smart=true&amp;width=992&amp;height=661&amp;quality=85\" media=\"(min-width: 1000px)\" \/><source srcset=\"https:\/\/www.infobae.com\/resizer\/v2\/RI3BJ3M3JVGZFAUM6XLFDYX244.jpg?auth=c8a39fb09907fae3da94e12b6e1b7c24eed4ad068a37e9e11b4886ca648f5158&amp;smart=true&amp;width=768&amp;height=512&amp;quality=85\" media=\"(min-width: 768px)\" \/><source srcset=\"https:\/\/www.infobae.com\/resizer\/v2\/RI3BJ3M3JVGZFAUM6XLFDYX244.jpg?auth=c8a39fb09907fae3da94e12b6e1b7c24eed4ad068a37e9e11b4886ca648f5158&amp;smart=true&amp;width=577&amp;height=385&amp;quality=85\" media=\"(min-width: 580px)\" \/><source srcset=\"https:\/\/www.infobae.com\/resizer\/v2\/RI3BJ3M3JVGZFAUM6XLFDYX244.jpg?auth=c8a39fb09907fae3da94e12b6e1b7c24eed4ad068a37e9e11b4886ca648f5158&amp;smart=true&amp;width=420&amp;height=280&amp;quality=85\" media=\"(min-width: 350px)\" \/><source srcset=\"https:\/\/www.infobae.com\/resizer\/v2\/RI3BJ3M3JVGZFAUM6XLFDYX244.jpg?auth=c8a39fb09907fae3da94e12b6e1b7c24eed4ad068a37e9e11b4886ca648f5158&amp;smart=true&amp;width=350&amp;height=233&amp;quality=85\" media=\"(min-width: 80px)\" \/><img loading=\"lazy\" decoding=\"async\" class=\"global-image\" src=\"https:\/\/www.infobae.com\/resizer\/v2\/RI3BJ3M3JVGZFAUM6XLFDYX244.jpg?auth=c8a39fb09907fae3da94e12b6e1b7c24eed4ad068a37e9e11b4886ca648f5158&amp;smart=true&amp;width=350&amp;height=233&amp;quality=85\" alt=\"Milei en su discurso ante la ONU\" width=\"1920\" height=\"1280\" \/><\/picture>Milei en su discurso ante la ONU<\/div>\n<div class=\"inline_2_DSK ad-wrapper ad-desktop\">\n<div class=\"dfpAd ad-inline\">\n<div id=\"infobae\/politica\/nota\/inline_2_DSK\" class=\"infobae\/politica\/nota\/inline_2_DSK arcad up-show\" data-google-query-id=\"COOzucLDuIkDFQxRuAQdM5c5Uw\">\n<div id=\"google_ads_iframe_\/1058609\/infobae\/politica\/nota\/inline_2_DSK_0__container__\"><iframe loading=\"lazy\" id=\"google_ads_iframe_\/1058609\/infobae\/politica\/nota\/inline_2_DSK_0\" tabindex=\"0\" title=\"3rd party ad content\" src=\"https:\/\/e6530f363f124bdc00c75505dd8bded3.safeframe.googlesyndication.com\/safeframe\/1-0-40\/html\/container.html?upapi=true\" name=\"\" width=\"717\" height=\"60\" frameborder=\"0\" marginwidth=\"0\" marginheight=\"0\" scrolling=\"no\" sandbox=\"allow-forms allow-popups allow-popups-to-escape-sandbox allow-same-origin allow-scripts allow-top-navigation-by-user-activation\" data-is-safeframe=\"true\" aria-label=\"Advertisement\" data-google-container-id=\"4\" data-load-complete=\"true\" data-mce-fragment=\"1\"><\/iframe><\/p>\n<div class=\"upo-label\">AD<\/div>\n<\/div>\n<\/div>\n<\/div>\n<\/div>\n<p class=\"paragraph\" data-mrf-recirculation=\"Links inline\">La votaci\u00f3n ante Naciones Unidas a favor de Cuba, no obstante, fue demasiado para el Presidente, que entendi\u00f3 que m\u00e1s all\u00e1 de la presencia en el Palacio San Mart\u00edn de funcionarios o asesores de l\u00ednea directa con el Ejecutivo, controlar cada movimiento de Mondino resultaba imposible.\u00a0<b>\u201cNo entendi\u00f3 la agenda del Presidente\u201d,<\/b> resumi\u00f3 la decisi\u00f3n un alto funcionario.<\/p>\n<p class=\"paragraph\" data-mrf-recirculation=\"Links inline\">Algo similar ocurri\u00f3 con la l\u00f3gica que hab\u00eda impuesto\u00a0<b>Santiago Caputo en el ministerio de Salud,\u00a0<\/b>donde intent\u00f3 conducir las pol\u00edticas sanitarias a trav\u00e9s de su amigo\u00a0<b>Mario Lugones<\/b>\u00a0mientras el ministro era Mario Russo, pero en la pr\u00e1ctica no lo logr\u00f3. En ese caso, Caputo empoder\u00f3 a Lugones. En la situaci\u00f3n de Canciller\u00eda, Milei ascendi\u00f3 al embajador en Estados Unidos,\u00a0<b>Gerardo Werthein,<\/b>\u00a0que en los pr\u00f3ximos d\u00edas dejar\u00e1 Washington para instalarse en Buenos Aires y reemplazar a Mondino. Milei cree que el empresario<b>\u00a0entiende su pensamiento ideol\u00f3gico, y que est\u00e1 de acuerdo.<\/b><\/p>\n<p class=\"paragraph\" data-mrf-recirculation=\"Links inline\"><b>\u201cDiana es fiel, s\u00ed. Pero nunca entendi\u00f3 que Javier no est\u00e1 dispuesto a las medias tintas, que no le importa romper el\u00a0<\/b><i><b>status-quo<\/b><\/i><b>\u201d,<\/b>\u00a0explic\u00f3 el razonamiento un funcionario de di\u00e1logo directo con el Presidente.<\/p>\n<p class=\"paragraph\" data-mrf-recirculation=\"Links inline\">Seg\u00fan supo\u00a0<b>Infobae<\/b>, asesorada por funcionarios de carrera, ayer Mondino privilegi\u00f3 que la Argentina votara en l\u00ednea con su posici\u00f3n hist\u00f3rica. Y fue esa determinaci\u00f3n, que normalmente ser\u00eda aceptada por un jefe de Estado, la que provoc\u00f3 un punto de quiebre en la valoraci\u00f3n de Milei. \u201cJavier est\u00e1 convencido de que\u00a0<b>no hay efectos negativos para el pa\u00eds en plantear sus ideas en el plano diplom\u00e1tico.<\/b>\u00a0Por m\u00e1s disruptivas que sean,<b>\u00a0las inversiones van a venir igual y las relaciones se van a mantener.<\/b>\u00a0Pero todav\u00eda hay gente que no lo puede entender\u201d, deslizaron en su entorno.<\/p>\n<p class=\"paragraph\" data-mrf-recirculation=\"Links inline\">Y compararon con las pol\u00edticas del ex presidente m\u00e1s admirado por Milei,\u00a0<b>Carlos Menem:<\/b>\u00a0\u201cLas relaciones con Estados Unidos fueron carnales a pesar de que Menem se aline\u00f3 con Juan Pablo II contra el aborto y los anticonceptivos\u201d, resumi\u00f3 un colaborador.<\/p>\n<div class=\" visual__image\"><picture><source srcset=\"https:\/\/www.infobae.com\/resizer\/v2\/EWSTUHW5SVFUHOYIJJWD3BW66M.jpeg?auth=b239bc060c0390e9f918fd100a84be93abdc80e3d6800087e77c9130621b6250&amp;smart=true&amp;width=992&amp;height=661&amp;quality=85\" media=\"(min-width: 1000px)\" \/><source srcset=\"https:\/\/www.infobae.com\/resizer\/v2\/EWSTUHW5SVFUHOYIJJWD3BW66M.jpeg?auth=b239bc060c0390e9f918fd100a84be93abdc80e3d6800087e77c9130621b6250&amp;smart=true&amp;width=768&amp;height=512&amp;quality=85\" media=\"(min-width: 768px)\" \/><source srcset=\"https:\/\/www.infobae.com\/resizer\/v2\/EWSTUHW5SVFUHOYIJJWD3BW66M.jpeg?auth=b239bc060c0390e9f918fd100a84be93abdc80e3d6800087e77c9130621b6250&amp;smart=true&amp;width=577&amp;height=385&amp;quality=85\" media=\"(min-width: 580px)\" \/><source srcset=\"https:\/\/www.infobae.com\/resizer\/v2\/EWSTUHW5SVFUHOYIJJWD3BW66M.jpeg?auth=b239bc060c0390e9f918fd100a84be93abdc80e3d6800087e77c9130621b6250&amp;smart=true&amp;width=420&amp;height=280&amp;quality=85\" media=\"(min-width: 350px)\" \/><source srcset=\"https:\/\/www.infobae.com\/resizer\/v2\/EWSTUHW5SVFUHOYIJJWD3BW66M.jpeg?auth=b239bc060c0390e9f918fd100a84be93abdc80e3d6800087e77c9130621b6250&amp;smart=true&amp;width=350&amp;height=233&amp;quality=85\" media=\"(min-width: 80px)\" \/><img loading=\"lazy\" decoding=\"async\" class=\"global-image\" src=\"https:\/\/www.infobae.com\/resizer\/v2\/EWSTUHW5SVFUHOYIJJWD3BW66M.jpeg?auth=b239bc060c0390e9f918fd100a84be93abdc80e3d6800087e77c9130621b6250&amp;smart=true&amp;width=350&amp;height=233&amp;quality=85\" alt=\"La ex Canciller junto a Karina Milei, Guillermo Francos y Mart\u00edn Menem\" width=\"1600\" height=\"1068\" \/><\/picture>La ex Canciller junto a Karina Milei, Guillermo Francos y Mart\u00edn Menem<\/div>\n<p class=\"paragraph\" data-mrf-recirculation=\"Links inline\">Aunque el despido de Mondino fue sorpresivo, recientemente la Casa Rosada hab\u00eda dado se\u00f1ales de que la paciencia del jefe de Estado estaba acab\u00e1ndose. La carta que Milei le envi\u00f3 la semana pasada a todos los miembros del cuerpo diplom\u00e1tico inst\u00e1ndolos a seguir sus lineamientos de pol\u00edtica exterior o renunciar,\u00a0<b>en rigor estaba dirigida formalmente a Diana Mondino.<\/b><\/p>\n<p class=\"paragraph\" data-mrf-recirculation=\"Links inline\">En aquella misiva el Presidente la elogiaba efusivamente, pero tambi\u00e9n le hac\u00eda notar p\u00fablicamente que deb\u00eda poner orden en la l\u00ednea ideol\u00f3gica del ministerio y las representaciones en el exterior. Adem\u00e1s, se la mand\u00f3 poco despu\u00e9s de echar al representante argentino ante la ONU,\u00a0<b>Ricardo Lagorio,<\/b>\u00a0por su reticencia a retirarle el respaldo a la Agenda 2030 -ahora llamada Pacto del Futuro- en la Asamblea General; al vicecanciller,<b>\u00a0Leopoldo Sahores<\/b>; y al director de Derechos Humanos,\u00a0<b>Christian Machuca,<\/b>\u00a0tambi\u00e9n acusados por falta de alineamiento con sus ideas disruptivas.<\/p>\n<p class=\"paragraph\" data-mrf-recirculation=\"Links inline\">\u201cCuando lleg\u00f3, Mondino se apoy\u00f3 en los funcionarios de carrera del ministerio para que la ayudaran. Y se entendi\u00f3, es una \u2018orga\u2019 muy dif\u00edcil, con gente que est\u00e1 hace mucho tiempo y cree que tiene m\u00e1s poder que el canciller.\u00a0<b>El problema es que, al depender de ellos, le costaba tomar decisiones propias\u201d,<\/b>\u00a0explicaron en la c\u00fapula del Gobierno. Para Milei, la sincron\u00eda de la tropa con las directrices econ\u00f3micas no es suficiente: tambi\u00e9n la quiere firme en las \u00e1reas sociales y pol\u00edticas.<\/p>\n<p class=\"paragraph\" data-mrf-recirculation=\"Links inline\">En la Canciller\u00eda fueron algo m\u00e1s duros: \u201cLa misi\u00f3n Capital no estaba dando \u00f3rdenes claras. Milei quiere una\u00a0<b>purga ideol\u00f3gica,\u00a0<\/b>est\u00e1 convencido de lo que piensa y lo va a hacer cumplir. Si vas a depender de lo que piensa la casta de vos, no pod\u00e9s ocupar ese lugar\u201d, dijeron, preocupados por la cumbre del G-20 que se celebra a fin de mes.<\/p>\n<p class=\"paragraph\" data-mrf-recirculation=\"Links inline\">\u201cSeguramente crey\u00f3 que era lo mejor, pero no estamos de acuerdo\u201d, intentaron suavizar en la Casa Rosada, en referencia a las intenciones de Mondino en la votaci\u00f3n de ayer sobre el embargo a la isla.<\/p>\n<div class=\" visual__image\"><picture><source srcset=\"https:\/\/www.infobae.com\/resizer\/v2\/WKQLUMWL2GKH7SYMX3YLHM4JDI.jpg?auth=59dac3020a72f3b89271d9da91cfedfa3f4222089a24db4ba1b5565b07a7497e&amp;smart=true&amp;width=992&amp;height=661&amp;quality=85\" media=\"(min-width: 1000px)\" \/><source srcset=\"https:\/\/www.infobae.com\/resizer\/v2\/WKQLUMWL2GKH7SYMX3YLHM4JDI.jpg?auth=59dac3020a72f3b89271d9da91cfedfa3f4222089a24db4ba1b5565b07a7497e&amp;smart=true&amp;width=768&amp;height=512&amp;quality=85\" media=\"(min-width: 768px)\" \/><source srcset=\"https:\/\/www.infobae.com\/resizer\/v2\/WKQLUMWL2GKH7SYMX3YLHM4JDI.jpg?auth=59dac3020a72f3b89271d9da91cfedfa3f4222089a24db4ba1b5565b07a7497e&amp;smart=true&amp;width=577&amp;height=385&amp;quality=85\" media=\"(min-width: 580px)\" \/><source srcset=\"https:\/\/www.infobae.com\/resizer\/v2\/WKQLUMWL2GKH7SYMX3YLHM4JDI.jpg?auth=59dac3020a72f3b89271d9da91cfedfa3f4222089a24db4ba1b5565b07a7497e&amp;smart=true&amp;width=420&amp;height=280&amp;quality=85\" media=\"(min-width: 350px)\" \/><source srcset=\"https:\/\/www.infobae.com\/resizer\/v2\/WKQLUMWL2GKH7SYMX3YLHM4JDI.jpg?auth=59dac3020a72f3b89271d9da91cfedfa3f4222089a24db4ba1b5565b07a7497e&amp;smart=true&amp;width=350&amp;height=233&amp;quality=85\" media=\"(min-width: 80px)\" \/><img loading=\"lazy\" decoding=\"async\" class=\"global-image\" src=\"https:\/\/www.infobae.com\/resizer\/v2\/WKQLUMWL2GKH7SYMX3YLHM4JDI.jpg?auth=59dac3020a72f3b89271d9da91cfedfa3f4222089a24db4ba1b5565b07a7497e&amp;smart=true&amp;width=350&amp;height=233&amp;quality=85\" alt=\"El nuevo canciller ser\u00e1 Gerardo Werthein, hasta ahora embajador en Estados Unidos, que acompa\u00f1\u00f3 a Milei, Karina y Santiago Caputo a su primer viaje a Washington despu\u00e9s de ganar las elecciones \" width=\"800\" height=\"530\" \/><\/picture>El nuevo canciller ser\u00e1 Gerardo Werthein, hasta ahora embajador en Estados Unidos, que acompa\u00f1\u00f3 a Milei, Karina y Santiago Caputo a su primer viaje a Washington despu\u00e9s de ganar las elecciones<\/div>\n<p class=\"paragraph\" data-mrf-recirculation=\"Links inline\">Ante la seguidilla de problemas previas a su eyecci\u00f3n, en junio Karina Milei habia insertado en el piso m\u00e1s alto del edificio de la diplomacia, junto al despacho de Mondino, a la abogada\u00a0<b>\u00darsula Basset, mujer de su confianza<\/b>. Primero de manera informal, pero luego, desde esta semana, con el rol de \u201casesora\u201d en los papeles. Su misi\u00f3n era monitorear las decisiones de Mondino y sus subalternos, con especial \u00e9nfasis en los temas administrativos, desde los nombramientos a las aprobaciones de viajes, gastos, etc. Principalmente, dijeron, para ayudarla a poner orden al estilo del ajuste libertario. Desde hace meses que la mayor parte de las decisiones pasaban por su despacho, y su nombre estaba pr\u00e1cticamente en todas las conversaciones de los funcionarios de la cartera.<\/p>\n<p class=\"paragraph\" data-mrf-recirculation=\"Links inline\">Dos meses despu\u00e9s, Milei hizo lo propio con un funcionario pol\u00edtico, pero con fines estrictamente pol\u00edticos. Por recomendaci\u00f3n de Santiago Caputo, que defend\u00eda a Mondino a pesar de la serie de inconvenientes, nombr\u00f3 como Secretario de Culto y Civilizaci\u00f3n a\u00a0<b>Nahuel Sotelo<\/b>, armador territorial de los libertarios en el conurbano, que ocupaba una banca en la Legislatura bonaerense y visitaba seguido el despacho de Caputo en Balcarce 50, pero tambi\u00e9n las oficinas de Eduardo \u201cLule\u201d Menem y Lisandro Catal\u00e1n.<\/p>\n<p class=\"paragraph\" data-mrf-recirculation=\"Links inline\">Esa decisi\u00f3n coincidi\u00f3 con el momento en que el Presidente empez\u00f3 ubicar la pol\u00edtica exterior en un lugar de mayor importancia que hasta entonces. \u201cCuando vimos lo que est\u00e1bamos haciendo con la econom\u00eda, que hab\u00edamos llegado a un d\u00edgito de inflaci\u00f3n, decidimos que era principal salir a mostrar lo que estaba pasando\u201d, descibi\u00f3 un asesor.<\/p>\n<p class=\"paragraph\" data-mrf-recirculation=\"Links inline\">Entre los dos, el objetivo de la c\u00fapula libertaria era<b>\u00a0\u201capuntalar\u201d a Mondino.<\/b>\u00a0Por caso, junto al nuevo vicecanciller que reemplaz\u00f3 a Sahores, Eduardo Bustamante, de las filas de PRO, estaban en pleno proceso de revisi\u00f3n de la declaraci\u00f3n de pa\u00edses del G-20, atentos a que no se les escapara ninguna l\u00ednea \u201cwoke\u201d -vinculada, por ejemplo, a las pol\u00edticas de g\u00e9nero y a la contaminaci\u00f3n- con la que no estuvieran de acuerdo.<\/p>\n<p class=\"paragraph\" data-mrf-recirculation=\"Links inline\">Adem\u00e1s, la hab\u00edan desplazado de varias gestiones internacionales. Y recientemente hab\u00edan evitado que se involucrara en la difusi\u00f3n de la estrategia del Gobierno para que la Argentina evitara caer en la lista gris del GAFI, a pesar de que la Canciller\u00eda hab\u00eda tenido injerencia directa en las negociaciones con los pa\u00edses que forman parte del grupo.<\/p>\n<div class=\"undefined ad-wrapper\">\n<div class=\"dfpAd \"><\/div>\n<\/div>\n<p class=\"paragraph\" data-mrf-recirculation=\"Links inline\">En la misma l\u00ednea, la propia Karina Milei estaba asumiento desde la Secretar\u00eda General, usualmente dedicada a funciones dom\u00e9sticas, tareas que normalmente le corresponder\u00edan a un Canciller. Hace dos semanas viaj\u00f3 a Francia, para reunirse con funcionarios de primera l\u00ednea de Emmanuel Macron. Y tiene en agenda una visita de alto voltaje a China.\u00a0<b>\u201cHoy, Karina es nuestra principal embajadora en el mundo\u201d,\u00a0<\/b>dijeron hace unos d\u00edas en el Palacio San Mart\u00edn, descontentos con el desempe\u00f1o de Mondino.<\/p>\n<p class=\"paragraph\" data-mrf-recirculation=\"Links inline\">Desde que Milei envi\u00f3 la carta a toda la diplomacia argentina, no hubo renuncias voluntarias en las embajadas y la Canciller\u00eda, pero en los despachos de mayor rango del Gobierno avisan que los despidos de Lagorio y de Sahores y Machuca no fueron los \u00faltimos. Y pronto, adelantan, habr\u00e1 novedades con secretarios, subsecretarios y directores. La eyecci\u00f3n de Mondino, a pesar de los miramientos sobre sus buenas intenciones, fue una demostraci\u00f3n de que al Presidente no le temblar\u00e1 la mano a la hora de desplazar a todo aquel que no est\u00e9 en sinton\u00eda con su agenda social en el plano internacional, a pesar de que vaya en contra de las recomendaciones de funcionarios de l\u00ednea, con d\u00e9cadas de carrera diplom\u00e1tica.<\/p>\n","protected":false},"excerpt":{"rendered":"<p>Javier Milei\u00a0sostuvo a\u00a0Diana Mondino como canciller\u00a0durante meses, a pesar de la interminable cadena de furcios y desaciertos que, uno tras otro, contradijeron la l\u00ednea ideol\u00f3gica libertaria o pusieron en aprietos al Gobierno en el \u00e1mbito internacional. En cambio, opt\u00f3 por \u201cayudarla\u201d, primero con una intervenci\u00f3n del ministerio, a trav\u00e9s de una asesora de Karina Milei,\u00a0\u00darsula [&hellip;]<\/p>\n","protected":false},"author":2,"featured_media":22299,"comment_status":"closed","ping_status":"closed","sticky":false,"template":"","format":"standard","meta":{"footnotes":""},"categories":[79],"tags":[],"class_list":{"0":"post-22298","1":"post","2":"type-post","3":"status-publish","4":"format-standard","5":"has-post-thumbnail","7":"category-politica"},"_links":{"self":[{"href":"https:\/\/radiobitacora.com.ar\/web\/wp-json\/wp\/v2\/posts\/22298","targetHints":{"allow":["GET"]}}],"collection":[{"href":"https:\/\/radiobitacora.com.ar\/web\/wp-json\/wp\/v2\/posts"}],"about":[{"href":"https:\/\/radiobitacora.com.ar\/web\/wp-json\/wp\/v2\/types\/post"}],"author":[{"embeddable":true,"href":"https:\/\/radiobitacora.com.ar\/web\/wp-json\/wp\/v2\/users\/2"}],"replies":[{"embeddable":true,"href":"https:\/\/radiobitacora.com.ar\/web\/wp-json\/wp\/v2\/comments?post=22298"}],"version-history":[{"count":0,"href":"https:\/\/radiobitacora.com.ar\/web\/wp-json\/wp\/v2\/posts\/22298\/revisions"}],"wp:featuredmedia":[{"embeddable":true,"href":"https:\/\/radiobitacora.com.ar\/web\/wp-json\/wp\/v2\/media\/22299"}],"wp:attachment":[{"href":"https:\/\/radiobitacora.com.ar\/web\/wp-json\/wp\/v2\/media?parent=22298"}],"wp:term":[{"taxonomy":"category","embeddable":true,"href":"https:\/\/radiobitacora.com.ar\/web\/wp-json\/wp\/v2\/categories?post=22298"},{"taxonomy":"post_tag","embeddable":true,"href":"https:\/\/radiobitacora.com.ar\/web\/wp-json\/wp\/v2\/tags?post=22298"}],"curies":[{"name":"wp","href":"https:\/\/api.w.org\/{rel}","templated":true}]}}