{"id":22310,"date":"2024-10-31T09:03:11","date_gmt":"2024-10-31T12:03:11","guid":{"rendered":"https:\/\/radiobitacora.com.ar\/web\/?p=22310"},"modified":"2024-10-31T09:03:11","modified_gmt":"2024-10-31T12:03:11","slug":"javier-milei-echo-a-diana-mondino-por-votar-a-favor-de-cuba-en-la-onu-sera-reemplazada-por-gerardo-werthein","status":"publish","type":"post","link":"https:\/\/radiobitacora.com.ar\/web\/2024\/10\/31\/javier-milei-echo-a-diana-mondino-por-votar-a-favor-de-cuba-en-la-onu-sera-reemplazada-por-gerardo-werthein\/","title":{"rendered":"Javier Milei ech\u00f3 a Diana Mondino por votar a favor de Cuba en la ONU: ser\u00e1 reemplazada por Gerardo Werthein"},"content":{"rendered":"<article class=\"article-body article-body--first-paragraph content-protected-false\" data-td-script-src=\"https:\/\/www.ambito.com\/td\/modulos\/encuestas\/js\/function-embeds-min-version-1730261258.js\">El presidente<strong>\u00a0Javier Milei<\/strong>\u00a0<strong>decidi\u00f3 echar<\/strong><strong>\u00a0a su canciller Diana Mondino<\/strong>, luego de que\u00a0<strong><a href=\"https:\/\/www.ambito.com\/politica\/sorpresa-el-gobierno-javier-milei-voto-favor-cuba-la-onu-levantar-el-embargo-estados-unidos-n6076487\" target=\"_blank\" rel=\"follow noopener\">el pa\u00eds votara en contra de Estados Unidos e Israel\u00a0<\/a><\/strong>en la asamblea de la\u00a0<strong>Organizaci\u00f3n de las Naciones Unidas (ONU)\u00a0<\/strong>en la que se debati\u00f3 levantar el embargo de la primera potencia contra de\u00a0<strong>Cuba.\u00a0<\/strong>La reemplazar\u00e1<strong>\u00a0<a href=\"https:\/\/www.ambito.com\/politica\/quien-es-gerardo-werthein-el-nuevo-canciller-nombrado-javier-milei-n6076578\" target=\"_blank\" rel=\"follow noopener\">Gerardo Werthein, embajador en Estados Unidos<\/a><\/strong>, seg\u00fan inform\u00f3 el vocero presidencial<strong>\u00a0Manuel Adorni.<\/strong><\/p>\n<\/article>\n<article class=\"article-body article-body--second-paragraph content-protected-false\">Para el Presidente<strong>\u00a0\u201cGerardo Werthein es un crack\u201d,\u00a0<\/strong>suele comentar a su entorno m\u00e1s \u00edntimo, al tiempo que destaca la calidad de las reuniones que le ha organizado tanto en sus viajes a los Estados Unidos como en otras partes del mundo.<\/p>\n<\/article>\n<article class=\"article-body article-body--third-paragraph content-protected-false\">El primer mandatario se encuentra analizando qui\u00e9n ser\u00e1 el nuevo embajador en los Estados Unidos. Como siempre ocurre comenzaron a rodar nombres entre ellos\u00a0<strong>H\u00e9ctor Marcelo Cima<\/strong>\u00a0actual secretario de relaciones econ\u00f3micas y\u00a0<strong>Diego Sucalesca<\/strong>\u00a0quien detenta la presidencia ejecutiva de la\u00a0<strong>Agencia Argentina de Inversiones y Comercio Internacional, ambos funcionarios tienen un muy buen vinculo con Karina Milei.<\/strong><\/p>\n<\/article>\n<article class=\"article-body article-body--fourth-paragraph content-protected-false\">En medios oficiales se comenta que el jefe de Estado\u00a0<strong>no dud\u00f3 en resolver el despido de Mondino tras enterarse de que el pa\u00eds hab\u00eda votado en contra de la posici\u00f3n de los dos los dos principales aliados internacionales del Gobierno de La Libertad Avanza.<\/strong><\/p>\n<\/article>\n<article class=\"article-body article-body--remaining-paragraph content-protected-false\">El Gobierno vot\u00f3 en la Asamblea General de las Naciones Unidas (ONU) en\u00a0<strong>contra del embargo econ\u00f3mico<\/strong>\u00a0de Estados Unidos a la rep\u00fablica socialista de Cuba. La resoluci\u00f3n fue aprobada con 187 votos a favor, 2 en contra (Estados Unidos e Israel,) y una abstenci\u00f3n (Moldavia).<\/p>\n<p>Cabe se\u00f1alar que sorprendi\u00f3 a muchos este voto ya que es conocida la posici\u00f3n del Gobierno de estar alineado a los Estados Unidos e Israel.<\/p>\n<div id=\"7999874-Libre-46347598_wrap\" class=\"embed_cont type_imagen\" contenteditable=\"false\">\n<div id=\"7999874-Libre-46347598_content\" class=\"embed_content\"><img decoding=\"async\" id=\"7999874-Libre-46347598_embed\" title=\"El presidente Javier Milei y su ahora excanciller Diana Mondino.\" src=\"https:\/\/media.ambito.com\/p\/820d4d867dc4290f54e6c12d83d2fa88\/adjuntos\/239\/imagenes\/041\/930\/0041930709\/730x0\/smart\/diana-mondino-y-javier-mileijpeg.jpeg\" alt=\"El presidente Javier Milei y su ahora excanciller Diana Mondino.\" width=\"730\" height=\"undefined\" data-td-src-property=\"https:\/\/media.ambito.com\/p\/820d4d867dc4290f54e6c12d83d2fa88\/adjuntos\/239\/imagenes\/041\/930\/0041930709\/730x0\/smart\/diana-mondino-y-javier-mileijpeg.jpeg\" \/><\/div>\n<div id=\"7999874-Libre-46347598_epigrafe\" class=\"embed_epigrafe\">\n<p>El presidente Javier Milei y su ahora excanciller Diana Mondino.<\/p>\n<\/div>\n<\/div>\n<h2><strong>Auditor\u00eda en Cancilleria<\/strong><\/h2>\n<p>La cuenta de la Oficina del Presidente public\u00f3 posteriormente de conocido el reemplazo un comunicado en sus redes sociales haciendo referencia a qu\u00e9 aspira en\u00a0<strong>materia de relaciones exteriores.<\/strong><\/p>\n<p>Para el Gobierno &#8220;el pa\u00eds atraviesa un per\u00edodo de cambios profundos y esta nueva etapa exige que nuestro cuerpo diplom\u00e1tico refleje en cada decisi\u00f3n los valores de libertad, soberan\u00eda y derechos individuales que caracterizan a las democracias occidentales<strong>&#8220;.<\/strong><\/p>\n<p>Asimismo, anticipa que se llevar\u00e1 a cabo\u00a0<strong>\u201cuna auditor\u00eda del personal de carrera de la Canciller\u00eda, con el objetivo de identificar a impulsores de las agendas enemigas de la libertad&#8221;.<\/strong><\/p>\n<p>Unas semanas atr\u00e1s, en esta misma l\u00ednea, la presidencia envi\u00f3 una carta a la Canciller\u00eda para el personal diplom\u00e1tico donde, entre otros argumentos, planteaba que los organismos internacionales<strong>\u00a0\u201cse han sometido\u201d a una agenda \u201cque obedece a intereses privilegiados\u201d.\u00a0<\/strong>El mensaje presidencial considera que estas instituciones<strong>\u00a0\u201chan promovido pol\u00edticas colectivistas que atentan contra el crecimiento econ\u00f3mico, violentan los derechos de propiedad, y entorpecen el proceso econ\u00f3mico natural\u201d<\/strong><\/p>\n<p>El texto hace hincapi\u00e9 en que \u201cesta nueva doctrina implica, por definici\u00f3n,<strong>\u00a0que ning\u00fan funcionario de esta administraci\u00f3n ni quienes representan a la Argentina en el exterior deben acompa\u00f1ar ning\u00fan proyecto, declaraci\u00f3n, resoluci\u00f3n, o documento que establezca violaciones al derecho a la vida, la libertad y la propiedad<\/strong>; o un trato desigual frente a la ley; valores que son pilares de esta nueva administraci\u00f3n, de ning\u00fan ciudadano del mundo\u201d.<\/p>\n<p>Conclu\u00eda el Presidente afirmando<strong>: \u201cEl protagonismo asumido por nuestro pa\u00eds en el escenario global como defensor de los valores republicanos de las democracias occidentales requiere de un cuerpo diplom\u00e1tico comprometido con las ideas de la libertad<\/strong>\u00a0y dispuesto a trabajar mancomunadamente para proteger los intereses nacionales\u201d.<\/p>\n<div id=\"embed7605_wrap\" class=\"embed_cont type_freetext\" contenteditable=\"false\" data-provider=\"Twitter\">\n<div id=\"embed7605_content\" class=\"embed_content\">\n<div id=\"embed7605_embed\">\n<div class=\"twitter-tweet twitter-tweet-rendered\"><iframe id=\"twitter-widget-0\" class=\"\" title=\"X Post\" src=\"https:\/\/platform.twitter.com\/embed\/Tweet.html?creatorScreenName=Ambitocom&amp;dnt=false&amp;embedId=twitter-widget-0&amp;features=eyJ0ZndfdGltZWxpbmVfbGlzdCI6eyJidWNrZXQiOltdLCJ2ZXJzaW9uIjpudWxsfSwidGZ3X2ZvbGxvd2VyX2NvdW50X3N1bnNldCI6eyJidWNrZXQiOnRydWUsInZlcnNpb24iOm51bGx9LCJ0ZndfdHdlZXRfZWRpdF9iYWNrZW5kIjp7ImJ1Y2tldCI6Im9uIiwidmVyc2lvbiI6bnVsbH0sInRmd19yZWZzcmNfc2Vzc2lvbiI6eyJidWNrZXQiOiJvbiIsInZlcnNpb24iOm51bGx9LCJ0ZndfZm9zbnJfc29mdF9pbnRlcnZlbnRpb25zX2VuYWJsZWQiOnsiYnVja2V0Ijoib24iLCJ2ZXJzaW9uIjpudWxsfSwidGZ3X21peGVkX21lZGlhXzE1ODk3Ijp7ImJ1Y2tldCI6InRyZWF0bWVudCIsInZlcnNpb24iOm51bGx9LCJ0ZndfZXhwZXJpbWVudHNfY29va2llX2V4cGlyYXRpb24iOnsiYnVja2V0IjoxMjA5NjAwLCJ2ZXJzaW9uIjpudWxsfSwidGZ3X3Nob3dfYmlyZHdhdGNoX3Bpdm90c19lbmFibGVkIjp7ImJ1Y2tldCI6Im9uIiwidmVyc2lvbiI6bnVsbH0sInRmd19kdXBsaWNhdGVfc2NyaWJlc190b19zZXR0aW5ncyI6eyJidWNrZXQiOiJvbiIsInZlcnNpb24iOm51bGx9LCJ0ZndfdXNlX3Byb2ZpbGVfaW1hZ2Vfc2hhcGVfZW5hYmxlZCI6eyJidWNrZXQiOiJvbiIsInZlcnNpb24iOm51bGx9LCJ0ZndfdmlkZW9faGxzX2R5bmFtaWNfbWFuaWZlc3RzXzE1MDgyIjp7ImJ1Y2tldCI6InRydWVfYml0cmF0ZSIsInZlcnNpb24iOm51bGx9LCJ0ZndfbGVnYWN5X3RpbWVsaW5lX3N1bnNldCI6eyJidWNrZXQiOnRydWUsInZlcnNpb24iOm51bGx9LCJ0ZndfdHdlZXRfZWRpdF9mcm9udGVuZCI6eyJidWNrZXQiOiJvbiIsInZlcnNpb24iOm51bGx9fQ%3D%3D&amp;frame=false&amp;hideCard=false&amp;hideThread=false&amp;id=1851741216926310684&amp;lang=es&amp;origin=https%3A%2F%2Fwww.ambito.com%2Fpolitica%2Fjavier-milei-echo-diana-mondino-votar-favor-cuba-la-onu-n6076534&amp;sessionId=c75b2f928dacb7baa5233eedb89be69ec3760b5c&amp;siteScreenName=Ambitocom&amp;theme=light&amp;widgetsVersion=2615f7e52b7e0%3A1702314776716&amp;width=550px\" frameborder=\"0\" scrolling=\"no\" allowfullscreen=\"allowfullscreen\" data-tweet-id=\"1851741216926310684\" data-mce-fragment=\"1\"><\/iframe><\/div>\n<\/div>\n<\/div>\n<\/div>\n<h2><strong>Antecedentes<\/strong><\/h2>\n<p>Justamente, en los pasillos de la Casa Rosada, se comentaba que no se comprend\u00eda porque raz\u00f3n Diana Mondino, conocedora del pensamiento presidencial tom\u00f3 la decisi\u00f3n de votar de esa manera.<\/p>\n<p>Sin duda, este episodio termin\u00f3 de romper un v\u00ednculo entre el Presidente y quien fuera su canciller que se ven\u00eda\u00a0<strong>deteriorando<\/strong>, seg\u00fan se comenta en medios oficiales. Allegados a Milei sostienen que el Presidente<strong>, si bien tiene respeto por Mondino,<\/strong>\u00a0la consideraba\u00a0<strong>\u201cmuy apegada a las formas de la diplomacia\u201d.<\/strong>\u00a0En realidad, en el entorno presidencial hay una mirada \u201cmuy cr\u00edtica\u201d a la Canciller\u00eda. Consideran que hay una gran mayor\u00eda del personal diplom\u00e1tico kirchneristas o con pensamiento afines.<\/p>\n<p>Desde este punto de vista, se dice que\u00a0<strong>es mejor es la relaci\u00f3n del primer mandatario con Werthein,<\/strong>\u00a0particularmente por la capacidad del embajador de establecer v\u00ednculos con el mundo empresario. A esto agregan que\u00a0<strong>Karina<\/strong>, la hermana del Presidente y secretaria General de Presidencia,\u00a0<strong>manten\u00eda ciertas diferencias con Mondino<\/strong>.<\/p>\n<h2><strong>Los traspi\u00e9s de Diana Mondino<\/strong><\/h2>\n<p>La ahora excanciller tambi\u00e9n tuvo varios cuestionamientos por su pol\u00edtica sobre el reclamo de soberan\u00eda de las Islas Malvinas. El hecho m\u00e1s grave fue la firma de un acuerdo pol\u00e9mico con Gran Breta\u00f1a que fue criticado por la vicepresidenta\u00a0<strong>Victoria Villarruel<\/strong>. Luego tuvo peque\u00f1os esc\u00e1ndalos como la presentaci\u00f3n de un mapa de Argentina sin Malvinas y un comunicado donde las nombraba como lo hacen los ingleses: Falklands, aunque en Canciller\u00eda dijeron que la responsabilidad fue del Ministerio de Defensa.<\/p>\n<p><strong>Diana Mondino\u00a0<\/strong>se suma a la\u00a0<a href=\"https:\/\/www.ambito.com\/politica\/gabinete-javier-milei-una-una-todas-las-bajas-funcionarios-del-gobierno-que-asumio-n6076570\" target=\"_blank\" rel=\"follow noopener\">larga lista de funcionarios que se han ido del gobierno\u00a0<\/a>de Javier Milei. Con Mondino son cuatro los ministros que renunciaron. El primero fue el titular del extinto Ministerio de Infraestructura,\u00a0<strong>Guillermo Ferraro<\/strong>. Despu\u00e9s fue el turno del primer jefe de Gabinete,\u00a0<strong>Nicol\u00e1s Posse<\/strong>. Hace poco, renunci\u00f3 el titular de la cartera de Salud,\u00a0<strong>Miguel Russo<\/strong>.<\/p>\n<\/article>\n","protected":false},"excerpt":{"rendered":"<p>El presidente\u00a0Javier Milei\u00a0decidi\u00f3 echar\u00a0a su canciller Diana Mondino, luego de que\u00a0el pa\u00eds votara en contra de Estados Unidos e Israel\u00a0en la asamblea de la\u00a0Organizaci\u00f3n de las Naciones Unidas (ONU)\u00a0en la que se debati\u00f3 levantar el embargo de la primera potencia contra de\u00a0Cuba.\u00a0La reemplazar\u00e1\u00a0Gerardo Werthein, embajador en Estados Unidos, seg\u00fan inform\u00f3 el vocero presidencial\u00a0Manuel Adorni. Para [&hellip;]<\/p>\n","protected":false},"author":2,"featured_media":22311,"comment_status":"closed","ping_status":"closed","sticky":false,"template":"","format":"standard","meta":{"footnotes":""},"categories":[79],"tags":[],"class_list":{"0":"post-22310","1":"post","2":"type-post","3":"status-publish","4":"format-standard","5":"has-post-thumbnail","7":"category-politica"},"_links":{"self":[{"href":"https:\/\/radiobitacora.com.ar\/web\/wp-json\/wp\/v2\/posts\/22310","targetHints":{"allow":["GET"]}}],"collection":[{"href":"https:\/\/radiobitacora.com.ar\/web\/wp-json\/wp\/v2\/posts"}],"about":[{"href":"https:\/\/radiobitacora.com.ar\/web\/wp-json\/wp\/v2\/types\/post"}],"author":[{"embeddable":true,"href":"https:\/\/radiobitacora.com.ar\/web\/wp-json\/wp\/v2\/users\/2"}],"replies":[{"embeddable":true,"href":"https:\/\/radiobitacora.com.ar\/web\/wp-json\/wp\/v2\/comments?post=22310"}],"version-history":[{"count":0,"href":"https:\/\/radiobitacora.com.ar\/web\/wp-json\/wp\/v2\/posts\/22310\/revisions"}],"wp:featuredmedia":[{"embeddable":true,"href":"https:\/\/radiobitacora.com.ar\/web\/wp-json\/wp\/v2\/media\/22311"}],"wp:attachment":[{"href":"https:\/\/radiobitacora.com.ar\/web\/wp-json\/wp\/v2\/media?parent=22310"}],"wp:term":[{"taxonomy":"category","embeddable":true,"href":"https:\/\/radiobitacora.com.ar\/web\/wp-json\/wp\/v2\/categories?post=22310"},{"taxonomy":"post_tag","embeddable":true,"href":"https:\/\/radiobitacora.com.ar\/web\/wp-json\/wp\/v2\/tags?post=22310"}],"curies":[{"name":"wp","href":"https:\/\/api.w.org\/{rel}","templated":true}]}}