{"id":22313,"date":"2024-11-01T07:08:30","date_gmt":"2024-11-01T10:08:30","guid":{"rendered":"https:\/\/radiobitacora.com.ar\/web\/?p=22313"},"modified":"2024-11-01T07:08:30","modified_gmt":"2024-11-01T10:08:30","slug":"sabado-2-de-noviembre-no-habra-servicio-de-recoleccion-de-residuos","status":"publish","type":"post","link":"https:\/\/radiobitacora.com.ar\/web\/2024\/11\/01\/sabado-2-de-noviembre-no-habra-servicio-de-recoleccion-de-residuos\/","title":{"rendered":"S\u00e1bado 2 de Noviembre no habr\u00e1 servicio de recolecci\u00f3n de residuos"},"content":{"rendered":"<p>Con motivo de la conmemoraci\u00f3n del d\u00eda de los Fieles Difuntos, el s\u00e1bado 2 de noviembre la Municipalidad no prestar\u00e1 el servicio de recolecci\u00f3n de residuos.<\/p>\n<p>El mismo se reanudar\u00e1 el domingo, en horas de la noche, en la zona c\u00e9ntrica de la ciudad de manera habitual.<\/p>\n","protected":false},"excerpt":{"rendered":"<p>Con motivo de la conmemoraci\u00f3n del d\u00eda de los Fieles Difuntos, el s\u00e1bado 2 de noviembre la Municipalidad no prestar\u00e1 el servicio de recolecci\u00f3n de residuos. El mismo se reanudar\u00e1 el domingo, en horas de la noche, en la zona c\u00e9ntrica de la ciudad de manera habitual.<\/p>\n","protected":false},"author":2,"featured_media":22314,"comment_status":"closed","ping_status":"closed","sticky":false,"template":"","format":"standard","meta":{"footnotes":""},"categories":[56],"tags":[],"class_list":{"0":"post-22313","1":"post","2":"type-post","3":"status-publish","4":"format-standard","5":"has-post-thumbnail","7":"category-locales"},"_links":{"self":[{"href":"https:\/\/radiobitacora.com.ar\/web\/wp-json\/wp\/v2\/posts\/22313","targetHints":{"allow":["GET"]}}],"collection":[{"href":"https:\/\/radiobitacora.com.ar\/web\/wp-json\/wp\/v2\/posts"}],"about":[{"href":"https:\/\/radiobitacora.com.ar\/web\/wp-json\/wp\/v2\/types\/post"}],"author":[{"embeddable":true,"href":"https:\/\/radiobitacora.com.ar\/web\/wp-json\/wp\/v2\/users\/2"}],"replies":[{"embeddable":true,"href":"https:\/\/radiobitacora.com.ar\/web\/wp-json\/wp\/v2\/comments?post=22313"}],"version-history":[{"count":0,"href":"https:\/\/radiobitacora.com.ar\/web\/wp-json\/wp\/v2\/posts\/22313\/revisions"}],"wp:featuredmedia":[{"embeddable":true,"href":"https:\/\/radiobitacora.com.ar\/web\/wp-json\/wp\/v2\/media\/22314"}],"wp:attachment":[{"href":"https:\/\/radiobitacora.com.ar\/web\/wp-json\/wp\/v2\/media?parent=22313"}],"wp:term":[{"taxonomy":"category","embeddable":true,"href":"https:\/\/radiobitacora.com.ar\/web\/wp-json\/wp\/v2\/categories?post=22313"},{"taxonomy":"post_tag","embeddable":true,"href":"https:\/\/radiobitacora.com.ar\/web\/wp-json\/wp\/v2\/tags?post=22313"}],"curies":[{"name":"wp","href":"https:\/\/api.w.org\/{rel}","templated":true}]}}