{"id":22337,"date":"2024-11-01T08:14:41","date_gmt":"2024-11-01T11:14:41","guid":{"rendered":"https:\/\/radiobitacora.com.ar\/web\/?p=22337"},"modified":"2024-11-01T08:14:41","modified_gmt":"2024-11-01T11:14:41","slug":"dolar-blue-en-noviembre-despega-o-se-mantendra-la-pax-cambiaria-por-cuarto-mes-seguido","status":"publish","type":"post","link":"https:\/\/radiobitacora.com.ar\/web\/2024\/11\/01\/dolar-blue-en-noviembre-despega-o-se-mantendra-la-pax-cambiaria-por-cuarto-mes-seguido\/","title":{"rendered":"D\u00f3lar blue en noviembre: \u00bfdespega o se mantendr\u00e1 la &#8220;pax cambiaria&#8221; por cuarto mes seguido?"},"content":{"rendered":"<article class=\"article-body article-body--first-paragraph content-protected-false\" data-td-script-src=\"https:\/\/www.ambito.com\/td\/modulos\/encuestas\/js\/function-embeds-min-version-1730347595.js\">El\u00a0<strong><a href=\"https:\/\/www.ambito.com\/contenidos\/dolar-informal.html\" target=\"_blank\" rel=\"follow noopener\">d\u00f3lar blue<\/a>\u00a0cerr\u00f3 a $1.190 en octubre y ya baj\u00f3 $310 (-20,7%)<\/strong>\u00a0desde el r\u00e9cord del 12 de julio, cuando lleg\u00f3 a los\u00a0<strong>$1.500<\/strong>, seg\u00fan el relevamiento de\u00a0<strong>\u00c1mbito<\/strong>. La\u00a0<strong>brecha\u00a0<\/strong>con el tipo de cambio mayorista se ubica en el 20%, m\u00ednimos de mayo. Con la fuerte oferta de divisas producto del\u00a0<strong><a href=\"https:\/\/www.ambito.com\/economia\/blanqueo-gobierno-anuncio-que-se-vuelve-prorrogar-el-fin-la-primera-etapa-n6077023\" target=\"_blank\" rel=\"follow noopener\">blanqueo de capitales<\/a><\/strong>, el tipo de cambio informal se mantiene en valores de mediados de octubre.<\/p>\n<\/article>\n<article class=\"article-body article-body--second-paragraph content-protected-false\">Los tipos de cambio financieros tambi\u00e9n continuaron el mes en baja: cerraron octubre a\u00a0<strong>$1.158<\/strong>\u00a0el\u00a0<strong>CCL<\/strong>\u00a0y a\u00a0<strong>$1.131\u00a0<\/strong>el\u00a0<strong>MEP<\/strong>, mientras las brechas cayeron al\u00a0<strong>16,8%\u00a0<\/strong>y\u00a0<strong>14,1%<\/strong>, respectivamente.<\/p>\n<\/article>\n<article class=\"article-body article-body--third-paragraph content-protected-false\">\n<h2>D\u00f3lar blue: \u00bfc\u00f3mo influye la pr\u00f3rroga del blanqueo?<\/h2>\n<p>El ministro de\u00a0<strong>Econom\u00eda<\/strong>,\u00a0<strong><a href=\"https:\/\/www.ambito.com\/finanzas\/gracias-al-blanqueo-los-depositos-dolares-marcan-record-us32000-millones-n6076319\" target=\"_blank\" rel=\"follow noopener\">Luis Caputo<\/a><\/strong>, anunci\u00f3 que el Gobierno decidi\u00f3 prorrogar nuevamente el fin de\u00a0<strong>la primera etapa de la regularizaci\u00f3n de activos<\/strong>, esta vez, hasta el pr\u00f3ximo viernes 8 de noviembre inclusive. &#8220;Fue debido a algunos\u00a0<strong>problemas inform\u00e1ticos\u00a0<\/strong>y<strong>\u00a0administrativos<\/strong>\u00a0con respecto a la transferencia desde el exterior del pago del impuesto&#8221;, revel\u00f3 el titular del\u00a0<strong>Palacio de Hacienda<\/strong>.<\/p>\n<\/article>\n<article class=\"article-body article-body--fourth-paragraph content-protected-false\">\n<p class=\"\" data-mrf-recirculation=\"Links inline\"><strong>La primera etapa, que conclu\u00eda este jueves 31 de octubre<\/strong>, ya se hab\u00eda extendido un mes -el plazo oficial era hasta el 31 de septiembre-. De esta manera, se podr\u00e1n regularizar los fondos<strong>\u00a0entre el 1\u00b0 de noviembre de 2024 y el 8 de noviembre de 2024, habiendo regularizado o no fondos al 31 de octubre de 2024, inclusive<\/strong>.<\/p>\n<\/article>\n<article class=\"article-body article-body--remaining-paragraph content-protected-false\"><strong>Cabe destacar que, la extensi\u00f3n del blanqueo de capitales ayudar\u00e1 a la oferta de d\u00f3lares dentro del mercado<\/strong>.<\/p>\n<h2>D\u00f3lar blue para noviembre: entre la &#8220;pax cambiaria&#8221; y el resurgimiento<\/h2>\n<p>El\u00a0<strong>d\u00f3lar blue<\/strong>\u00a0muestra hace meses una tendencia a la baja, que se explica m\u00e1s all\u00e1 del blanqueo, sobre todo por la\u00a0<strong>&#8220;pol\u00edtica de control de liquidez por parte del Banco Central y la intervenci\u00f3n en los financieros para bajar expectativas&#8221;<\/strong>, seg\u00fan explic\u00f3\u00a0<strong>Leonardo Anzalone<\/strong>, director de\u00a0<strong>Centro de Estudios Pol\u00edticos y Econ\u00f3micos (Cepec)<\/strong>.<\/p>\n<p><strong>&#8220;Sin embargo, hay que seguir de cerca la din\u00e1mica de los d\u00f3lares del blanqueo, que ya no van a entrar, y observar si, adem\u00e1s, comienzan a salir del sistema financiero&#8221;<\/strong>, a\u00f1adi\u00f3 Anzalone.<\/p>\n<p>&#8220;El blue mantendr\u00eda la diferencia con el\u00a0<strong>MEP<\/strong>\u00a0para tener operatividad mientras contin\u00faa operando el blanqueo en sus distintas fases, sumado al per\u00edodo de vacaciones y aguinaldo donde puede tener m\u00e1s movilidad&#8221;, complement\u00f3 el economista\u00a0<strong>Federico Glustein<\/strong>.<\/p>\n<p>Por su parte, el economista\u00a0<strong>Gustavo Ber\u00a0<\/strong>opin\u00f3 que, a su parecer, &#8220;se extender\u00eda el clima de calma cambiaria&#8221;. De esta manera, observa a los d\u00f3lares financieros y libre &#8220;aflojando camino a una\u00a0<strong>convergencia cambiaria<\/strong>&#8220;. En l\u00ednea con los dichos del Gobierno, que hace semanas comunica que\u00a0<strong>&#8220;cada vez est\u00e1 m\u00e1s cerca la salida del cepo&#8221;<\/strong>.<\/p>\n<p>&#8220;Hay que ver, tambi\u00e9n, cuales son las decisiones de liquidez y, por lo tanto, de tasa de inter\u00e9s que tomar\u00e1n el Central, pero por sobre todo el Tesoro, se convalidan tasas a la baja y eso, en alguna medida puede recalentar los tipos de cambio&#8221;, resalt\u00f3 Anzalone.<\/p>\n<h2>D\u00f3lar blue para noviembre: \u00bfa qu\u00e9 precio se puede ubicar?<\/h2>\n<p>Seg\u00fan estim\u00f3 Glustein, el\u00a0<strong>d\u00f3lar blue<\/strong>\u00a0se ubicar\u00e1 en torno<strong>\u00a0a los $1.150 y los $1.200<\/strong>, con una variaci\u00f3n de entre el 1% y el 2%, que es entendible en un mercado muy vol\u00e1til.<\/p>\n<\/article>\n","protected":false},"excerpt":{"rendered":"<p>El\u00a0d\u00f3lar blue\u00a0cerr\u00f3 a $1.190 en octubre y ya baj\u00f3 $310 (-20,7%)\u00a0desde el r\u00e9cord del 12 de julio, cuando lleg\u00f3 a los\u00a0$1.500, seg\u00fan el relevamiento de\u00a0\u00c1mbito. La\u00a0brecha\u00a0con el tipo de cambio mayorista se ubica en el 20%, m\u00ednimos de mayo. Con la fuerte oferta de divisas producto del\u00a0blanqueo de capitales, el tipo de cambio informal se [&hellip;]<\/p>\n","protected":false},"author":2,"featured_media":22338,"comment_status":"closed","ping_status":"closed","sticky":false,"template":"","format":"standard","meta":{"footnotes":""},"categories":[65],"tags":[],"class_list":{"0":"post-22337","1":"post","2":"type-post","3":"status-publish","4":"format-standard","5":"has-post-thumbnail","7":"category-economia"},"_links":{"self":[{"href":"https:\/\/radiobitacora.com.ar\/web\/wp-json\/wp\/v2\/posts\/22337","targetHints":{"allow":["GET"]}}],"collection":[{"href":"https:\/\/radiobitacora.com.ar\/web\/wp-json\/wp\/v2\/posts"}],"about":[{"href":"https:\/\/radiobitacora.com.ar\/web\/wp-json\/wp\/v2\/types\/post"}],"author":[{"embeddable":true,"href":"https:\/\/radiobitacora.com.ar\/web\/wp-json\/wp\/v2\/users\/2"}],"replies":[{"embeddable":true,"href":"https:\/\/radiobitacora.com.ar\/web\/wp-json\/wp\/v2\/comments?post=22337"}],"version-history":[{"count":0,"href":"https:\/\/radiobitacora.com.ar\/web\/wp-json\/wp\/v2\/posts\/22337\/revisions"}],"wp:featuredmedia":[{"embeddable":true,"href":"https:\/\/radiobitacora.com.ar\/web\/wp-json\/wp\/v2\/media\/22338"}],"wp:attachment":[{"href":"https:\/\/radiobitacora.com.ar\/web\/wp-json\/wp\/v2\/media?parent=22337"}],"wp:term":[{"taxonomy":"category","embeddable":true,"href":"https:\/\/radiobitacora.com.ar\/web\/wp-json\/wp\/v2\/categories?post=22337"},{"taxonomy":"post_tag","embeddable":true,"href":"https:\/\/radiobitacora.com.ar\/web\/wp-json\/wp\/v2\/tags?post=22337"}],"curies":[{"name":"wp","href":"https:\/\/api.w.org\/{rel}","templated":true}]}}