{"id":22353,"date":"2024-11-04T07:55:14","date_gmt":"2024-11-04T10:55:14","guid":{"rendered":"https:\/\/radiobitacora.com.ar\/web\/?p=22353"},"modified":"2024-11-04T07:55:14","modified_gmt":"2024-11-04T10:55:14","slug":"inflacion-por-debajo-de-3-en-octubre-el-dato-que-oculta-otros-desafios-segun-consultoras-privadas","status":"publish","type":"post","link":"https:\/\/radiobitacora.com.ar\/web\/2024\/11\/04\/inflacion-por-debajo-de-3-en-octubre-el-dato-que-oculta-otros-desafios-segun-consultoras-privadas\/","title":{"rendered":"Inflaci\u00f3n por debajo de 3% en octubre: el dato que oculta otros desaf\u00edos, seg\u00fan consultoras privadas"},"content":{"rendered":"<p class=\"paragraph\" data-mrf-recirculation=\"Links inline\">El Gobierno pudo festejar en\u00a0<a href=\"https:\/\/www.infobae.com\/economia\/2024\/10\/10\/la-inflacion-de-septiembre-fue-35-y-acumulo-209-en-el-ultimo-ano\/#:~:text=La%20inflaci%C3%B3n%20de%20septiembre%20fue%20de%203%2C5%25%20y,agosto%2C%20que%20hab%C3%ADa%20sido%20de%204%2C2%20por%20ciento.\" target=\"_blank\" rel=\"noopener noreferrer\" data-mrf-link=\"https:\/\/www.infobae.com\/economia\/2024\/10\/10\/la-inflacion-de-septiembre-fue-35-y-acumulo-209-en-el-ultimo-ano\/\">septiembre un \u00edndice de inflaci\u00f3n por debajo del 4%<\/a>\u00a0y, si se confirman las estimaciones de un conjunto de consultoras privadas que realizan sus propios relevamientos, es m\u00e1s que probable que en las pr\u00f3ximas semanas vuelva a festejar con el dato de octubre.<\/p>\n<p class=\"paragraph\" data-mrf-recirculation=\"Links inline\">Ser\u00eda cuando anuncie que el IPC habr\u00eda perforado el 3%, lo que implica que la inflaci\u00f3n qued\u00f3 apenas algunas d\u00e9cimas por encima de lo que llama \u201cla\u00a0<a href=\"https:\/\/www.infobae.com\/economia\/2024\/09\/24\/cual-es-la-inflacion-cero-a-la-que-aspira-llegar-javier-milei-como-condicion-para-desarmar-el-cepo-cambiario\/\" target=\"_blank\" rel=\"noopener noreferrer\" data-mrf-link=\"https:\/\/www.infobae.com\/economia\/2024\/09\/24\/cual-es-la-inflacion-cero-a-la-que-aspira-llegar-javier-milei-como-condicion-para-desarmar-el-cepo-cambiario\/\">inflaci\u00f3n inducida del programa econ\u00f3mico<\/a>\u201d. Es decir, la presi\u00f3n sobre los precios que genera la suba del d\u00f3lar oficial de 2% mensual m\u00e1s \u201cla inflaci\u00f3n importada\u201d.<\/p>\n<div class=\"inline ad-wrapper\">\n<div class=\"dfpAd ad-inline\">\n<div id=\"infobae\/economia\/nota\/inline\" class=\"infobae\/economia\/nota\/inline arcad\">\n<div id=\"google_ads_iframe_\/1058609\/infobae\/economia\/nota\/inline_0__container__\"><\/div>\n<\/div>\n<\/div>\n<\/div>\n<p class=\"paragraph\" data-mrf-recirculation=\"Links inline\">Es uno de los requisitos para levantar el cepo, medida que de todos modos sigue en el freezer a la espera de recibir fondos frescos, algo para lo que el ministro de Econom\u00eda,\u00a0<a href=\"https:\/\/www.infobae.com\/economia\/2024\/10\/23\/frente-a-inversores-privados-caputo-relativizo-la-importancia-de-un-acuerdo-con-el-fmi-y-aseguro-que-tiene-los-recursos-para-pagar-los-vencimientos\/\" target=\"_blank\" rel=\"noopener noreferrer\" data-mrf-link=\"https:\/\/www.infobae.com\/economia\/2024\/10\/23\/frente-a-inversores-privados-caputo-relativizo-la-importancia-de-un-acuerdo-con-el-fmi-y-aseguro-que-tiene-los-recursos-para-pagar-los-vencimientos\/\"><b>Luis Caputo<\/b><\/a>, parece no tener por ahora mucho apuro.<\/p>\n<div class=\"blockquote\">\n<blockquote class=\"color_figcaption\"><p>Al interior de la estad\u00edstica se advierte un dato que no alarma, pero llama a la mesura, es el nivel de inflaci\u00f3n n\u00facleo<\/p><\/blockquote>\n<\/div>\n<p class=\"paragraph\" data-mrf-recirculation=\"Links inline\">Pero ese dato, seg\u00fan esas mediciones que fueron recortando semana a semana durante octubre, viene con un lado B. Si bien el nivel general de inflaci\u00f3n retom\u00f3 el ritmo de desaceleraci\u00f3n -tras cuatro meses en los que no lograba perforar 4% mensual-, al interior de la estad\u00edstica se advierte un dato que no alarma, pero llama a la mesura. El nivel de inflaci\u00f3n n\u00facleo se ubica por encima del nivel general, es decir, por arriba de 3%, un fen\u00f3meno que no se verificaba al menos desde principios de a\u00f1o.<\/p>\n<div class=\"rawHTML raw_html \">\n<div id=\"ig-722d0edc-d12b-7cc1-a368-5d9abee032e0\" class=\"infogram-embed\" data-id=\"8f58eb68-e105-413c-a5a7-5c4e34ef7cf5\" data-type=\"interactive\" data-title=\"INFLACION MES Y ANUAL\" data-processed=\"1\"><iframe title=\"INFLACION MES Y ANUAL\" src=\"https:\/\/e.infogram.com\/8f58eb68-e105-413c-a5a7-5c4e34ef7cf5?parent_url=https%3A%2F%2Fwww.infobae.com%2Feconomia%2F2024%2F11%2F04%2Finflacion-por-debajo-de-3-en-octubre-el-dato-que-oculta-otros-desafios-segun-consultoras-privadas%2F&amp;src=embed#async_embed\" frameborder=\"0\" scrolling=\"no\" allowfullscreen=\"allowfullscreen\" data-mce-fragment=\"1\"><\/iframe><\/div>\n<\/div>\n<div class=\"inline_2_DSK ad-wrapper ad-desktop\">\n<div class=\"dfpAd ad-inline\">\n<div id=\"infobae\/economia\/nota\/inline_2_DSK\" class=\"infobae\/economia\/nota\/inline_2_DSK arcad up-show\"><\/div>\n<\/div>\n<\/div>\n<p class=\"paragraph\" data-mrf-recirculation=\"Links inline\">Esto porque la inflaci\u00f3n n\u00facleo es la variaci\u00f3n del conjunto de precios de la econom\u00eda que no est\u00e1n regulados ni son estacionales. Es, seg\u00fan los expertos, la medida m\u00e1s concreta del impulso inflacionario de una econom\u00eda.<\/p>\n<p class=\"paragraph\" data-mrf-recirculation=\"Links inline\">Ajuste de tarifas mediante, es decir, de precios regulados, la n\u00facleo tendi\u00f3 a ubicarse por debajo del IPC general. Pero el aumento en el precio de los servicios p\u00fablicos se ha moderado y tiene cada vez menos incidencia. De hecho, en octubre por ejemplo baj\u00f3 el gas.<\/p>\n<p class=\"paragraph\" data-mrf-recirculation=\"Links inline\">De ah\u00ed que los relevamientos privados anticipan esa inversi\u00f3n en los datos.<\/p>\n<div class=\"blockquote\">\n<blockquote class=\"color_figcaption\"><p>Seg\u00fan Camilo Tiscornia, \u201clos precios estacionales y los ajustes mucho menos perceptibles de tarifas ayudan a perforar el 3% pero para el proceso de baja de la n\u00facleo es algo m\u00e1s lento\u201d.<\/p><\/blockquote>\n<\/div>\n<p class=\"paragraph\" data-mrf-recirculation=\"Links inline\">En principio, las consultoras EcoGo, LyP, C&amp;T adem\u00e1s de OJF y Price Stats anticiparon un dato de inflaci\u00f3n entre 2,7% y 2,8% para octubre. Otras firmas, en cambio, como Equilibra o Analytica, anticipan un \u00edndice en torno al 3,2% para el mismo mes.<\/p>\n<div class=\" visual__image\"><picture><source srcset=\"https:\/\/www.infobae.com\/resizer\/v2\/IADU3FNPLRG6VKE6FUNU5XNDUY.jpg?auth=42f7637c763e7700a12c61dc179258641b6e8bc7b2f25535e1c76c2ba7e87702&amp;smart=true&amp;width=992&amp;height=558&amp;quality=85\" media=\"(min-width: 1000px)\" \/><source srcset=\"https:\/\/www.infobae.com\/resizer\/v2\/IADU3FNPLRG6VKE6FUNU5XNDUY.jpg?auth=42f7637c763e7700a12c61dc179258641b6e8bc7b2f25535e1c76c2ba7e87702&amp;smart=true&amp;width=768&amp;height=432&amp;quality=85\" media=\"(min-width: 768px)\" \/><source srcset=\"https:\/\/www.infobae.com\/resizer\/v2\/IADU3FNPLRG6VKE6FUNU5XNDUY.jpg?auth=42f7637c763e7700a12c61dc179258641b6e8bc7b2f25535e1c76c2ba7e87702&amp;smart=true&amp;width=577&amp;height=325&amp;quality=85\" media=\"(min-width: 580px)\" \/><source srcset=\"https:\/\/www.infobae.com\/resizer\/v2\/IADU3FNPLRG6VKE6FUNU5XNDUY.jpg?auth=42f7637c763e7700a12c61dc179258641b6e8bc7b2f25535e1c76c2ba7e87702&amp;smart=true&amp;width=420&amp;height=236&amp;quality=85\" media=\"(min-width: 350px)\" \/><source srcset=\"https:\/\/www.infobae.com\/resizer\/v2\/IADU3FNPLRG6VKE6FUNU5XNDUY.jpg?auth=42f7637c763e7700a12c61dc179258641b6e8bc7b2f25535e1c76c2ba7e87702&amp;smart=true&amp;width=350&amp;height=197&amp;quality=85\" media=\"(min-width: 80px)\" \/><img loading=\"lazy\" decoding=\"async\" class=\"global-image\" src=\"https:\/\/www.infobae.com\/resizer\/v2\/IADU3FNPLRG6VKE6FUNU5XNDUY.jpg?auth=42f7637c763e7700a12c61dc179258641b6e8bc7b2f25535e1c76c2ba7e87702&amp;smart=true&amp;width=350&amp;height=197&amp;quality=85\" alt=\"La inflaci\u00f3n n\u00facleo es la variaci\u00f3n del conjunto de precios de la econom\u00eda que no est\u00e1n regulados ni son estacionales (Foto: Bloomberg)\" width=\"4058\" height=\"2282\" \/><\/picture>La inflaci\u00f3n n\u00facleo es la variaci\u00f3n del conjunto de precios de la econom\u00eda que no est\u00e1n regulados ni son estacionales (Foto: Bloomberg)<\/div>\n<p class=\"paragraph\" data-mrf-recirculation=\"Links inline\">Pero en ambos grupos, algunas de ellas detectaron la inflaci\u00f3n n\u00facleo arriba de la inflaci\u00f3n general.<\/p>\n<p class=\"paragraph\" data-mrf-recirculation=\"Links inline\">\u201cEl relevamiento de precios minoristas de C&amp;T para la regi\u00f3n GBA present\u00f3 un alza mensual de 2,8% en octubre luego del 3,5% de septiembre, lo que constituy\u00f3 la menor desde noviembre de 2021. A su vez, la variaci\u00f3n interanual se redujo a 196,4%, siendo la m\u00e1s baja desde noviembre del a\u00f1o pasado\u201d, anticiparon en C&amp;T, de\u00a0<b>Mar\u00eda Castiglioni\u00a0<\/b>y<b>\u00a0Camilo Tiscornia<\/b>, que agreg\u00f3 que la inflaci\u00f3n n\u00facleo se ubic\u00f3 en 3,6 por ciento.<\/p>\n<p class=\"paragraph\" data-mrf-recirculation=\"Links inline\">\u201cLos precios estacionales y los ajustes mucho menos perceptibles de tarifas ayudan a perforar el 3%, pero para el proceso de baja de la inflaci\u00f3n n\u00facleo es algo m\u00e1s lento\u201d, explic\u00f3 Tiscornia a\u00a0<b>Infobae<\/b>.<\/p>\n<div class=\" visual__image\"><picture><source srcset=\"https:\/\/www.infobae.com\/resizer\/v2\/D2O2EFT66NA3JME2HZM4DZZBUA.jpg?auth=c7a3b839cbe38f00debad90748547ecde2ba90fad4c5e7cee1f4b778e6cb438d&amp;smart=true&amp;width=992&amp;height=744&amp;quality=85\" media=\"(min-width: 1000px)\" \/><source srcset=\"https:\/\/www.infobae.com\/resizer\/v2\/D2O2EFT66NA3JME2HZM4DZZBUA.jpg?auth=c7a3b839cbe38f00debad90748547ecde2ba90fad4c5e7cee1f4b778e6cb438d&amp;smart=true&amp;width=768&amp;height=576&amp;quality=85\" media=\"(min-width: 768px)\" \/><source srcset=\"https:\/\/www.infobae.com\/resizer\/v2\/D2O2EFT66NA3JME2HZM4DZZBUA.jpg?auth=c7a3b839cbe38f00debad90748547ecde2ba90fad4c5e7cee1f4b778e6cb438d&amp;smart=true&amp;width=577&amp;height=433&amp;quality=85\" media=\"(min-width: 580px)\" \/><source srcset=\"https:\/\/www.infobae.com\/resizer\/v2\/D2O2EFT66NA3JME2HZM4DZZBUA.jpg?auth=c7a3b839cbe38f00debad90748547ecde2ba90fad4c5e7cee1f4b778e6cb438d&amp;smart=true&amp;width=420&amp;height=315&amp;quality=85\" media=\"(min-width: 350px)\" \/><source srcset=\"https:\/\/www.infobae.com\/resizer\/v2\/D2O2EFT66NA3JME2HZM4DZZBUA.jpg?auth=c7a3b839cbe38f00debad90748547ecde2ba90fad4c5e7cee1f4b778e6cb438d&amp;smart=true&amp;width=350&amp;height=263&amp;quality=85\" media=\"(min-width: 80px)\" \/><img loading=\"lazy\" decoding=\"async\" class=\"global-image\" src=\"https:\/\/www.infobae.com\/resizer\/v2\/D2O2EFT66NA3JME2HZM4DZZBUA.jpg?auth=c7a3b839cbe38f00debad90748547ecde2ba90fad4c5e7cee1f4b778e6cb438d&amp;smart=true&amp;width=350&amp;height=263&amp;quality=85\" alt=\"Brecha en la variaci\u00f3n de la canasta de alimentos\" width=\"1920\" height=\"1433\" \/><\/picture>Brecha en la variaci\u00f3n de la canasta de alimentos<\/div>\n<p class=\"paragraph\" data-mrf-recirculation=\"Links inline\">Eso podr\u00eda repetirse en noviembre. Los precios estacionales suelen contribuir en ese mes a una baja del \u00edndice general, mientras que si bien entraron en vigencia nuevos aumentos de tarifas, esos incrementos tienen un tope de\u00a0<a href=\"https:\/\/www.infobae.com\/economia\/2024\/10\/31\/las-tarifas-de-luz-ahttps:\/\/www.infobae.com\/economia\/2024\/10\/31\/las-tarifas-de-luz-aumentaran-25-y-las-de-gas-27-en-noviembre\/umentaran-25-y-las-de-gas-27-en-noviembre\/\" target=\"_blank\" rel=\"noopener noreferrer\" data-mrf-link=\"https:\/\/www.infobae.com\/economia\/2024\/10\/31\/las-tarifas-de-luz-ahttps:\/\/www.infobae.com\/economia\/2024\/10\/31\/las-tarifas-de-luz-aumentaran-25-y-las-de-gas-27-en-noviembre\/umentaran-25-y-las-de-gas-27-en-noviembre\/\">2,7%, al menos en el caso del gas y la luz<\/a>.<\/p>\n<p class=\"paragraph\" data-mrf-recirculation=\"Links inline\">Tambi\u00e9n la consultora Equilibra, que midi\u00f3 una inflaci\u00f3n de 3,1%, registr\u00f3 que los precios que componen la inflaci\u00f3n n\u00facleo corrieron levemente por encima, en 3,3 por ciento.<\/p>\n<div class=\"blockquote\">\n<blockquote class=\"color_figcaption\"><p>La mediana de todas las mediciones privadas arroj\u00f3 para octubre 2,9 por ciento (Equilibra)<\/p><\/blockquote>\n<\/div>\n<p class=\"paragraph\" data-mrf-recirculation=\"Links inline\">Destac\u00f3 la consultora que la mediana de todas las mediciones privadas arroj\u00f3 para el mes pasado 2,9%, mientras que en el relevamiento de expectativas de mercado que publica el Banco Central esa proyecci\u00f3n se ubic\u00f3 en 3,4% para octubre.<\/p>\n<p class=\"paragraph\" data-mrf-recirculation=\"Links inline\">En la medici\u00f3n de la consultora de\u00a0<b>Orlando Ferreres\u00a0<\/b>y\u00a0<b>Fausto Spotorno<\/b>, en tanto, la inflaci\u00f3n de octubre fue de 2,7% mensual, lo que implica una suba interanual 179,8%, pero, en este caso, con los planetas alineados, ya que seg\u00fan OJF, la inflaci\u00f3n n\u00facleo, con 2,5%, se ubic\u00f3 por debajo del nivel general.<\/p>\n","protected":false},"excerpt":{"rendered":"<p>El Gobierno pudo festejar en\u00a0septiembre un \u00edndice de inflaci\u00f3n por debajo del 4%\u00a0y, si se confirman las estimaciones de un conjunto de consultoras privadas que realizan sus propios relevamientos, es m\u00e1s que probable que en las pr\u00f3ximas semanas vuelva a festejar con el dato de octubre. Ser\u00eda cuando anuncie que el IPC habr\u00eda perforado el [&hellip;]<\/p>\n","protected":false},"author":2,"featured_media":22354,"comment_status":"closed","ping_status":"closed","sticky":false,"template":"","format":"standard","meta":{"footnotes":""},"categories":[65],"tags":[],"class_list":{"0":"post-22353","1":"post","2":"type-post","3":"status-publish","4":"format-standard","5":"has-post-thumbnail","7":"category-economia"},"_links":{"self":[{"href":"https:\/\/radiobitacora.com.ar\/web\/wp-json\/wp\/v2\/posts\/22353","targetHints":{"allow":["GET"]}}],"collection":[{"href":"https:\/\/radiobitacora.com.ar\/web\/wp-json\/wp\/v2\/posts"}],"about":[{"href":"https:\/\/radiobitacora.com.ar\/web\/wp-json\/wp\/v2\/types\/post"}],"author":[{"embeddable":true,"href":"https:\/\/radiobitacora.com.ar\/web\/wp-json\/wp\/v2\/users\/2"}],"replies":[{"embeddable":true,"href":"https:\/\/radiobitacora.com.ar\/web\/wp-json\/wp\/v2\/comments?post=22353"}],"version-history":[{"count":0,"href":"https:\/\/radiobitacora.com.ar\/web\/wp-json\/wp\/v2\/posts\/22353\/revisions"}],"wp:featuredmedia":[{"embeddable":true,"href":"https:\/\/radiobitacora.com.ar\/web\/wp-json\/wp\/v2\/media\/22354"}],"wp:attachment":[{"href":"https:\/\/radiobitacora.com.ar\/web\/wp-json\/wp\/v2\/media?parent=22353"}],"wp:term":[{"taxonomy":"category","embeddable":true,"href":"https:\/\/radiobitacora.com.ar\/web\/wp-json\/wp\/v2\/categories?post=22353"},{"taxonomy":"post_tag","embeddable":true,"href":"https:\/\/radiobitacora.com.ar\/web\/wp-json\/wp\/v2\/tags?post=22353"}],"curies":[{"name":"wp","href":"https:\/\/api.w.org\/{rel}","templated":true}]}}