{"id":22356,"date":"2024-11-04T08:03:31","date_gmt":"2024-11-04T11:03:31","guid":{"rendered":"https:\/\/radiobitacora.com.ar\/web\/?p=22356"},"modified":"2024-11-04T08:03:31","modified_gmt":"2024-11-04T11:03:31","slug":"privatizaciones-hasta-ahora-el-gobierno-detecto-129-empresas-donde-el-estado-tiene-participacion","status":"publish","type":"post","link":"https:\/\/radiobitacora.com.ar\/web\/2024\/11\/04\/privatizaciones-hasta-ahora-el-gobierno-detecto-129-empresas-donde-el-estado-tiene-participacion\/","title":{"rendered":"Privatizaciones: hasta ahora el Gobierno detect\u00f3 129 empresas donde el Estado tiene participaci\u00f3n"},"content":{"rendered":"<article class=\"article-body article-body--first-paragraph content-protected-false\" data-td-script-src=\"https:\/\/www.ambito.com\/td\/modulos\/encuestas\/js\/function-embeds-min-version-1730606792.js\">La Agencia de Transformaci\u00f3n de Empresas P\u00fablicas\u00a0<strong>sigue incorporando compa\u00f1\u00edas estatales que ser\u00e1n\u00a0<\/strong><a href=\"https:\/\/www.ambito.com\/politica\/mientras-avanza-la-privatizacion-gobierno-designo-funcionario-clave-el-directorio-aerolineas-argentinas-n6076044\" target=\"_blank\" rel=\"follow noopener\">transferidas al sector privado\u00a0<\/a>mediante distintos mecanismos. En la actualidad, el \u00e1rea que dirige\u00a0<strong>Diego Chaher<\/strong>\u00a0tiene bajo an\u00e1lisis el destino de 62 empresas en las que el Estado tiene participaci\u00f3n mayoritaria, otras 59 en las que cuenta con una presencia minoritaria y otras 8 en proceso de liquidaci\u00f3n, seg\u00fan el listado al que\u00a0<strong>tuvo acceso exclusivo \u00c1mbito<\/strong>.<\/p>\n<\/article>\n<article class=\"article-body article-body--second-paragraph content-protected-false\">Se trata, hasta el momento, de 129 empresas de todo tipo de las que piensa retirarse el Estado apelando a distintos procedimientos.\u00a0<strong>\u201cY, puede haber m\u00e1s\u201d<\/strong>, confiesan en el entorno presidencial.<\/p>\n<\/article>\n<article class=\"article-body article-body--third-paragraph content-protected-false\">Las compa\u00f1\u00edas m\u00e1s relevantes bajo estudio son, entre otras,\u00a0<strong><a href=\"https:\/\/www.ambito.com\/politica\/privatizacion-aerolineas-comienza-el-debate-el-congreso-plenario-comisiones-n6075642\" target=\"_blank\" rel=\"follow noopener\">Aerol\u00edneas Argentinas<\/a>, Intercargo, Administraci\u00f3n General de Puertos, Concesiones Viales<\/strong>, media docena de empresas de ferrocarriles,\u00a0<strong>ARSAT, ENARSA, IMPSA, Casa de Moneda<\/strong>, los bancos\u00a0<strong>Naci\u00f3n, Hipotecario y BICE<\/strong>,\u00a0<strong>Fabricaciones Militares, Tandanor, Aguas y Saneamiento (AySA) y la Televisi\u00f3n P\u00fablica.<\/strong><\/p>\n<\/article>\n<article class=\"article-body article-body--fourth-paragraph content-protected-false\">\n<div id=\"8001443-Libre-1865597402_wrap\" class=\"embed_cont type_imagen\" contenteditable=\"false\">\n<div id=\"8001443-Libre-1865597402_content\" class=\"embed_content\"><img decoding=\"async\" id=\"8001443-Libre-1865597402_embed\" title=\"\" src=\"https:\/\/media.ambito.com\/p\/7651e8d1afa12b2c893d8bc620afc96e\/adjuntos\/239\/imagenes\/041\/939\/0041939650\/730x0\/smart\/cuadro-01-privatizacion.jpg\" alt=\"\" width=\"730\" height=\"undefined\" data-td-src-property=\"https:\/\/media.ambito.com\/p\/7651e8d1afa12b2c893d8bc620afc96e\/adjuntos\/239\/imagenes\/041\/939\/0041939650\/730x0\/smart\/cuadro-01-privatizacion.jpg\" \/><\/div>\n<\/div>\n<p><strong>El criterio que manejan las autoridades a cargo del \u00e1rea va m\u00e1s all\u00e1 del simple proceso de privatizaci\u00f3n.<\/strong>\u00a0De manera sint\u00e9tica, apunta a analizar la situaci\u00f3n de cada una de estas empresas, ver qu\u00e9 segmentos tienen valor y evaluar las mejores formas para que estas actividades pasen al sector privado. Aunque tambi\u00e9n la intenci\u00f3n es usar estos activos para\u00a0<strong>canjear deudas que tiene la Naci\u00f3n con las provincias.<\/strong><\/p>\n<\/article>\n<article class=\"article-body article-body--remaining-paragraph content-protected-false\"><a href=\"https:\/\/www.ambito.com\/politica\/el-gobierno-javier-milei-presento-un-regimen-reparacion-federal-trabajar-junto-las-provincias-n6077068\" target=\"_blank\" rel=\"follow noopener\">La intenci\u00f3n es &#8220;ordenar las cuentas de Naci\u00f3n y de las provincias\u201d<\/a>, dijo d\u00edas atr\u00e1s el vicejefe de Gabinete del Interior,\u00a0<strong>Lisandro Catal\u00e1n.<\/strong>\u00a0El objetivo oficial es netear las deudas entre la Naci\u00f3n y las provincias, aunque \u201csin plata\u201d. Esta es la raz\u00f3n por la cual la negociaci\u00f3n estar\u00e1 abierta a todo tipo de propuestas.<\/p>\n<div id=\"8001444-Libre-1416052074_wrap\" class=\"embed_cont type_imagen\" contenteditable=\"false\">\n<div id=\"8001444-Libre-1416052074_content\" class=\"embed_content\"><img decoding=\"async\" id=\"8001444-Libre-1416052074_embed\" title=\"\" src=\"https:\/\/media.ambito.com\/p\/aeb42df5f67e6b2f1648d56dcd029ccb\/adjuntos\/239\/imagenes\/041\/939\/0041939651\/730x0\/smart\/cuadro-02-privatizacion.jpg\" alt=\"\" width=\"730\" height=\"undefined\" data-td-src-property=\"https:\/\/media.ambito.com\/p\/aeb42df5f67e6b2f1648d56dcd029ccb\/adjuntos\/239\/imagenes\/041\/939\/0041939651\/730x0\/smart\/cuadro-02-privatizacion.jpg\" \/><\/div>\n<\/div>\n<p>En la mesa de negociaci\u00f3n se evaluar\u00e1 el pago de deudas de la Naci\u00f3n con herramientas como: transferencias de empresas nacionales cuya actividad se desarrolla en la provincia; acciones de empresas nacionales; terrenos fiscales, o rutas nacionales que luego \u201csirven a las provincias para concesionar y mejorar su infraestructura&#8221;, explic\u00f3. Bajo este paraguas, y a modo de ejemplo<strong>,\u00a0<\/strong>por caso, C\u00f3rdoba se mostr\u00f3 interesada en la F\u00e1brica Argentina de Aviones.<\/p>\n<p>El gobierno de\u00a0<strong>Milei aspira a que la mayor\u00eda de las empresas estatales pasen a manos privadas<\/strong>, incluso cuando se utilicen como pago de las deudas de la Naci\u00f3n con las provincias y ser\u00e1 un punto que se pondr\u00e1 en la mesa de negociaci\u00f3n.<\/p>\n<div id=\"8001445-Libre-910198079_wrap\" class=\"embed_cont type_imagen\" contenteditable=\"false\">\n<div id=\"8001445-Libre-910198079_content\" class=\"embed_content\"><img decoding=\"async\" id=\"8001445-Libre-910198079_embed\" title=\"\" src=\"https:\/\/media.ambito.com\/p\/4ab162953448dc5ae895f67b9e92575f\/adjuntos\/239\/imagenes\/041\/939\/0041939652\/730x0\/smart\/cuadro-03-privatizacion.jpg\" alt=\"\" width=\"730\" height=\"undefined\" data-td-src-property=\"https:\/\/media.ambito.com\/p\/4ab162953448dc5ae895f67b9e92575f\/adjuntos\/239\/imagenes\/041\/939\/0041939652\/730x0\/smart\/cuadro-03-privatizacion.jpg\" \/><\/div>\n<\/div>\n<h2><strong>Cu\u00e1les son las seis herramientas para este proceso<\/strong><\/h2>\n<p>Por lo pronto, son seis los mecanismos que se piensan aplicar:<\/p>\n<ol>\n<li><strong>Oferta p\u00fablica inicial:<\/strong>\u00a0para recaudar fondos a trav\u00e9s de una cotizaci\u00f3n en el mercado de valores. Podr\u00e1 ser total o parcial, venta de acciones, aumento de capital, licitaci\u00f3n u oferta p\u00fablica.<\/li>\n<li><strong>Concesi\u00f3n:<\/strong>\u00a0de empresas o unidades.<\/li>\n<li><strong>Transformaci\u00f3n:<\/strong>\u00a0escisiones patrimoniales, venta de activos prescindibles, cesi\u00f3n de unidades no estrat\u00e9gicas.\u00b7<\/li>\n<li><strong>Cesi\u00f3n:<\/strong>\u00a0a las provincias.<\/li>\n<li><strong>Cierre:<\/strong>\u00a0cierre operativo, liquidaci\u00f3n, fusi\u00f3n por absorci\u00f3n.<\/li>\n<li><strong>Socios estrat\u00e9gicos:<\/strong>\u00a0contratos asociativos.<\/li>\n<\/ol>\n<h2><strong>Traspaso a las provincias<\/strong><\/h2>\n<p>Tambi\u00e9n la intenci\u00f3n oficial es usar estos activos para canjear deudas que tiene la Naci\u00f3n con las provincias. En este caso la herramienta fue anunciada la semana pasada por el vicejefe de Gabinete del Interior, Lisandro Catal\u00e1n.<\/p>\n<p>El objetivo oficial es\u00a0<strong>&#8220;ordenar las cuentas de Naci\u00f3n y de las provincias\u201d.<\/strong>\u00a0El ministerio de Econom\u00eda y las autoridades provinciales netearan las deudas y la diferencia se saldar\u00e1n con activos estatales ya que, como dice Milei \u201cno \u201cplata\u201d. Esta es la principal causa por la cual las autoridades estar\u00e1n abiertos a todo tipo de propuestas que puedan sugerir las provincias.<\/p>\n<p>Con todo, cabe se\u00f1alar que el deseo del gobierno del presidente Javier Milei no es que las compa\u00f1\u00edas hoy en poder del Estado Nacional pasen a la \u00f3rbita de los estados provinciales, sino que las administraciones del interior colaboren con el proceso de privatizaci\u00f3n, seg\u00fan se\u00f1alan en fuentes oficiales.<\/p>\n<p>En el entorno del jefe de Estado aseguran que con las privatizaciones se cerrar\u00e1<strong>\u00a0\u201cuna fuente de ingresos de los pol\u00edticos corruptos\u201d.<\/strong><\/p>\n<p>El primer mandatario considera que el traspaso a manos privadas de las empresas hoy manejadas por el sector p\u00fablico es una parte fundamental de su lucha \u201ccontra la casta pol\u00edtica\u201d. Es m\u00e1s, explican en el entorno presidencial, \u201caunque la empresa sea superavitaria, igual se traspasar\u00e1 al sector privado porque si siguiera en la \u00f3rbita p\u00fablica, los pol\u00edticos corruptos volver\u00edan a hacerla deficitaria\u201d.<\/p>\n<p>Sin embargo, el prop\u00f3sito de sanear las cuentas p\u00fablicas y solucionar los pasivos que la Naci\u00f3n tiene con las provincias tornar\u00e1 en la pr\u00e1ctica que el pragmatismo participe en la mesa de las negociaciones al momento de netear pasivos.<\/p>\n<p><strong>Hasta el momento estas son las \u00faltimas novedades en el avance de las privatizaciones la materia es:<\/strong><\/p>\n<h3>Reciben ofertas por IMPSA<\/h3>\n<p>Hasta el 31 de octubre pasado se recibieron ofertas por la licitaci\u00f3n del 100% de las acciones del Estado en Industrias Metal\u00fargicas Pescarmona (IMPSA). Se estima que en 15 d\u00edas estar\u00e1n los resultados.<\/p>\n<h3>OPTAR para los empleados<\/h3>\n<p>Operador Mayorista de Servicios Tur\u00edsticos (OPTAR), compa\u00f1\u00eda que se encarga de la venta de pasajes de diversas compa\u00f1\u00edas a\u00e9reas, fundamentalmente Aerol\u00edneas Argentinas, podr\u00eda ser el primer caso de una firma que es cedida por el Estado a los empleados que son cerca de 20.<\/p>\n<h3>Cierran COVIARA<\/h3>\n<p>El Gobierno habr\u00eda resuelto el cierre de Construcci\u00f3n de Vivienda para la Armada (COVIARA) dedicada a la construcci\u00f3n, adquisici\u00f3n y adjudicaci\u00f3n de viviendas para el personal del Estado Mayor General de la Armada, la Prefectura Naval Argentina y el Ministerio de Defensa.<\/p>\n<h3>AYSA, NASA y ARSAT a la Bolsa<\/h3>\n<p>La intenci\u00f3n del Poder Ejecutivo es ampliar la participaci\u00f3n privada en las empresas Agua y Saneamientos Argentinos, la empresa de telecomunicaciones ARSAT y Nucleoel\u00e9ctrica Argentina, se\u00f1alan fuentes gubernamentales, mediante la colocaci\u00f3n de acciones en el mercado burs\u00e1til.<\/p>\n<h3>Reperfilamiento de TANDANOR<\/h3>\n<p>La evaluaci\u00f3n oficial es que la empresa Talleres Navales D\u00e1rsena Norte (TANDANOR) tiene potencial en la medida que se la proyecte como proveedora de buques para el mercado internacional. En consecuencia, descartan un cierre o desguace y est\u00e1n convocando especialistas para evaluar alternativas.<\/p>\n<h3>La estrategia de YPF<\/h3>\n<p>La estrategia de YPF \u201cpone el foco en la rentabilidad\u201d, se\u00f1al\u00f3 el titular de la petrolera, Horacio Mar\u00edn, en el discurso que dio esta semana ante los empresarios del Consejo Interamericano de Comercio y Producci\u00f3n (CICYP), exposici\u00f3n que fue interrumpida por numerosos aplausos. En este sentido, la compa\u00f1\u00eda contempla vender YPF Chile, YPF Brasil, Refinor y MetroGAS. Tambi\u00e9n se plantea el potencial spin off de YPF Agro e YPF Arenas.<\/p>\n<p>Se prev\u00e9 poner el foco en los desarrollos tecnol\u00f3gicos -YTEC- y potenciar Profertil -el objetivo es dejar de importar urea- e YPF Luz, tercer generador de energ\u00eda el\u00e9ctrica del pa\u00eds y segundo en renovables.<\/p>\n<p>En tren de obtener beneficios, Mar\u00edn coment\u00f3 que la empresa petrolera tiene como uno de sus renglones m\u00e1s rentables las estaciones de servicios donde vende un mill\u00f3n de pelotas de f\u00fatbol y aspira a ganarle a Mc Donald\u00b4s el liderazgo en la venta de hamburguesas.<\/p>\n<\/article>\n","protected":false},"excerpt":{"rendered":"<p>La Agencia de Transformaci\u00f3n de Empresas P\u00fablicas\u00a0sigue incorporando compa\u00f1\u00edas estatales que ser\u00e1n\u00a0transferidas al sector privado\u00a0mediante distintos mecanismos. En la actualidad, el \u00e1rea que dirige\u00a0Diego Chaher\u00a0tiene bajo an\u00e1lisis el destino de 62 empresas en las que el Estado tiene participaci\u00f3n mayoritaria, otras 59 en las que cuenta con una presencia minoritaria y otras 8 en proceso [&hellip;]<\/p>\n","protected":false},"author":2,"featured_media":22357,"comment_status":"closed","ping_status":"closed","sticky":false,"template":"","format":"standard","meta":{"footnotes":""},"categories":[65],"tags":[],"class_list":{"0":"post-22356","1":"post","2":"type-post","3":"status-publish","4":"format-standard","5":"has-post-thumbnail","7":"category-economia"},"_links":{"self":[{"href":"https:\/\/radiobitacora.com.ar\/web\/wp-json\/wp\/v2\/posts\/22356","targetHints":{"allow":["GET"]}}],"collection":[{"href":"https:\/\/radiobitacora.com.ar\/web\/wp-json\/wp\/v2\/posts"}],"about":[{"href":"https:\/\/radiobitacora.com.ar\/web\/wp-json\/wp\/v2\/types\/post"}],"author":[{"embeddable":true,"href":"https:\/\/radiobitacora.com.ar\/web\/wp-json\/wp\/v2\/users\/2"}],"replies":[{"embeddable":true,"href":"https:\/\/radiobitacora.com.ar\/web\/wp-json\/wp\/v2\/comments?post=22356"}],"version-history":[{"count":0,"href":"https:\/\/radiobitacora.com.ar\/web\/wp-json\/wp\/v2\/posts\/22356\/revisions"}],"wp:featuredmedia":[{"embeddable":true,"href":"https:\/\/radiobitacora.com.ar\/web\/wp-json\/wp\/v2\/media\/22357"}],"wp:attachment":[{"href":"https:\/\/radiobitacora.com.ar\/web\/wp-json\/wp\/v2\/media?parent=22356"}],"wp:term":[{"taxonomy":"category","embeddable":true,"href":"https:\/\/radiobitacora.com.ar\/web\/wp-json\/wp\/v2\/categories?post=22356"},{"taxonomy":"post_tag","embeddable":true,"href":"https:\/\/radiobitacora.com.ar\/web\/wp-json\/wp\/v2\/tags?post=22356"}],"curies":[{"name":"wp","href":"https:\/\/api.w.org\/{rel}","templated":true}]}}