{"id":22362,"date":"2024-11-04T08:15:37","date_gmt":"2024-11-04T11:15:37","guid":{"rendered":"https:\/\/radiobitacora.com.ar\/web\/?p=22362"},"modified":"2024-11-04T08:15:37","modified_gmt":"2024-11-04T11:15:37","slug":"lanzamiento-oficial-de-ricardo-la-marca-es-eco-y-el-piloto-soy-yo","status":"publish","type":"post","link":"https:\/\/radiobitacora.com.ar\/web\/2024\/11\/04\/lanzamiento-oficial-de-ricardo-la-marca-es-eco-y-el-piloto-soy-yo\/","title":{"rendered":"Lanzamiento oficial de Ricardo: &#8220;La marca es ECO y el piloto soy yo&#8221;"},"content":{"rendered":"<article class=\"articulo\" data-id=\"67280c253bdf830014e6a76e\">\n<div class=\"articulo__container\">\n<div class=\"articulo__body\">\n<div class=\"articulo__cuerpo\">\n<p>El exgobernador Ricardo Colombi mostr\u00f3 este domingo su fuerza en su primer acto pol\u00edtico a sal\u00f3n lleno en la localidad de Bella Vista. &#8220;La marca para el futuro es ECO (Encuentro por Corrientes), el motor son ustedes y el piloto quien les habla Horacio Ricardo Colombi&#8221;, dijo para cerrar el acto ante un ensordecedor aplauso.<\/p>\n<div class=\"container-spot\" data-tipo=\"tipo_todo\" data-pos=\"NEW_P1_cuerpo\"><\/div>\n<p>En el sal\u00f3n Maria Olivetti del Aero Club de Bella Vista, Colombi reuni\u00f3 a militantes de toda la provincia para iniciar la campa\u00f1a rumbo a 2025. &#8220;Vuelve Ricardo Colombi, vuelve. Ricardo Colombi gobernador. Nos sac\u00f3 de la crisis y con la gente hicimos un cambio para mejor. Vuelve Ricardo Colombi, vuelve. Ricardo Colombi gobernador&#8221;, es el jingle con el que se present\u00f3 el actual senador provincial.<\/p>\n<p>En las redes sociales las cuentas oficiales ricardocolombiok y\u00a0<a class=\"link\" href=\"https:\/\/www.instagram.com\/vuelvericardo2025\/#\" target=\"_blank\" rel=\"noopener\">vuelvericardo2025<\/a>\u00a0reprodujeron parte del discurso del exmandatario y muestran un sal\u00f3n repleto de militantes.<\/p>\n<div class=\"container-spot\" data-tipo=\"tipo_todo\" data-pos=\"NEW_P2_cuerpo\"><\/div>\n<p>Colombi es el primer candidato en iniciar la campa\u00f1a 2025, dentro de ECO\u00a0(Encuentro por Corrientes) y la UCR, que fue intervenida por el Comit\u00e9 Nacional y cuyo interventor asumir\u00eda esta semana con el objetivo de convocar a internas.<\/p>\n<p>&nbsp;<\/p>\n<p><iframe class=\"i-amphtml-fill-content\" title=\"Instagram: null\" src=\"https:\/\/www.instagram.com\/p\/DB7Inm0yGx8\/embed\/?cr=1&amp;v=12\" frameborder=\"0\" scrolling=\"no\" data-mce-fragment=\"1\"><\/iframe>&nbsp;<\/p>\n<\/div>\n<\/div>\n<\/div>\n<\/article>\n","protected":false},"excerpt":{"rendered":"<p>El exgobernador Ricardo Colombi mostr\u00f3 este domingo su fuerza en su primer acto pol\u00edtico a sal\u00f3n lleno en la localidad de Bella Vista. &#8220;La marca para el futuro es ECO (Encuentro por Corrientes), el motor son ustedes y el piloto quien les habla Horacio Ricardo Colombi&#8221;, dijo para cerrar el acto ante un ensordecedor aplauso. [&hellip;]<\/p>\n","protected":false},"author":2,"featured_media":22363,"comment_status":"closed","ping_status":"closed","sticky":false,"template":"","format":"standard","meta":{"footnotes":""},"categories":[79],"tags":[],"class_list":{"0":"post-22362","1":"post","2":"type-post","3":"status-publish","4":"format-standard","5":"has-post-thumbnail","7":"category-politica"},"_links":{"self":[{"href":"https:\/\/radiobitacora.com.ar\/web\/wp-json\/wp\/v2\/posts\/22362","targetHints":{"allow":["GET"]}}],"collection":[{"href":"https:\/\/radiobitacora.com.ar\/web\/wp-json\/wp\/v2\/posts"}],"about":[{"href":"https:\/\/radiobitacora.com.ar\/web\/wp-json\/wp\/v2\/types\/post"}],"author":[{"embeddable":true,"href":"https:\/\/radiobitacora.com.ar\/web\/wp-json\/wp\/v2\/users\/2"}],"replies":[{"embeddable":true,"href":"https:\/\/radiobitacora.com.ar\/web\/wp-json\/wp\/v2\/comments?post=22362"}],"version-history":[{"count":0,"href":"https:\/\/radiobitacora.com.ar\/web\/wp-json\/wp\/v2\/posts\/22362\/revisions"}],"wp:featuredmedia":[{"embeddable":true,"href":"https:\/\/radiobitacora.com.ar\/web\/wp-json\/wp\/v2\/media\/22363"}],"wp:attachment":[{"href":"https:\/\/radiobitacora.com.ar\/web\/wp-json\/wp\/v2\/media?parent=22362"}],"wp:term":[{"taxonomy":"category","embeddable":true,"href":"https:\/\/radiobitacora.com.ar\/web\/wp-json\/wp\/v2\/categories?post=22362"},{"taxonomy":"post_tag","embeddable":true,"href":"https:\/\/radiobitacora.com.ar\/web\/wp-json\/wp\/v2\/tags?post=22362"}],"curies":[{"name":"wp","href":"https:\/\/api.w.org\/{rel}","templated":true}]}}