{"id":22368,"date":"2024-11-04T08:34:05","date_gmt":"2024-11-04T11:34:05","guid":{"rendered":"https:\/\/radiobitacora.com.ar\/web\/?p=22368"},"modified":"2024-11-04T08:34:05","modified_gmt":"2024-11-04T11:34:05","slug":"en-el-parque-industrial-el-intendente-mariano-hormaechea-acompano-la-visita-tecnica-a-la-planta-frigorifica-de-la-empresa-aguma-trading-s-a","status":"publish","type":"post","link":"https:\/\/radiobitacora.com.ar\/web\/2024\/11\/04\/en-el-parque-industrial-el-intendente-mariano-hormaechea-acompano-la-visita-tecnica-a-la-planta-frigorifica-de-la-empresa-aguma-trading-s-a\/","title":{"rendered":"EN EL PARQUE INDUSTRIAL: EL INTENDENTE MARIANO HORMAECHEA ACOMPA\u00d1\u00d3 LA VISITA T\u00c9CNICA A LA PLANTA FRIGOR\u00cdFICA DE LA EMPRESA AGUMA TRADING S.A"},"content":{"rendered":"<p>Esta planta, pronto a terminarse, posibilitar\u00e1 la generaci\u00f3n de fuentes de trabajo para personal de la ciudad.<\/p>\n<p>En la misma se vuelca una importante inversi\u00f3n por parte de empresarios goyanos.<\/p>\n<p>De la mencionada recorrida por la planta frigor\u00edfica particip\u00f3 el intendente junto al equipo t\u00e9cnico del municipio, el secretario de Producci\u00f3n Valerio Ram\u00edrez, la secretaria de Industria Mar\u00eda Paz Lampugnani, la subsecretaria de Planeamiento Luisina Leyes, el director de Bromatolog\u00eda Dr. Pedro Depiaggio, junto al coordinador del INTI Iv\u00e1n Churruarin.<\/p>\n<p><img loading=\"lazy\" decoding=\"async\" class=\"alignnone wp-image-70089 entered lazyloaded\" src=\"https:\/\/883radiociudad.gob.ar\/wp-content\/uploads\/2024\/11\/visita-Planta-Frigorifica-4-300x200.jpg.webp\" sizes=\"auto, (max-width: 252px) 100vw, 252px\" srcset=\"https:\/\/883radiociudad.gob.ar\/wp-content\/uploads\/2024\/11\/visita-Planta-Frigorifica-4-300x200.jpg.webp 300w, https:\/\/883radiociudad.gob.ar\/wp-content\/uploads\/2024\/11\/visita-Planta-Frigorifica-4-1024x682.jpg.webp 1024w, https:\/\/883radiociudad.gob.ar\/wp-content\/uploads\/2024\/11\/visita-Planta-Frigorifica-4-768x512.jpg.webp 768w, https:\/\/883radiociudad.gob.ar\/wp-content\/uploads\/2024\/11\/visita-Planta-Frigorifica-4-1536x1023.jpg.webp 1536w, https:\/\/883radiociudad.gob.ar\/wp-content\/uploads\/2024\/11\/visita-Planta-Frigorifica-4.jpg.webp 1600w\" alt=\"\" width=\"252\" height=\"168\" data-lazy-srcset=\"https:\/\/883radiociudad.gob.ar\/wp-content\/uploads\/2024\/11\/visita-Planta-Frigorifica-4-300x200.jpg.webp 300w, https:\/\/883radiociudad.gob.ar\/wp-content\/uploads\/2024\/11\/visita-Planta-Frigorifica-4-1024x682.jpg.webp 1024w, https:\/\/883radiociudad.gob.ar\/wp-content\/uploads\/2024\/11\/visita-Planta-Frigorifica-4-768x512.jpg.webp 768w, https:\/\/883radiociudad.gob.ar\/wp-content\/uploads\/2024\/11\/visita-Planta-Frigorifica-4-1536x1023.jpg.webp 1536w, https:\/\/883radiociudad.gob.ar\/wp-content\/uploads\/2024\/11\/visita-Planta-Frigorifica-4.jpg.webp 1600w\" data-lazy-sizes=\"(max-width: 252px) 100vw, 252px\" data-lazy-src=\"https:\/\/883radiociudad.gob.ar\/wp-content\/uploads\/2024\/11\/visita-Planta-Frigorifica-4-300x200.jpg.webp\" data-lazy-src-webp=\"https:\/\/883radiociudad.gob.ar\/wp-content\/uploads\/2024\/11\/visita-Planta-Frigorifica-4-300x200.jpg.webp\" data-lazy-srcset-webp=\"https:\/\/883radiociudad.gob.ar\/wp-content\/uploads\/2024\/11\/visita-Planta-Frigorifica-4-300x200.jpg.webp 300w, https:\/\/883radiociudad.gob.ar\/wp-content\/uploads\/2024\/11\/visita-Planta-Frigorifica-4-1024x682.jpg.webp 1024w, https:\/\/883radiociudad.gob.ar\/wp-content\/uploads\/2024\/11\/visita-Planta-Frigorifica-4-768x512.jpg.webp 768w, https:\/\/883radiociudad.gob.ar\/wp-content\/uploads\/2024\/11\/visita-Planta-Frigorifica-4-1536x1023.jpg.webp 1536w, https:\/\/883radiociudad.gob.ar\/wp-content\/uploads\/2024\/11\/visita-Planta-Frigorifica-4.jpg.webp 1600w\" data-ll-status=\"loaded\" \/>\u00a0<img loading=\"lazy\" decoding=\"async\" class=\"alignnone wp-image-70087 entered lazyloaded\" src=\"https:\/\/883radiociudad.gob.ar\/wp-content\/uploads\/2024\/11\/visita-Planta-Frigorifica-7-300x200.jpg.webp\" sizes=\"auto, (max-width: 245px) 100vw, 245px\" srcset=\"https:\/\/883radiociudad.gob.ar\/wp-content\/uploads\/2024\/11\/visita-Planta-Frigorifica-7-300x200.jpg.webp 300w, https:\/\/883radiociudad.gob.ar\/wp-content\/uploads\/2024\/11\/visita-Planta-Frigorifica-7-1024x682.jpg.webp 1024w, https:\/\/883radiociudad.gob.ar\/wp-content\/uploads\/2024\/11\/visita-Planta-Frigorifica-7-768x512.jpg.webp 768w, https:\/\/883radiociudad.gob.ar\/wp-content\/uploads\/2024\/11\/visita-Planta-Frigorifica-7-1536x1023.jpg.webp 1536w, https:\/\/883radiociudad.gob.ar\/wp-content\/uploads\/2024\/11\/visita-Planta-Frigorifica-7-1280x845.jpg.webp 1280w, https:\/\/883radiociudad.gob.ar\/wp-content\/uploads\/2024\/11\/visita-Planta-Frigorifica-7-720x475.jpg.webp 720w, https:\/\/883radiociudad.gob.ar\/wp-content\/uploads\/2024\/11\/visita-Planta-Frigorifica-7.jpg.webp 1600w\" alt=\"\" width=\"245\" height=\"163\" data-lazy-srcset=\"https:\/\/883radiociudad.gob.ar\/wp-content\/uploads\/2024\/11\/visita-Planta-Frigorifica-7-300x200.jpg.webp 300w, https:\/\/883radiociudad.gob.ar\/wp-content\/uploads\/2024\/11\/visita-Planta-Frigorifica-7-1024x682.jpg.webp 1024w, https:\/\/883radiociudad.gob.ar\/wp-content\/uploads\/2024\/11\/visita-Planta-Frigorifica-7-768x512.jpg.webp 768w, https:\/\/883radiociudad.gob.ar\/wp-content\/uploads\/2024\/11\/visita-Planta-Frigorifica-7-1536x1023.jpg.webp 1536w, https:\/\/883radiociudad.gob.ar\/wp-content\/uploads\/2024\/11\/visita-Planta-Frigorifica-7-1280x845.jpg.webp 1280w, https:\/\/883radiociudad.gob.ar\/wp-content\/uploads\/2024\/11\/visita-Planta-Frigorifica-7-720x475.jpg.webp 720w, https:\/\/883radiociudad.gob.ar\/wp-content\/uploads\/2024\/11\/visita-Planta-Frigorifica-7.jpg.webp 1600w\" data-lazy-sizes=\"(max-width: 245px) 100vw, 245px\" data-lazy-src=\"https:\/\/883radiociudad.gob.ar\/wp-content\/uploads\/2024\/11\/visita-Planta-Frigorifica-7-300x200.jpg.webp\" data-lazy-src-webp=\"https:\/\/883radiociudad.gob.ar\/wp-content\/uploads\/2024\/11\/visita-Planta-Frigorifica-7-300x200.jpg.webp\" data-lazy-srcset-webp=\"https:\/\/883radiociudad.gob.ar\/wp-content\/uploads\/2024\/11\/visita-Planta-Frigorifica-7-300x200.jpg.webp 300w, https:\/\/883radiociudad.gob.ar\/wp-content\/uploads\/2024\/11\/visita-Planta-Frigorifica-7-1024x682.jpg.webp 1024w, https:\/\/883radiociudad.gob.ar\/wp-content\/uploads\/2024\/11\/visita-Planta-Frigorifica-7-768x512.jpg.webp 768w, https:\/\/883radiociudad.gob.ar\/wp-content\/uploads\/2024\/11\/visita-Planta-Frigorifica-7-1536x1023.jpg.webp 1536w, https:\/\/883radiociudad.gob.ar\/wp-content\/uploads\/2024\/11\/visita-Planta-Frigorifica-7-1280x845.jpg.webp 1280w, https:\/\/883radiociudad.gob.ar\/wp-content\/uploads\/2024\/11\/visita-Planta-Frigorifica-7-720x475.jpg.webp 720w, https:\/\/883radiociudad.gob.ar\/wp-content\/uploads\/2024\/11\/visita-Planta-Frigorifica-7.jpg.webp 1600w\" data-ll-status=\"loaded\" \/>\u00a0<img loading=\"lazy\" decoding=\"async\" class=\"alignnone wp-image-70088 entered lazyloaded\" src=\"https:\/\/883radiociudad.gob.ar\/wp-content\/uploads\/2024\/11\/visita-Planta-Frigorifica-3-300x200.jpg.webp\" sizes=\"auto, (max-width: 246px) 100vw, 246px\" srcset=\"https:\/\/883radiociudad.gob.ar\/wp-content\/uploads\/2024\/11\/visita-Planta-Frigorifica-3-300x200.jpg.webp 300w, https:\/\/883radiociudad.gob.ar\/wp-content\/uploads\/2024\/11\/visita-Planta-Frigorifica-3-1024x682.jpg.webp 1024w, https:\/\/883radiociudad.gob.ar\/wp-content\/uploads\/2024\/11\/visita-Planta-Frigorifica-3-768x512.jpg.webp 768w, https:\/\/883radiociudad.gob.ar\/wp-content\/uploads\/2024\/11\/visita-Planta-Frigorifica-3-1536x1023.jpg.webp 1536w, https:\/\/883radiociudad.gob.ar\/wp-content\/uploads\/2024\/11\/visita-Planta-Frigorifica-3.jpg.webp 1600w\" alt=\"\" width=\"246\" height=\"164\" data-lazy-srcset=\"https:\/\/883radiociudad.gob.ar\/wp-content\/uploads\/2024\/11\/visita-Planta-Frigorifica-3-300x200.jpg.webp 300w, https:\/\/883radiociudad.gob.ar\/wp-content\/uploads\/2024\/11\/visita-Planta-Frigorifica-3-1024x682.jpg.webp 1024w, https:\/\/883radiociudad.gob.ar\/wp-content\/uploads\/2024\/11\/visita-Planta-Frigorifica-3-768x512.jpg.webp 768w, https:\/\/883radiociudad.gob.ar\/wp-content\/uploads\/2024\/11\/visita-Planta-Frigorifica-3-1536x1023.jpg.webp 1536w, https:\/\/883radiociudad.gob.ar\/wp-content\/uploads\/2024\/11\/visita-Planta-Frigorifica-3.jpg.webp 1600w\" data-lazy-sizes=\"(max-width: 246px) 100vw, 246px\" data-lazy-src=\"https:\/\/883radiociudad.gob.ar\/wp-content\/uploads\/2024\/11\/visita-Planta-Frigorifica-3-300x200.jpg.webp\" data-lazy-src-webp=\"https:\/\/883radiociudad.gob.ar\/wp-content\/uploads\/2024\/11\/visita-Planta-Frigorifica-3-300x200.jpg.webp\" data-lazy-srcset-webp=\"https:\/\/883radiociudad.gob.ar\/wp-content\/uploads\/2024\/11\/visita-Planta-Frigorifica-3-300x200.jpg.webp 300w, https:\/\/883radiociudad.gob.ar\/wp-content\/uploads\/2024\/11\/visita-Planta-Frigorifica-3-1024x682.jpg.webp 1024w, https:\/\/883radiociudad.gob.ar\/wp-content\/uploads\/2024\/11\/visita-Planta-Frigorifica-3-768x512.jpg.webp 768w, https:\/\/883radiociudad.gob.ar\/wp-content\/uploads\/2024\/11\/visita-Planta-Frigorifica-3-1536x1023.jpg.webp 1536w, https:\/\/883radiociudad.gob.ar\/wp-content\/uploads\/2024\/11\/visita-Planta-Frigorifica-3.jpg.webp 1600w\" data-ll-status=\"loaded\" \/><\/p>\n<p>Tambi\u00e9n estuvo presente el director de Ganader\u00eda de la Provincia, m\u00e9dico Veterinario Dr. Eduardo Ort\u00edz, y el responsable de la cartera Sanidad Animal, m\u00e9dico Veterinario Dr. Gabriel L\u00f3pez, quienes fueron recibidos por el presidente de la firma Sr. Lucas Pando.<\/p>\n<p>Luego de la recorrida por las instalaciones todas las autoridades de aplicaci\u00f3n dieron su visto bueno en lo que respecta a las habilitaciones pertinentes.<img loading=\"lazy\" decoding=\"async\" class=\"size-medium wp-image-70090 alignright entered lazyloaded\" src=\"https:\/\/883radiociudad.gob.ar\/wp-content\/uploads\/2024\/11\/visita-Planta-Frigorifica-5-300x200.jpg.webp\" sizes=\"auto, (max-width: 300px) 100vw, 300px\" srcset=\"https:\/\/883radiociudad.gob.ar\/wp-content\/uploads\/2024\/11\/visita-Planta-Frigorifica-5-300x200.jpg.webp 300w, https:\/\/883radiociudad.gob.ar\/wp-content\/uploads\/2024\/11\/visita-Planta-Frigorifica-5-1024x682.jpg.webp 1024w, https:\/\/883radiociudad.gob.ar\/wp-content\/uploads\/2024\/11\/visita-Planta-Frigorifica-5-768x512.jpg.webp 768w, https:\/\/883radiociudad.gob.ar\/wp-content\/uploads\/2024\/11\/visita-Planta-Frigorifica-5-1536x1023.jpg.webp 1536w, https:\/\/883radiociudad.gob.ar\/wp-content\/uploads\/2024\/11\/visita-Planta-Frigorifica-5.jpg.webp 1600w\" alt=\"\" width=\"300\" height=\"200\" data-lazy-srcset=\"https:\/\/883radiociudad.gob.ar\/wp-content\/uploads\/2024\/11\/visita-Planta-Frigorifica-5-300x200.jpg.webp 300w, https:\/\/883radiociudad.gob.ar\/wp-content\/uploads\/2024\/11\/visita-Planta-Frigorifica-5-1024x682.jpg.webp 1024w, https:\/\/883radiociudad.gob.ar\/wp-content\/uploads\/2024\/11\/visita-Planta-Frigorifica-5-768x512.jpg.webp 768w, https:\/\/883radiociudad.gob.ar\/wp-content\/uploads\/2024\/11\/visita-Planta-Frigorifica-5-1536x1023.jpg.webp 1536w, https:\/\/883radiociudad.gob.ar\/wp-content\/uploads\/2024\/11\/visita-Planta-Frigorifica-5.jpg.webp 1600w\" data-lazy-sizes=\"(max-width: 300px) 100vw, 300px\" data-lazy-src=\"https:\/\/883radiociudad.gob.ar\/wp-content\/uploads\/2024\/11\/visita-Planta-Frigorifica-5-300x200.jpg.webp\" data-lazy-src-webp=\"https:\/\/883radiociudad.gob.ar\/wp-content\/uploads\/2024\/11\/visita-Planta-Frigorifica-5-300x200.jpg.webp\" data-lazy-srcset-webp=\"https:\/\/883radiociudad.gob.ar\/wp-content\/uploads\/2024\/11\/visita-Planta-Frigorifica-5-300x200.jpg.webp 300w, https:\/\/883radiociudad.gob.ar\/wp-content\/uploads\/2024\/11\/visita-Planta-Frigorifica-5-1024x682.jpg.webp 1024w, https:\/\/883radiociudad.gob.ar\/wp-content\/uploads\/2024\/11\/visita-Planta-Frigorifica-5-768x512.jpg.webp 768w, https:\/\/883radiociudad.gob.ar\/wp-content\/uploads\/2024\/11\/visita-Planta-Frigorifica-5-1536x1023.jpg.webp 1536w, https:\/\/883radiociudad.gob.ar\/wp-content\/uploads\/2024\/11\/visita-Planta-Frigorifica-5.jpg.webp 1600w\" data-ll-status=\"loaded\" \/><\/p>\n<p>Tanto el intendente como las autoridades presentes elogiaron la iniciativa de la empresa en el desarrollo industrial, que tendr\u00e1 un impacto directo e indirecto en la econom\u00eda regional en lo que respecta al sector c\u00e1rnico.<\/p>\n<p><strong>VISITA AL FRIGOR\u00cdFICO\u00a0 MUNICIPAL<\/strong><\/p>\n<p>Luego recorrieron el Frigor\u00edfico Municipal Goya, situado en San Pedro, donde mostraron las instalaciones a los funcionarios provinciales y explicaron de la ampliaci\u00f3n de estas estructuras para potenciar el faenamiento que se realiza all\u00ed, teniendo en cuenta que existe un proyecto de ampliaci\u00f3n.<\/p>\n","protected":false},"excerpt":{"rendered":"<p>Esta planta, pronto a terminarse, posibilitar\u00e1 la generaci\u00f3n de fuentes de trabajo para personal de la ciudad. En la misma se vuelca una importante inversi\u00f3n por parte de empresarios goyanos. De la mencionada recorrida por la planta frigor\u00edfica particip\u00f3 el intendente junto al equipo t\u00e9cnico del municipio, el secretario de Producci\u00f3n Valerio Ram\u00edrez, la secretaria [&hellip;]<\/p>\n","protected":false},"author":2,"featured_media":22369,"comment_status":"closed","ping_status":"closed","sticky":false,"template":"","format":"standard","meta":{"footnotes":""},"categories":[56],"tags":[],"class_list":{"0":"post-22368","1":"post","2":"type-post","3":"status-publish","4":"format-standard","5":"has-post-thumbnail","7":"category-locales"},"_links":{"self":[{"href":"https:\/\/radiobitacora.com.ar\/web\/wp-json\/wp\/v2\/posts\/22368","targetHints":{"allow":["GET"]}}],"collection":[{"href":"https:\/\/radiobitacora.com.ar\/web\/wp-json\/wp\/v2\/posts"}],"about":[{"href":"https:\/\/radiobitacora.com.ar\/web\/wp-json\/wp\/v2\/types\/post"}],"author":[{"embeddable":true,"href":"https:\/\/radiobitacora.com.ar\/web\/wp-json\/wp\/v2\/users\/2"}],"replies":[{"embeddable":true,"href":"https:\/\/radiobitacora.com.ar\/web\/wp-json\/wp\/v2\/comments?post=22368"}],"version-history":[{"count":0,"href":"https:\/\/radiobitacora.com.ar\/web\/wp-json\/wp\/v2\/posts\/22368\/revisions"}],"wp:featuredmedia":[{"embeddable":true,"href":"https:\/\/radiobitacora.com.ar\/web\/wp-json\/wp\/v2\/media\/22369"}],"wp:attachment":[{"href":"https:\/\/radiobitacora.com.ar\/web\/wp-json\/wp\/v2\/media?parent=22368"}],"wp:term":[{"taxonomy":"category","embeddable":true,"href":"https:\/\/radiobitacora.com.ar\/web\/wp-json\/wp\/v2\/categories?post=22368"},{"taxonomy":"post_tag","embeddable":true,"href":"https:\/\/radiobitacora.com.ar\/web\/wp-json\/wp\/v2\/tags?post=22368"}],"curies":[{"name":"wp","href":"https:\/\/api.w.org\/{rel}","templated":true}]}}