{"id":22419,"date":"2024-11-06T08:20:07","date_gmt":"2024-11-06T11:20:07","guid":{"rendered":"https:\/\/radiobitacora.com.ar\/web\/?p=22419"},"modified":"2024-11-06T08:20:07","modified_gmt":"2024-11-06T11:20:07","slug":"la-junta-electoral-del-pj-proclamo-a-cristina-kirchner-como-presidenta-del-peronismo","status":"publish","type":"post","link":"https:\/\/radiobitacora.com.ar\/web\/2024\/11\/06\/la-junta-electoral-del-pj-proclamo-a-cristina-kirchner-como-presidenta-del-peronismo\/","title":{"rendered":"La Junta Electoral del PJ proclam\u00f3 a Cristina Kirchner como presidenta del peronismo"},"content":{"rendered":"<p><strong>La <a href=\"https:\/\/www.perfil.com\/noticias\/modo-fontevecchia\/la-junta-electoral-del-pj-no-oficializo-la-lista-de-ricardo-quintela-modof.phtml\" target=\"_blank\" rel=\"noopener\">Junta Electoral del Partido Justicialista<\/a>\u00a0proclam\u00f3 hoy a\u00a0<a href=\"https:\/\/www.perfil.com\/noticias\/politica\/encuesta-cristina-kirchner-es-la-lider-de-la-oposicion-pero-perderia-contra-la-libertad-avanza-en-las-elecciones-2025.phtml\" target=\"_blank\" rel=\"noopener\">Cristina Kirchner<\/a>\u00a0como titular del Consejo Nacional del partido<\/strong>\u00a0y puso fin a la disputa por la conducci\u00f3n del peronismo. As\u00ed se cerr\u00f3 la interna que hab\u00eda empezado a principios de octubre, cuando La C\u00e1mpora lanz\u00f3 el \u201coperativo clamor\u201d para que la expresidenta se postulara para conducir el espacio, que hasta ese momento ten\u00eda como \u00fanico aspirante al gobernador de La Rioja, Ricardo Quintela.<\/p>\n<p>&#8220;La Junta Electoral del Partido Justicialista resolvi\u00f3 en el d\u00eda de la fecha proclamar la lista \u2018Primero la Patria\u2019, encabezada por la compa\u00f1era Cristina Fern\u00e1ndez de Kirchner&#8221;, expres\u00f3 la Junta del PJ tras declarar a la exmandataria como presidenta del partido. La resoluci\u00f3n que design\u00f3 a Cristina Kirchner como autoridad m\u00e1xima del PJ\u00a0<strong>fue &#8220;aprobada con 13 votos positivos y 1 voto en disidencia&#8221;<\/strong>, se inform\u00f3 en un comunicado.<\/p>\n<p>La exmandataria hab\u00eda quedado como candidata \u00fanica despu\u00e9s de que la Justicia Electoral hiciera lugar a la<strong>\u00a0impugnaci\u00f3n de la lista de Quintela por no reunir los avales necesarios<\/strong>\u00a0para participar de esa compulsa. Desde &#8220;Federales, un grito de Coraz\u00f3n&#8221;, la facci\u00f3n que impulsaba la\u00a0<a href=\"https:\/\/www.perfil.com\/noticias\/politica\/ricardo-quintela-fue-a-la-justicia-para-frenar-la-eleccion-en-el-peronismo-y-que-lo-dejen-competir-contra-cristina-kirchner.phtml\" target=\"_blank\" rel=\"noopener\">frustrada candidatura de Quintela<\/a>,\u00a0<strong>convocaron a la unidad<\/strong>\u00a0al manifestar que el PJ &#8220;es m\u00e1s que una fuerza pol\u00edtica&#8221;, con lo que descartaron apelar ante la Justicia.<\/p>\n<div class=\"subscription\">\n<div class=\"subscription__title\">Esto no les gusta a los autoritarios<\/div>\n<div class=\"subscription__container\">\n<div class=\"subscription__text-wrapper\">\n<div class=\"subscription__main-text\">El ejercicio del periodismo profesional y cr\u00edtico es un pilar fundamental de la democracia. Por eso molesta a quienes creen ser los due\u00f1os de la verdad.<\/div>\n<div class=\"subscription__cta-wrapper\">Hoy m\u00e1s que nunca<a id=\"pw-btn-register\" class=\"pw-modal__button\" href=\"https:\/\/mi.perfil.com\/\" type=\"button\">Suscribite<\/a><\/div>\n<\/div>\n<\/div>\n<div class=\"subscription__footer\">\n<div class=\"subscription__logo\"><\/div>\n<\/div>\n<div class=\"subscription__media\"><\/div>\n<\/div>\n<div>\n<figure class=\"image pointer\" data-order=\"1\"><img decoding=\"async\" src=\"https:\/\/fotos.perfil.com\/\/2024\/11\/06\/900\/0\/cristina-kirchner-20241105-1906115.jpg\" alt=\"Cristina Kirchner 20241105\" \/><figcaption>Cristina Kirchner en Avellaneda\u00a0<\/figcaption><\/figure>\n<\/div>\n<p>\u201c<strong>Federales propone un peronismo que es m\u00e1s que una fuerza pol\u00edtica<\/strong>; es un movimiento de transformaci\u00f3n social y cultural que no solo responde a las necesidades del presente, sino que\u00a0<strong>anticipa el futuro<\/strong>, construyendo un mundo donde todos tienen un lugar, una voz y un prop\u00f3sito&#8221;, sostuvo el sector de Quintela en las redes sociales.<\/p>\n<p>Por su parte, el apoderado de Federales,\u00a0<a href=\"https:\/\/www.perfil.com\/noticias\/politica\/jorge-yoma-cruzo-a-martin-menem-por-los-recursos-de-la-rioja-estas-del-lado-de-cafiero.phtml\" target=\"_blank\" rel=\"noopener\">Jorge Yoma<\/a>, se\u00f1al\u00f3 que con el fin de la disputa por el sill\u00f3n de la calle Matheu queda &#8220;atr\u00e1s el estrecho marco de la interna&#8221; del PJ. &#8220;<strong>El tiempo que viene nos encontrar\u00e1 con Quintela caminando el interior profundo de la Argentina<\/strong>\u00a0para construir el Movimiento Nacional \u2018Federales\u2019&#8221;, escribi\u00f3 Yoma en su cuenta de X.<\/p>\n<p>&nbsp;<\/p>\n<h2>La agenda de Cristina Kirchner y los gui\u00f1os hacia Axel Kicillof<\/h2>\n<p>En tanto,\u00a0<strong>Cristina Kirchner se reuni\u00f3 este martes con empresarios y operarios PyME\u00a0<\/strong>en la f\u00e1brica Vetrano SACIFI, ubicada en localidad bonaerense de Avellaneda, donde dispar\u00f3 contra Javier Milei. &#8220;Este modelo es como el yogurt, tiene fecha de vencimiento. Pero no podemos sentarnos a esperar,\u00a0<strong>debemos articular a todos los sectores damnificados en un gran movimiento patri\u00f3tico para construir una alternativa<\/strong>&#8220;, expres\u00f3 la proclamada presidenta del PJ en el encuentro que organiz\u00f3 Movimiento Productivo 25 de Mayo.<\/p>\n<p>Cristina Kirchner se mostr\u00f3 junto a representantes de la industria del<strong>\u00a0distrito que gobierna Jorge Ferraresi<\/strong>, intendente d\u00edscolo a su figura y que fue se\u00f1alado como uno de los impulsores de la malograda candidatura de Quintela para la conducci\u00f3n del PJ. &#8220;<strong>El verdadero problema que tenemos en Argentina es la deshumanizaci\u00f3n<\/strong>. M\u00e1s all\u00e1 de la cuesti\u00f3n del proceso de desindustrializaci\u00f3n que hay&#8221;, destac\u00f3 la exjefa de Estado durante el mit\u00edn con empresarios y trabajadores industriales.<\/p>\n<p class=\"destacadoNota\"><a href=\"https:\/\/www.perfil.com\/noticias\/economia\/la-dura-advertencia-del-financial-times-sobre-el-tsunami-de-juicios-que-enfrenta-la-argentina.phtml\" target=\"_blank\" rel=\"noopener\">La dura advertencia del Financial Times sobre el &#8220;tsunami&#8221; de juicios que enfrenta la Argentina<\/a><\/p>\n<p>No es el primer acto del kirchnerismo en tierras de Ferraresi desde que se desat\u00f3 la interna en el justicialismo: a fines de octubre la facci\u00f3n que conduce Cristina Kirchner hab\u00eda lanzado la mesa &#8220;Cristina Presidenta&#8221; en Avellaneda. En otro gesto de acercamiento, el ministro de Desarrollo de la Comunidad bonaerense,\u00a0<strong>Andr\u00e9s &#8220;Cuervo&#8221; Larroque, y la intendenta de Quilmes, Mayra Mendoza, se mostraron juntos<\/strong>\u00a0este martes en ese distrito tras los cruces que mantuvieron por la disputa entre Cristina Kirchner y el gobernador bonaerense,\u00a0<a href=\"https:\/\/www.perfil.com\/noticias\/politica\/axel-kicillof-se-acerco-a-la-zona-del-derrumbe-en-villa-gesell-le-agradecio-a-los-bomberos-y-a-patricia-bullrich.phtml\" target=\"_blank\" rel=\"noopener\">Axel Kicillof<\/a>, por la conducci\u00f3n del PJ.<\/p>\n<p>El reencuentro entre ambos dirigentes se dio con motivo del acto de reapertura de la cooperativa Cartoneros de Villa Itat\u00ed Luis, Cecilia y Coco, pero en los hechos\u00a0<strong>sirvi\u00f3 para acercar posiciones entre los dos sectores\u00a0<\/strong>despu\u00e9s de las declaraciones cruzadas de las \u00faltimas semanas. Mendoza es referente de La C\u00e1mpora y cercana a Cristina Kirchner, mientras que Larroque se convirti\u00f3 en los \u00faltimos tiempos en uno de los laderos de Kicillof.<\/p>\n<p>De ese modo, los sectores que vivieron momentos de tensi\u00f3n durante el \u00faltimo mes producto de la compulsa\u00a0<strong>dieron este martes gestos de unidad<\/strong>, mientras que la expresidenta se transform\u00f3 en la nueva conductora del PJ nacional, aunque tendr\u00e1 que esperar hasta el 17 de noviembre para asumir formalmente el cargo.<\/p>\n","protected":false},"excerpt":{"rendered":"<p>La Junta Electoral del Partido Justicialista\u00a0proclam\u00f3 hoy a\u00a0Cristina Kirchner\u00a0como titular del Consejo Nacional del partido\u00a0y puso fin a la disputa por la conducci\u00f3n del peronismo. As\u00ed se cerr\u00f3 la interna que hab\u00eda empezado a principios de octubre, cuando La C\u00e1mpora lanz\u00f3 el \u201coperativo clamor\u201d para que la expresidenta se postulara para conducir el espacio, que [&hellip;]<\/p>\n","protected":false},"author":2,"featured_media":22420,"comment_status":"closed","ping_status":"closed","sticky":false,"template":"","format":"standard","meta":{"footnotes":""},"categories":[79],"tags":[],"class_list":{"0":"post-22419","1":"post","2":"type-post","3":"status-publish","4":"format-standard","5":"has-post-thumbnail","7":"category-politica"},"_links":{"self":[{"href":"https:\/\/radiobitacora.com.ar\/web\/wp-json\/wp\/v2\/posts\/22419","targetHints":{"allow":["GET"]}}],"collection":[{"href":"https:\/\/radiobitacora.com.ar\/web\/wp-json\/wp\/v2\/posts"}],"about":[{"href":"https:\/\/radiobitacora.com.ar\/web\/wp-json\/wp\/v2\/types\/post"}],"author":[{"embeddable":true,"href":"https:\/\/radiobitacora.com.ar\/web\/wp-json\/wp\/v2\/users\/2"}],"replies":[{"embeddable":true,"href":"https:\/\/radiobitacora.com.ar\/web\/wp-json\/wp\/v2\/comments?post=22419"}],"version-history":[{"count":0,"href":"https:\/\/radiobitacora.com.ar\/web\/wp-json\/wp\/v2\/posts\/22419\/revisions"}],"wp:featuredmedia":[{"embeddable":true,"href":"https:\/\/radiobitacora.com.ar\/web\/wp-json\/wp\/v2\/media\/22420"}],"wp:attachment":[{"href":"https:\/\/radiobitacora.com.ar\/web\/wp-json\/wp\/v2\/media?parent=22419"}],"wp:term":[{"taxonomy":"category","embeddable":true,"href":"https:\/\/radiobitacora.com.ar\/web\/wp-json\/wp\/v2\/categories?post=22419"},{"taxonomy":"post_tag","embeddable":true,"href":"https:\/\/radiobitacora.com.ar\/web\/wp-json\/wp\/v2\/tags?post=22419"}],"curies":[{"name":"wp","href":"https:\/\/api.w.org\/{rel}","templated":true}]}}