{"id":22431,"date":"2024-11-07T08:01:16","date_gmt":"2024-11-07T11:01:16","guid":{"rendered":"https:\/\/radiobitacora.com.ar\/web\/?p=22431"},"modified":"2024-11-07T08:01:16","modified_gmt":"2024-11-07T11:01:16","slug":"valdes-ratifico-inversion-provincial-en-distritos-con-otro-color-politico","status":"publish","type":"post","link":"https:\/\/radiobitacora.com.ar\/web\/2024\/11\/07\/valdes-ratifico-inversion-provincial-en-distritos-con-otro-color-politico\/","title":{"rendered":"Vald\u00e9s ratific\u00f3 inversi\u00f3n provincial en distritos con otro color pol\u00edtico"},"content":{"rendered":"<p>Despu\u00e9s de las dos horas y media en que se pusieron de acuerdo con el presidente, Javier Milei, dicho por \u00e9l mismo al salir de Casa Rosada, el gobernador, Gustavo Vald\u00e9s, regres\u00f3 a la provincia y desembarc\u00f3 en Paso de los Libres.<\/p>\n<p>All\u00ed desarroll\u00f3 una visita institucional en que verific\u00f3 el avance de tres obras consideradas estrat\u00e9gicas y de inversi\u00f3n provincial: el Parque Industrial, la recuperaci\u00f3n del aeropuerto local y la construcci\u00f3n de un cuartel de Bomberos Forestales.<\/p>\n<p>La recorrida oficial tuvo tambi\u00e9n una lectura pol\u00edtica. Libres es un municipio gobernado por el peronista Mart\u00edn &#8220;Tincho&#8221; Asc\u00faa, quien tiene manifiestas intenciones de ser candidato a gobernador para las elecciones del a\u00f1o que viene.<\/p>\n<p>Se puede leer como la continuidad de una estrategia de gesti\u00f3n que hace tiempo el Mandatario no aplicaba. Visitar distritos municipales conducidos por un espacio pol\u00edtico distinto a la alianza gobernante en la provincia. Y m\u00e1s: ratificar una fuerte inversi\u00f3n provincial, especialmente en obras p\u00fablicas.<\/p>\n<p>Mucho de esto ya se registr\u00f3 la semana pasada, cuando Vald\u00e9s desembarc\u00f3 en Mercedes con todo su gabinete para una reuni\u00f3n ampliada con las autoridades municipales del Paiubre. El espacio gobernante en dicha comuna no integra la alianza que est\u00e1 en el Gobierno provincial.<\/p>\n<p>En esa ocasi\u00f3n, el Gobernador comprometi\u00f3 una fuerte inversi\u00f3n en Mercedes.<\/p>\n<p>Tras la reuni\u00f3n del martes al mediod\u00eda con Milei en la Rosada, el correntino hizo hincapi\u00e9 en &#8220;mirar al futuro&#8221; y celebr\u00f3 el di\u00e1logo y el entendimiento. Incluso disimul\u00f3 bastante su respuesta sobre los duros cuestionamientos de Milei a Ra\u00fal Alfons\u00edn, \u00edcono de la UCR. En esa reuni\u00f3n en Casa de Gobierno, el Presidente recibi\u00f3 a Vald\u00e9s y los otros cuatros gobernadores radicales. Todo fue calmo.<\/p>\n<p>&#8220;Debemos seguir creciendo y empujando&#8221;; &#8220;tenemos que ir hacia adelante&#8221;, fueron algunas frases de Vald\u00e9s que resonaron en la siesta-tarde del mi\u00e9rcoles en Libres.<\/p>\n","protected":false},"excerpt":{"rendered":"<p>Despu\u00e9s de las dos horas y media en que se pusieron de acuerdo con el presidente, Javier Milei, dicho por \u00e9l mismo al salir de Casa Rosada, el gobernador, Gustavo Vald\u00e9s, regres\u00f3 a la provincia y desembarc\u00f3 en Paso de los Libres. All\u00ed desarroll\u00f3 una visita institucional en que verific\u00f3 el avance de tres obras [&hellip;]<\/p>\n","protected":false},"author":2,"featured_media":22432,"comment_status":"closed","ping_status":"closed","sticky":false,"template":"","format":"standard","meta":{"footnotes":""},"categories":[79],"tags":[],"class_list":{"0":"post-22431","1":"post","2":"type-post","3":"status-publish","4":"format-standard","5":"has-post-thumbnail","7":"category-politica"},"_links":{"self":[{"href":"https:\/\/radiobitacora.com.ar\/web\/wp-json\/wp\/v2\/posts\/22431","targetHints":{"allow":["GET"]}}],"collection":[{"href":"https:\/\/radiobitacora.com.ar\/web\/wp-json\/wp\/v2\/posts"}],"about":[{"href":"https:\/\/radiobitacora.com.ar\/web\/wp-json\/wp\/v2\/types\/post"}],"author":[{"embeddable":true,"href":"https:\/\/radiobitacora.com.ar\/web\/wp-json\/wp\/v2\/users\/2"}],"replies":[{"embeddable":true,"href":"https:\/\/radiobitacora.com.ar\/web\/wp-json\/wp\/v2\/comments?post=22431"}],"version-history":[{"count":0,"href":"https:\/\/radiobitacora.com.ar\/web\/wp-json\/wp\/v2\/posts\/22431\/revisions"}],"wp:featuredmedia":[{"embeddable":true,"href":"https:\/\/radiobitacora.com.ar\/web\/wp-json\/wp\/v2\/media\/22432"}],"wp:attachment":[{"href":"https:\/\/radiobitacora.com.ar\/web\/wp-json\/wp\/v2\/media?parent=22431"}],"wp:term":[{"taxonomy":"category","embeddable":true,"href":"https:\/\/radiobitacora.com.ar\/web\/wp-json\/wp\/v2\/categories?post=22431"},{"taxonomy":"post_tag","embeddable":true,"href":"https:\/\/radiobitacora.com.ar\/web\/wp-json\/wp\/v2\/tags?post=22431"}],"curies":[{"name":"wp","href":"https:\/\/api.w.org\/{rel}","templated":true}]}}