{"id":22434,"date":"2024-11-07T08:15:59","date_gmt":"2024-11-07T11:15:59","guid":{"rendered":"https:\/\/radiobitacora.com.ar\/web\/?p=22434"},"modified":"2024-11-07T08:15:59","modified_gmt":"2024-11-07T11:15:59","slug":"la-fuerte-denuncia-contra-gustavo-vera-de-la-fundacion-la-alameda","status":"publish","type":"post","link":"https:\/\/radiobitacora.com.ar\/web\/2024\/11\/07\/la-fuerte-denuncia-contra-gustavo-vera-de-la-fundacion-la-alameda\/","title":{"rendered":"La fuerte denuncia contra Gustavo Vera, de la Fundaci\u00f3n La Alameda"},"content":{"rendered":"<p>La fallecida modelo Natacha Jait denunci\u00f3 en 2018 que Gustavo Vera, presidente de la Fundaci\u00f3n La Alameda, &#8220;era ped\u00f3filo y estaba metido en una red de trata&#8221;. Vera es hoy la cara visible de la investigaci\u00f3n por la desaparici\u00f3n de Loan Pe\u00f1a, el ni\u00f1o correntino del que no se sabe nada desde el 13 de junio, cuando fue buscar naranjas.<\/p>\n<div class=\"container-spot\" data-tipo=\"tipo_todo\" data-pos=\"NEW_P1_cuerpo\"><\/div>\n<p>Yanina Latorre, periodista de espect\u00e1culos y popularmente conocida por su participaci\u00f3n en el panel de LAM, conducido por \u00c1ngel de Brito,\u00a0 comparti\u00f3 en su cuenta de X una video en el que Natacha Jait denunciaba publicamente en el programa de Mirtha Legrand.<\/p>\n<div class=\"container-spot\" data-tipo=\"tipo_todo\" data-pos=\"NEW_P2_cuerpo\"><\/div>\n<p>&#8220;Gustavo Vera es ped\u00f3filo, es trata. Baja prost\u00edbulos y se los queda. Trabaj\u00e9 para una empresa para que investigue el caso de Gustavo Vera. Hice filmaciones, log\u00edstica, durante un a\u00f1o. Se apropi\u00f3 de La Alameda y de prost\u00edbulo&#8221;, denunciaba Jait ante la antenta mirada de Mirtha Legrand.<\/p>\n<p>Los padres de Loan Pe\u00f1a denunciaron ahora a Vera por asociaci\u00f3n il\u00edcita y pidieron su detenci\u00f3n. Vera hab\u00eda denunciado al gobernador Gustavo Vald\u00e9s y a sus funcionarios por una supuesta red de trata. El mandatario correntino le exigi\u00f3 ante la Justicia que se retracte o muestre pruebas.<\/p>\n<div class=\"container-spot\" data-tipo=\"tipo_todo\" data-pos=\"NEW_P3_cuerpo\"><\/div>\n<p>&nbsp;<\/p>\n<p><iframe loading=\"lazy\" class=\"i-amphtml-fill-content\" title=\"Twitter\" src=\"https:\/\/d-2614801337123582.ampproject.net\/2410161801000\/frame.html\" name=\"{&quot;host&quot;:&quot;d-2614801337123582.ampproject.net&quot;,&quot;bootstrap&quot;:&quot;https:\/\/3p.ampproject.net\/2410161801000\/vendor\/twitter.mjs&quot;,&quot;type&quot;:&quot;twitter&quot;,&quot;count&quot;:1,&quot;attributes&quot;:{&quot;tweetid&quot;:&quot;1853912514222018564&quot;,&quot;width&quot;:400,&quot;height&quot;:400,&quot;_context&quot;:{&quot;ampcontextVersion&quot;:&quot;2410161801000&quot;,&quot;ampcontextFilepath&quot;:&quot;https:\/\/3p.ampproject.net\/2410161801000\/ampcontext-v0.js&quot;,&quot;sourceUrl&quot;:&quot;https:\/\/www.ellitoral.com.ar\/policiales\/2024-11-6-22-28-0-la-fuerte-denuncia-contra-gustavo-vera-de-la-fundacion-la-alameda&quot;,&quot;referrer&quot;:&quot;https:\/\/www.ellitoral.com.ar\/&quot;,&quot;canonicalUrl&quot;:&quot;https:\/\/www.ellitoral.com.ar\/policiales\/2024-11-6-22-28-0-la-fuerte-denuncia-contra-gustavo-vera-de-la-fundacion-la-alameda&quot;,&quot;pageViewId&quot;:&quot;4550&quot;,&quot;location&quot;:{&quot;href&quot;:&quot;https:\/\/www.ellitoral.com.ar\/policiales\/2024-11-6-22-28-0-la-fuerte-denuncia-contra-gustavo-vera-de-la-fundacion-la-alameda&quot;},&quot;startTime&quot;:1730978023636,&quot;tagName&quot;:&quot;AMP-TWITTER&quot;,&quot;mode&quot;:{&quot;localDev&quot;:false,&quot;development&quot;:false,&quot;esm&quot;:true,&quot;test&quot;:false,&quot;rtvVersion&quot;:&quot;012410161801000&quot;},&quot;canary&quot;:false,&quot;hidden&quot;:false,&quot;initialLayoutRect&quot;:{&quot;left&quot;:95,&quot;top&quot;:2231,&quot;width&quot;:795,&quot;height&quot;:795},&quot;domFingerprint&quot;:&quot;3871162176&quot;,&quot;experimentToggles&quot;:{&quot;canary&quot;:false,&quot;a4aProfilingRate&quot;:false,&quot;doubleclickSraExp&quot;:false,&quot;doubleclickSraReportExcludedBlock&quot;:false,&quot;flexAdSlots&quot;:false,&quot;flexible-bitrate&quot;:false,&quot;ios-fixed-no-transfer&quot;:false,&quot;story-ad-placements&quot;:true,&quot;story-disable-animations-first-page&quot;:true,&quot;story-load-inactive-outside-viewport&quot;:true,&quot;amp-sticky-ad-to-amp-ad-v4&quot;:false,&quot;story-video-cache-apply-audio&quot;:false,&quot;amp-story-subscriptions&quot;:true,&quot;interaction-to-next-paint&quot;:true,&quot;esm&quot;:true,&quot;amp-story-first-page-max-bitrate&quot;:false,&quot;story-load-first-page-only&quot;:true,&quot;story-ad-page-outlink&quot;:false,&quot;amp-geo-ssr&quot;:true,&quot;story-remote-localization&quot;:true,&quot;attribution-reporting&quot;:false},&quot;sentinel&quot;:&quot;0-28950305631553831334&quot;},&quot;type&quot;:&quot;twitter&quot;}}\" width=\"400\" height=\"400\" scrolling=\"no\" sandbox=\"allow-top-navigation-by-user-activation allow-popups-to-escape-sandbox allow-forms allow-modals allow-pointer-lock allow-popups allow-same-origin allow-scripts\" allowfullscreen=\"allowfullscreen\" data-amp-3p-sentinel=\"0-28950305631553831334\" data-mce-fragment=\"1\"><\/iframe><\/p>\n<p>&nbsp;<\/p>\n<p>&nbsp;<\/p>\n<p>Vera tiene 60 a\u00f1os y dirige\u00a0<i>La Alameda<\/i>,\u00a0<b>dedicada a luchar contra la trata de personas, el trabajo esclavo, la explotaci\u00f3n infantil, el proxenetismo, el narcotr\u00e1fico y el lavado de dinero<\/b>. Fue adem\u00e1s elegido legislador porte\u00f1o en 2013.<\/p>\n<div class=\"container-spot\" data-tipo=\"tipo_todo\" data-pos=\"NEW_P4_cuerpo\"><\/div>\n<p>En 2018,\u00a0<b>Natacha Jaitt lo acus\u00f3 de estar involucrado en una red de pedofilia en el f\u00fatbol\u00a0<\/b>luego de que se destapara el caso de abuso sexual de juveniles en la pensi\u00f3n del club\u00a0<i>Independiente<\/i>. La medi\u00e1tica tambi\u00e9n hab\u00eda acusado a varios ex integrantes de \u201c<i>Gran Hermano<\/i>\u201d de participar de la misma red.<\/p>\n<p>En ese momento,\u00a0<b>Vera denunci\u00f3 a la modelo por calumnias e injurias\u00a0<\/b>y sostuvo que fue acusado por ella por ser \u201cel autor de una ley contra los prost\u00edbulos\u201d, lo que habr\u00eda afectado a intereses vinculados a este negocio, por lo que, seg\u00fan \u00e9l, habr\u00edan lanzado una campa\u00f1a de difamaci\u00f3n en su contra a trav\u00e9s de Jaitt, quien falleci\u00f3 en extra\u00f1as circunstancias un a\u00f1o m\u00e1s tarde.<\/p>\n","protected":false},"excerpt":{"rendered":"<p>La fallecida modelo Natacha Jait denunci\u00f3 en 2018 que Gustavo Vera, presidente de la Fundaci\u00f3n La Alameda, &#8220;era ped\u00f3filo y estaba metido en una red de trata&#8221;. Vera es hoy la cara visible de la investigaci\u00f3n por la desaparici\u00f3n de Loan Pe\u00f1a, el ni\u00f1o correntino del que no se sabe nada desde el 13 de [&hellip;]<\/p>\n","protected":false},"author":2,"featured_media":22435,"comment_status":"closed","ping_status":"closed","sticky":false,"template":"","format":"standard","meta":{"footnotes":""},"categories":[72],"tags":[],"class_list":{"0":"post-22434","1":"post","2":"type-post","3":"status-publish","4":"format-standard","5":"has-post-thumbnail","7":"category-provinciales"},"_links":{"self":[{"href":"https:\/\/radiobitacora.com.ar\/web\/wp-json\/wp\/v2\/posts\/22434","targetHints":{"allow":["GET"]}}],"collection":[{"href":"https:\/\/radiobitacora.com.ar\/web\/wp-json\/wp\/v2\/posts"}],"about":[{"href":"https:\/\/radiobitacora.com.ar\/web\/wp-json\/wp\/v2\/types\/post"}],"author":[{"embeddable":true,"href":"https:\/\/radiobitacora.com.ar\/web\/wp-json\/wp\/v2\/users\/2"}],"replies":[{"embeddable":true,"href":"https:\/\/radiobitacora.com.ar\/web\/wp-json\/wp\/v2\/comments?post=22434"}],"version-history":[{"count":0,"href":"https:\/\/radiobitacora.com.ar\/web\/wp-json\/wp\/v2\/posts\/22434\/revisions"}],"wp:featuredmedia":[{"embeddable":true,"href":"https:\/\/radiobitacora.com.ar\/web\/wp-json\/wp\/v2\/media\/22435"}],"wp:attachment":[{"href":"https:\/\/radiobitacora.com.ar\/web\/wp-json\/wp\/v2\/media?parent=22434"}],"wp:term":[{"taxonomy":"category","embeddable":true,"href":"https:\/\/radiobitacora.com.ar\/web\/wp-json\/wp\/v2\/categories?post=22434"},{"taxonomy":"post_tag","embeddable":true,"href":"https:\/\/radiobitacora.com.ar\/web\/wp-json\/wp\/v2\/tags?post=22434"}],"curies":[{"name":"wp","href":"https:\/\/api.w.org\/{rel}","templated":true}]}}