{"id":22443,"date":"2024-11-07T08:42:01","date_gmt":"2024-11-07T11:42:01","guid":{"rendered":"https:\/\/radiobitacora.com.ar\/web\/?p=22443"},"modified":"2024-11-07T08:42:01","modified_gmt":"2024-11-07T11:42:01","slug":"la-defensa-de-brenda-uliarte-pidio-citar-a-cristina-kirchner-para-que-diga-si-se-autopercibe-mujer","status":"publish","type":"post","link":"https:\/\/radiobitacora.com.ar\/web\/2024\/11\/07\/la-defensa-de-brenda-uliarte-pidio-citar-a-cristina-kirchner-para-que-diga-si-se-autopercibe-mujer\/","title":{"rendered":"La defensa de Brenda Uliarte pidi\u00f3 citar a Cristina Kirchner para que diga si &#8220;se autopercibe mujer&#8221;"},"content":{"rendered":"<p>La \u00faltima audiencia del juicio por el intento de magnicidio contra Cristina Fern\u00e1ndez de Kirchner vino recargada con momentos que generaron sorpresa, enojos y m\u00e1xima tensi\u00f3n. Por un lado\u00a0<b>el defensor de Brenda Uliarte pidi\u00f3 que se cite a declarar a la expresidenta para que diga si se autopercibe mujer<\/b>. Una solicitud que desat\u00f3 una ola de rechazos, desde la querella hasta la presidenta del tribunal. Por otra parte, una testigo que quiso beneficiar a Gabriel Carrizo fue detenida por falso testimonio. Luego, el tribunal mand\u00f3 a peritar el tel\u00e9fono da\u00f1ado del principal acusado, Fernando Sabag Montiel, y ser\u00e1 el \u00faltimo intento con riesgo de que el contenido se pierda definitivamente. Por \u00faltimo, declar\u00f3 Agustina D\u00edaz, la amiga a la que Uliarte le dec\u00eda que hab\u00eda mandado a alguien a matar a la entonces vicepresidenta y en medio de su relato la acusada rompi\u00f3 en llanto.<\/p>\n<div class=\"slot-available\"><\/div>\n<div id=\"talkFireEvent\"><\/div>\n<h2>&#8220;\u00bfCristina Kirchner se considera una mujer?&#8221;<\/h2>\n<p>En la misma l\u00f3gica de las teor\u00edas que buscan responsabilizar a la propia CFK por el atentado contra su vida y\/o por el funcionamiento de su custodia, hasta por las indicaciones que daba ella a sus guardaespaldas, el abogado de Uliarte, Alejandro Cipolla protagoniz\u00f3 un planteo que caus\u00f3 perplejidad: fue cuando propuso pruebas frente al agravante de violencia de g\u00e9nero aceptado por el Tribunal Oral Federal 6 (TOF6) y pidi\u00f3 que la expresidenta vuelva a prestar testimonio para que declare &#8220;si se considera o no mujer&#8221;. Con visible provocaci\u00f3n lanz\u00f3 este argumento: &#8220;<b>M\u00e1s all\u00e1 de que biol\u00f3gicamente pueda ser considerada una mujer, no podemos tener certeza con esta cuesti\u00f3n<\/b>, lo que ser\u00eda indispensable para la tipificaci\u00f3n por la fiscal\u00eda en raz\u00f3n de violencia de g\u00e9nero&#8221;.<\/p>\n<div class=\"slot-available\"><\/div>\n<p>&#8212;No entend\u00ed. \u00bfNo est\u00e1 determinado que la v\u00edctima sea una mujer?&#8211; pregunt\u00f3 sin disimular el\u00a0 asombro la presidenta del tribunal, Sabrina Namer.<\/p>\n<p>El abogado insisti\u00f3: &#8220;Lo que voy a solicitar es el testimonio de la doctora Fern\u00e1ndez de Kirchner en raz\u00f3n de que la misma fue la propulsora de las cuestiones de g\u00e9neros (sic) y de que uno no puede encasillar al hombre y a la mujer solo por una cuesti\u00f3n biol\u00f3gica o de ciencia, sino que la misma se tiene que autopercibir. Incluso en declaraciones la misma ha manifestado no ser feminista y dem\u00e1s cuestiones por lo que entiendo que\u00a0<b>ser\u00eda esencial el testimonio de ella, en primer lugar para ver si se considera o no mujer<\/b>, para que re\u00fana esta tipificaci\u00f3n\u201d. Luego se quej\u00f3 de que a su entender hay una violaci\u00f3n al derecho de defensa de Uliarte porque \u00e9l, cuando CFK declar\u00f3, no le hab\u00eda preguntado nada sobre el tema: &#8220;Me dej\u00f3 en una postura de indefensi\u00f3n no poder interrogar a la misma respecto de lo que se ampli\u00f3&#8230;&#8221;.<\/p>\n<div class=\"slot-available\"><\/div>\n<h2>Violencia y revictimizaci\u00f3n<\/h2>\n<p>&#8220;Lo que acaba de suceder es una nueva forma de revictimizaci\u00f3n en la que se pone en duda la condici\u00f3n de mujer de la v\u00edctima, que no tiene sustento en ning\u00fan elemento emp\u00edrico&#8221;, advirti\u00f3 el abogado de la querella Marcos Aldazabal. Agreg\u00f3 que\u00a0<b>&#8220;es casi un ejercicio nuevo de violencia que tiene por fin generar un impacto medi\u00e1tico&#8221;<\/b>. &#8220;Recordemos que ac\u00e1 hubo una v\u00edctima de un intento de magnicidio y femicidio. Solicitamos que no se permitan, que no se deje pasar este tipo de revictimizaciones&#8221;, se dirigi\u00f3 al tribunal. Cipolla chicane\u00f3: &#8220;Mi petici\u00f3n no deber\u00eda sorprender a la querella, la ley de g\u00e9nero fue promovida durante el gobierno de la v\u00edctima&#8221;.<\/p>\n<div class=\"slot-available\"><\/div>\n<p>La jueza Namer se explay\u00f3: &#8220;Doy la raz\u00f3n a la querella en cuanto sorprende el cuestionamiento, la puesta en duda de la condici\u00f3n de mujer de Cristina Fern\u00e1ndez de Kirchner. No hace falta una sanci\u00f3n (<i>para el defensor<\/i>) pero s\u00ed dejar en claro que hay cuestiones que se pueden pedir por el ejercicio del derecho de defensa y la interpretaci\u00f3n que se puede hacer sobre tratados internacionales y convenciones vigentes (pero) otra cosas es que el testimonio sea requerido para acreditar su condici\u00f3n de mujer. M\u00e1s all\u00e1\u00a0de su postura respecto del feminismo, se autopercibe, act\u00faa y no genera ninguna duda de su condici\u00f3n de mujer&#8221;. &#8220;Como mujer que est\u00e1 presidiendo este debate, en el cual hay una v\u00edctima mujer, no se pude poner en duda esa condici\u00f3n de quien resulta v\u00edctima y testigo de este debate&#8221;, advirti\u00f3 Namer.<\/p>\n<div class=\"slot-available\"><\/div>\n<p>Hasta la defensora oficial\u00a0 de Sabag Montiel, Fernanda L\u00f3pez Puleio, dijo que quer\u00eda &#8220;manifestar&#8221; su &#8220;coincidencia y lo alegado con el representante de la querella&#8221;. &#8220;Hay l\u00edmites que no se pueden pasar&#8221;, sostuvo. Agreg\u00f3 que, cuando declar\u00f3, a CFK se le\u00a0 preguntaron cuestiones diversas sobre violencia de g\u00e9nero incluso sobre un documento del MESECVI (el mecanismo de la Organizaci\u00f3n de Estados Americanos de seguimiento de la aplicaci\u00f3n de\u00a0La Convenci\u00f3n Interamericana para Prevenir, Sancionar y Erradicar la Violencia contra la Mujer) sobre el atentado contra la expresidenta en particular. L\u00f3pez Puleio, en realidad, cuestiona la incorporaci\u00f3n de ese informe del a\u00f1o pasado y el\u00a0 pedido de la fiscala Gabriela Baig\u00fan la citaci\u00f3n como testigo de expertas de ese \u00f3rgano. En cambio, pidi\u00f3 incorporar un protocolo latinoamericano de Naciones Unidas para la &#8220;investigaci\u00f3n de las muertes violentas de mujeres por razones de g\u00e9nero&#8221;.<\/p>\n<div class=\"slot-available\"><\/div>\n<p>Gast\u00f3n Marano, defensor de Carrizo, pidi\u00f3 que sean incorporadas 10 tapas de revistas y que se cite a una editora de\u00a0<i>Noticias<\/i>\u00a0para que explique las tapas donde CFK aparec\u00eda &#8211;por ejemplo&#8211; con el gesto de un orgasmo y el t\u00edtulo &#8220;El goce de Cristina&#8221;, entre otras mencionadas por la querella como formas de ataque. La fiscal\u00eda hab\u00eda hecho notar la reciente tapa igual a la de &#8220;el goce&#8221; pero con Javier Milei despu\u00e9s que surgi\u00f3 en el juicio el planteo por violencia de g\u00e9nero. Marano tambi\u00e9n pidi\u00f3 una evaluaci\u00f3n psicol\u00f3gica que determine si su defendido es machista.<\/p>\n<h2>La testigo que fue presa<\/h2>\n<div class=\"slot-available\"><\/div>\n<p>Otra de las sorpresas del d\u00eda fue la detenci\u00f3n de Lidia Alejandra Ben\u00edtez, una mujer de 25 a\u00f1os, amiga de Carrizo a quien la fiscal\u00eda y la querella terminaron acusando de falso testimonio, a lo que la defensa de Sabag no se opuso. De pelo negro lacio, con nervios visibles desde el comienzo de su testimonio, Ben\u00edtez tuvo contradicciones con la declaraci\u00f3n que hab\u00eda prestado durante la investigaci\u00f3n en primera instancia en diciembre de 2022. Por empezar, cada vez que en el juicio le preguntaban algo relevante la respuesta era &#8220;no recuerdo&#8221; o &#8220;era un chiste&#8221;. Por ejemplo: Carrizo le escribi\u00f3 por Whatsapp despu\u00e9s del atentado, le mostr\u00f3 que ella conoc\u00eda al autor del intento de magnicidio y dijo que el trabajo lo iba terminar \u00e9l. Ella dijo, a tono con los argumentos del propio acusado, que era una broma. Entonces la fiscal\u00eda pregunt\u00f3 por qu\u00e9 hab\u00eda borrado los mensajes y su explicaci\u00f3n fue que &#8220;la prensa es amarillista&#8221; y ella sab\u00eda que a su amigo lo iban a &#8220;culpar injustamente&#8221;. En un momento incluso afirm\u00f3 que pon\u00eda &#8220;las manos en el fuego por Carrizo&#8221;.<\/p>\n<div class=\"slot-available\"><\/div>\n<p>Pero hubo cuestiones muy puntuales que determinaron que termine presa: en la etapa de instrucci\u00f3n hab\u00eda dicho que Carrizo le cont\u00f3 que ten\u00eda un arma de fuego para autodefensa en su casa, pero en el juicio dijo que no, que era un chiste y se trataba de un arma de juguete. Es un tema clave, porque en los chats posteriores al atentado surge que Carrizo les habr\u00eda dado a Uliarte y Sabag Montiel un arma calibre .22, que no fue la que se utiliz\u00f3 y nunca apareci\u00f3 pero se sospecha que la hicieron desaparecer.<\/p>\n<p>Ben\u00edtez dijo que participaba en &#8220;juntadas&#8221; con Carrizo y all\u00ed hab\u00eda visto a Sabag Montiel y a Uliarte. A Sabag relat\u00f3 que lo conoc\u00eda de antes, de Facebook, que lo invit\u00f3 a una fiesta y despu\u00e9s de 2019 no lo hab\u00eda visto m\u00e1s. Lo que asegur\u00f3 en el juicio es que Carrizo y el hombre que intent\u00f3 dispararle a CFK no hablaban de pol\u00edtica. Sin embargo ante la fiscal\u00eda de instrucci\u00f3n hab\u00eda narrado que cuando se reun\u00edan en la casa de Sergio Orozco (la vivienda en Barracas donde sol\u00edan encontrarse los llamados &#8220;copitos&#8221;), Sabag Montiel y Carrizo no solo hablaban\u00a0 de pol\u00edtica sino que el primero dec\u00eda que si mataban a la entonces vicepresidenta\u00a0 se terminaban los problemas del pa\u00eds y el peronismo. Cuando le leyeron su propia declaraci\u00f3n sostuvo que en realidad era un chiste, que Carrizo bromeaba y que Sabag lo dec\u00eda en serio. Tambi\u00e9n le mostraron que le hab\u00eda aconsejado a Carrizo borrar el estado de whatsapp donde dec\u00eda &#8220;Seguro el pr\u00f3ximo sos vos Alberto!&#8221;. Pero ella insist\u00eda en que \u00e9l ten\u00eda &#8220;un humor muy negro&#8221;, el propio discurso de defensa del jefe de los vendedores de algod\u00f3n de az\u00facar.<\/p>\n<div class=\"slot-available\"><\/div>\n<h2>El celular de Sabag<\/h2>\n<p>Al comienzo del d\u00eda, Cipolla logr\u00f3 generar tanto revuelo que opac\u00f3 un anuncio que hab\u00eda ocurrido unos minutos antes: Namer dijo que no ten\u00edan noticias sobre el pedido de colaboraci\u00f3n al Estado de Israel para peritar el celular de Sabag Montiel y que por lo tanto el an\u00e1lisis del aparato lo har\u00e1n los expertos locales de la Direcci\u00f3n General de Investigaciones y Apoyo Tecnol\u00f3gico a la Investigaci\u00f3n Penal (DATIP).<\/p>\n<p>El tel\u00e9fono hab\u00eda quedado reseteado de f\u00e1brica tras el segundo intento de extraer la informaci\u00f3n. El primero lo hab\u00eda hecho agentes de la Polic\u00eda Federal dentro del juzgado de Mar\u00eda Eugenia Capuchetti, pero como les aparec\u00eda un mensaje de &#8220;error&#8221; desistieron; durante todo el 2 de septiembre (el d\u00eda despu\u00e9s del atentado) el aparato qued\u00f3 en la caja fuerte del juzgado, y a la noche la magistrada lo mand\u00f3 con su custodia a la Polic\u00eda de Seguridad Aeroportuaria en Ezeiza.<\/p>\n<div class=\"slot-available\"><\/div>\n<p>All\u00ed lo entreg\u00f3, seg\u00fan un acta en un sobre abierto, sin cadena de custodia y con una leyenda roja de alerta. Los peritos avanzaron igual por indicaci\u00f3n de un secretario judicial pero al enchufarlo el dispositivo qued\u00f3 borrado. Nunca m\u00e1s se analiz\u00f3. Este ser\u00e1 el \u00faltimo intento: puede que sea exitoso, pero tambi\u00e9n es posible que quede destruido definitivamente.<\/p>\n<h2>Agustina D\u00edaz<\/h2>\n<p>Entre tantas cuestiones tambi\u00e9n pareci\u00f3 pasar a un segundo plano el esperado testimonio de Agustina D\u00edaz, la amiga e Uliarte que hab\u00eda estado presa por las conversaciones que hab\u00eda tenido con ella antes y despu\u00e9s del intento de asesinato de CFK, pero que fue sobrese\u00edda. La chica, de 23 a\u00f1os, hab\u00eda pedido no declarar, pero\u00a0 tras una evaluaci\u00f3n psicol\u00f3gica debi\u00f3 hacerlo. Al repasar su historia con Brenda &#8211;con quien se ten\u00edan mutuamente agendadas como &#8220;amor de mi vida&#8221;&#8211; cont\u00f3 que se conocieron en segundo a\u00f1o del secundario, pero ella repiti\u00f3 tercero y se cambi\u00f3 de colegio. Que nunca hablaban de pol\u00edtica ni Brenda iba a marchas pero comenz\u00f3 a hacerlo cerca de la \u00e9poca del atentado. &#8220;Dec\u00eda que era hora de cambiar el pa\u00eds; iba a marchas en la (Casa) Rosada donde tiraron no s\u00e9 que cosa&#8221;, se refiri\u00f3, posiblemente, a las antorchas de la agrupaci\u00f3n Revoluci\u00f3n Federal. Un d\u00eda le mand\u00f3 una foto de un arma, la ten\u00eda en sus manos. Le dijo que era de un amigo, pero no de qui\u00e9n, que era para protegerse de una expareja, pero que no dijera nada.<\/p>\n<div class=\"slot-available\"><\/div>\n<p>M\u00e1s adelante le mandaba mensajes como: &#8220;Estoy organizando para ir a hacer bardo a la casa rosada con bombas molotov y todo&#8221;;\u00a0 &#8220;voy con el fierro y le pego un tiro a Cristina, me dan los ovarios para hacerlo&#8221;; &#8220;no es joda boluda, estoy armando un grupo para ir con antorchas, bombas, fierro todo, voy a ser la libertadora de Argentina, estuve practicando tiro, se usar un fierro&#8221;. El d\u00eda del primer intento de Sabag Montiel, el 27 de agosto de 2022, le escribi\u00f3: &#8220;Hoy me convierto en San Mart\u00edn&#8221;. Le dijo que hab\u00eda mandado\u00a0 a matar a CFK, pero que Sabag (no le dijo qui\u00e9n era) no hab\u00eda podido porque ella se meti\u00f3 en su casa y hab\u00eda c\u00e1maras. Tambi\u00e9n le escribi\u00f3 el d\u00eda del atentado: Uliarte le avis\u00f3 sin darle detalles. D\u00edaz dijo que nunca la hab\u00eda tomado en serio y que, aunque le diera verg\u00fcenza, ella misma hab\u00eda bromeado al comienzo con el ataque a la expresidenta. Que no entendi\u00f3 cabalmente, ni siquiera la responsabilidad de Sabag, hasta que la detuvieron a Brenda. Sobre \u00e9l, cont\u00f3, ella &#8220;se quejaba de la actividad sexual&#8221;. En cambio era elogiosa con Eduardo Prestofelippo, El Presto.<\/p>\n<div class=\"slot-available\"><\/div>\n<p>Agustina cont\u00f3 que a Uliarte la hab\u00eda afectado la p\u00e9rdida de un beb\u00e9 con pocos d\u00edas de vida. En\u00a0 ese momento la rompi\u00f3 a llorar y tuvo que salir de la sala. El 1 de septiembre, d\u00eda del atentado, cont\u00f3 D\u00edaz, Brenda puso un estado de whastapp donde &#8220;dec\u00eda que se iba a casar con el hombre que hab\u00eda hecho lo que hizo, que tuvo huevos para hacerlo y que esa persona iba tener por siempre su coraz\u00f3n&#8221;. Tambi\u00e9n le dijo a ella que &#8220;Sabag no hab\u00eda practicado y que ella lo hubiera hecho mejor&#8221;.<\/p>\n","protected":false},"excerpt":{"rendered":"<p>La \u00faltima audiencia del juicio por el intento de magnicidio contra Cristina Fern\u00e1ndez de Kirchner vino recargada con momentos que generaron sorpresa, enojos y m\u00e1xima tensi\u00f3n. Por un lado\u00a0el defensor de Brenda Uliarte pidi\u00f3 que se cite a declarar a la expresidenta para que diga si se autopercibe mujer. Una solicitud que desat\u00f3 una ola [&hellip;]<\/p>\n","protected":false},"author":2,"featured_media":22444,"comment_status":"closed","ping_status":"closed","sticky":false,"template":"","format":"standard","meta":{"footnotes":""},"categories":[79],"tags":[],"class_list":{"0":"post-22443","1":"post","2":"type-post","3":"status-publish","4":"format-standard","5":"has-post-thumbnail","7":"category-politica"},"_links":{"self":[{"href":"https:\/\/radiobitacora.com.ar\/web\/wp-json\/wp\/v2\/posts\/22443","targetHints":{"allow":["GET"]}}],"collection":[{"href":"https:\/\/radiobitacora.com.ar\/web\/wp-json\/wp\/v2\/posts"}],"about":[{"href":"https:\/\/radiobitacora.com.ar\/web\/wp-json\/wp\/v2\/types\/post"}],"author":[{"embeddable":true,"href":"https:\/\/radiobitacora.com.ar\/web\/wp-json\/wp\/v2\/users\/2"}],"replies":[{"embeddable":true,"href":"https:\/\/radiobitacora.com.ar\/web\/wp-json\/wp\/v2\/comments?post=22443"}],"version-history":[{"count":0,"href":"https:\/\/radiobitacora.com.ar\/web\/wp-json\/wp\/v2\/posts\/22443\/revisions"}],"wp:featuredmedia":[{"embeddable":true,"href":"https:\/\/radiobitacora.com.ar\/web\/wp-json\/wp\/v2\/media\/22444"}],"wp:attachment":[{"href":"https:\/\/radiobitacora.com.ar\/web\/wp-json\/wp\/v2\/media?parent=22443"}],"wp:term":[{"taxonomy":"category","embeddable":true,"href":"https:\/\/radiobitacora.com.ar\/web\/wp-json\/wp\/v2\/categories?post=22443"},{"taxonomy":"post_tag","embeddable":true,"href":"https:\/\/radiobitacora.com.ar\/web\/wp-json\/wp\/v2\/tags?post=22443"}],"curies":[{"name":"wp","href":"https:\/\/api.w.org\/{rel}","templated":true}]}}