{"id":22452,"date":"2024-11-11T08:45:11","date_gmt":"2024-11-11T11:45:11","guid":{"rendered":"https:\/\/radiobitacora.com.ar\/web\/?p=22452"},"modified":"2024-11-11T08:45:11","modified_gmt":"2024-11-11T11:45:11","slug":"los-principales-partidos-se-movilizan-con-la-mirada-hacia-2025","status":"publish","type":"post","link":"https:\/\/radiobitacora.com.ar\/web\/2024\/11\/11\/los-principales-partidos-se-movilizan-con-la-mirada-hacia-2025\/","title":{"rendered":"Los principales partidos se movilizan con la mirada hacia 2025"},"content":{"rendered":"<p>No se espera un escenario polarizado para las elecciones de 2025. Con la campa\u00f1a por la Gobernaci\u00f3n como tel\u00f3n de fondo, los principales partidos contin\u00faan moviliz\u00e1ndose. La UCR busca acelerar sus internas a diciembre, La Libertad Avanza (LLA) espera consolidar su estructura en la provincia con visitas nacionales y un sector mayoritario del Partido Justicialista (PJ) refuerza su respaldo a Cristina Kirchner.<\/p>\n<p>En Corrientes, la Uni\u00f3n C\u00edvica Radical (UCR) recibi\u00f3 el pasado fin de semana al interventor Juli\u00e1n Galdeano, extitular del radicalismo de Santa Fe. Este tiene plazo hasta fines de febrero para encauzar el proceso de normalizaci\u00f3n luego de que la Justicia Federal decidiera hacer lugar a un pedido del ex Comit\u00e9 Central de posponer las internas previstas para el pasado 27 de octubre. La nueva fecha que fij\u00f3 fue febrero de 2025, pero para un gran n\u00famero de dirigentes es una fecha que deja contrarreloj las conversaciones con los socios de cara a las elecciones por la Gobernaci\u00f3n. De all\u00ed que varios dirigentes salieron a manifestar la necesidad de votar autoridades partidarias en diciembre.<\/p>\n<div class=\"center medium m_image\">\n<figure><picture><source srcset=\"https:\/\/www.diarioepoca.com\/content\/bucket\/3\/1394323w380h217c.jpg.webp\" type=\"image\/webp\" media=\"(min-width: 640px)\" \/><source srcset=\"https:\/\/www.diarioepoca.com\/content\/bucket\/3\/1394323w440h251c.jpg.webp\" type=\"image\/webp\" media=\"(min-width: 300px)\" \/><source srcset=\"https:\/\/www.diarioepoca.com\/content\/bucket\/3\/1394323w380h217c.jpg\" media=\"(min-width: 300px)\" \/><img loading=\"lazy\" decoding=\"async\" class=\"pic\" src=\"https:\/\/www.diarioepoca.com\/content\/bucket\/3\/1394323w380h217c.jpg.webp\" alt=\"\" width=\"380\" height=\"217\" \/><\/picture><\/figure>\n<\/div>\n<p>Galdeano est\u00e1 de acuerdo en anticipar la fecha, ya que tambi\u00e9n considera que febrero es un mes lejano. &#8220;Si todo marcha bien se podr\u00e1 hacer en diciembre, pero si surgen dificultades, quiz\u00e1s tengamos que posponer un poco&#8221;, asegur\u00f3 ayer en declaraciones a Radio Sudamericana. No obstante, fue certero en se\u00f1alar que se debe respetar un cronograma, el cual debe desarrollarse en un plazo razonable.<\/p>\n<p>&#8220;El primer objetivo es que la UCR de Corrientes pueda elegir sus autoridades, normalizarse institucionalmente y encarar el proceso electoral con la mayor legitimidad posible&#8221;, expres\u00f3 el flamante interventor. &#8220;Mi tarea es buscar la unidad partidaria dentro de un contexto de diferencias leg\u00edtimas, con el objetivo de que los afiliados puedan expresarse y elegir a sus autoridades&#8221;, dijo, aunque reconoci\u00f3 que existen matices y estilos distintos que marcan a los sectores que hoy est\u00e1n en disputa.<\/p>\n<p>Cabe mencionar que un sector ampliamente mayoritario decidi\u00f3 respaldar al gobernador, Gustavo Vald\u00e9s, como presidente de la UCR Corrientes. A tal punto, que solo se present\u00f3 una lista para el Comit\u00e9 Central encabezada por el actual titular del Ejecutivo Provincial. No obstante, octubre era una fecha clave para las elecciones autoridades en los comit\u00e9s jurisdiccionales donde no hubo acuerdo como el caso de Goya, Mercedes y Paso de los Libres.<\/p>\n<p>Entre los referentes de dicho sector manifestaron su tranquilidad por el proceso. &#8220;Su planteo lo hizo con mucha imparcialidad&#8221;, expres\u00f3 sus apreciaciones sobre el interventor, el presidente de la bancada de la UCR en la C\u00e1mara de Diputados de Corrientes, Norberto Ast. Para el dirigente del radicalismo de Capital, es menester tener la instituci\u00f3n normalizada antes de fin de a\u00f1o, especialmente porque deben encarar un a\u00f1o electoral como columna vertebral de la alianza del partido gobernante.<\/p>\n<div class=\"center medium m_image\">\n<figure><picture><source srcset=\"https:\/\/www.diarioepoca.com\/content\/bucket\/4\/1394324w380h132c.jpg.webp\" type=\"image\/webp\" media=\"(min-width: 640px)\" \/><source srcset=\"https:\/\/www.diarioepoca.com\/content\/bucket\/4\/1394324w440h153c.jpg.webp\" type=\"image\/webp\" media=\"(min-width: 300px)\" \/><source srcset=\"https:\/\/www.diarioepoca.com\/content\/bucket\/4\/1394324w380h132c.jpg\" media=\"(min-width: 300px)\" \/><img loading=\"lazy\" decoding=\"async\" class=\"pic\" src=\"https:\/\/www.diarioepoca.com\/content\/bucket\/4\/1394324w380h132c.jpg.webp\" alt=\"\" width=\"380\" height=\"132\" \/><\/picture><\/figure>\n<\/div>\n<p>Uno de los partidos que extiende su alcance territorial es La Libertad Avanza. A nivel distrital ya se ha formalizado y la presidencia est\u00e1 en manos de Laura Oderda Marcor\u00e9, esposa del diputado nacional por Corrientes e integrante de LLA, Lisandro Almir\u00f3n. En el marco de una gira para consolidar presencia en las provincias, este s\u00e1bado estuvieron en la regi\u00f3n y en la jurisdicci\u00f3n el presidente de la C\u00e1mara de Diputados de la Naci\u00f3n, Mart\u00edn Menem, y la secretaria de la Presidencia de la Naci\u00f3n, Karina Milei.<\/p>\n<p>La denominaci\u00f3n de la alianza que llev\u00f3 a Javier Milei a la Casa Rosada deriv\u00f3 en sello partidario. En Corrientes abrieron m\u00e1s de 17 sedes en el interior, lo que habla a las claras las intenciones de competir en 2025 con un espacio propio. &#8220;Vamos a presentarnos desde la Libertad Avanza para llenar de concejales, intendentes, legisladores provinciales, y vamos a pelear por las gobernaciones tambi\u00e9n, porque no somos un partido de paso, vinimos a poner las ideas sobre la mesa y esto va a trascendernos&#8221;, dijo el s\u00e1bado el titular de la C\u00e1mara baja nacional en conferencia de prensa.<\/p>\n<div class=\"center medium m_image\">\n<figure><picture><source srcset=\"https:\/\/www.diarioepoca.com\/content\/bucket\/5\/1394325w380h132c.jpg.webp\" type=\"image\/webp\" media=\"(min-width: 640px)\" \/><source srcset=\"https:\/\/www.diarioepoca.com\/content\/bucket\/5\/1394325w440h153c.jpg.webp\" type=\"image\/webp\" media=\"(min-width: 300px)\" \/><source srcset=\"https:\/\/www.diarioepoca.com\/content\/bucket\/5\/1394325w380h132c.jpg\" media=\"(min-width: 300px)\" \/><img loading=\"lazy\" decoding=\"async\" class=\"pic\" src=\"https:\/\/www.diarioepoca.com\/content\/bucket\/5\/1394325w380h132c.jpg.webp\" alt=\"\" width=\"380\" height=\"132\" \/><\/picture><\/figure>\n<\/div>\n<p>El dirigente libertario expres\u00f3 que no aspiran a un &#8220;amontonamiento&#8221; de partidos para ir las urnas el pr\u00f3ximo a\u00f1o. Aunque, mantuvo cautela al momento de hablar de candidaturas ya que ser\u00eda &#8220;ofensivo&#8221; por la crisis que atraviesa el pa\u00eds.<\/p>\n<p>Para Almir\u00f3n est\u00e1 m\u00e1s que claro el quiebre de la polarizaci\u00f3n. &#8220;El partido pol\u00edtico tiene para nosotros una gran significaci\u00f3n porque viene a romper la l\u00f3gica bipartidista por la que se fund\u00f3 y se construy\u00f3 este pa\u00eds&#8221;, hab\u00eda expresado a \u00e9poca. En Corrientes tambi\u00e9n podr\u00eda atravesar dicha l\u00f3gica, un escenario que no se observaba desde 2009.<\/p>\n<div class=\"center medium m_image\">\n<figure><picture><source srcset=\"https:\/\/www.diarioepoca.com\/content\/bucket\/6\/1394326w380h132c.jpg.webp\" type=\"image\/webp\" media=\"(min-width: 640px)\" \/><source srcset=\"https:\/\/www.diarioepoca.com\/content\/bucket\/6\/1394326w440h153c.jpg.webp\" type=\"image\/webp\" media=\"(min-width: 300px)\" \/><source srcset=\"https:\/\/www.diarioepoca.com\/content\/bucket\/6\/1394326w380h132c.jpg\" media=\"(min-width: 300px)\" \/><img loading=\"lazy\" decoding=\"async\" class=\"pic\" src=\"https:\/\/www.diarioepoca.com\/content\/bucket\/6\/1394326w380h132c.jpg.webp\" alt=\"\" width=\"380\" height=\"132\" \/><\/picture><\/figure>\n<\/div>\n<p>Por su parte, el Partido Justicialista contin\u00faa intervenido desde 2019. Si bien en un principio se hab\u00eda fijado fecha para el 17 de noviembre para ir a internas, finalmente el proceso cay\u00f3. La elecci\u00f3n de autoridades est\u00e1 prevista para el pr\u00f3ximo a\u00f1o y hay posiciones encontradas puertas adentro respecto de normalizar el partido en per\u00edodo electoral.<\/p>\n<p>Las internas correntinas deber\u00edan haberse hecho en simult\u00e1neo con las nacionales. Con la lista que encabeza Cristina Kirchner proclamada y con un PJ local que respald\u00f3 a la expresidente, buscar\u00e1 consolidar su estrategia bajo la gravitaci\u00f3n de su imagen que ya polariza con Javier Milei.<\/p>\n<p>En la provincia varios fueron los referentes que respaldaron a Cristina, entre ellos, los diputados nacionales Jorge Antonio Romero Romero y Nancy Sand; como as\u00ed, los dirigentes de La C\u00e1mpora, tal es el caso del senador provincial, Jos\u00e9 &#8220;Pitin&#8221; Ruiz Arag\u00f3n, quien, adem\u00e1s, contin\u00faa moviliz\u00e1ndose por los barrios de la capital provincial donde mantiene encuentro con los vecinos.<\/p>\n","protected":false},"excerpt":{"rendered":"<p>No se espera un escenario polarizado para las elecciones de 2025. Con la campa\u00f1a por la Gobernaci\u00f3n como tel\u00f3n de fondo, los principales partidos contin\u00faan moviliz\u00e1ndose. La UCR busca acelerar sus internas a diciembre, La Libertad Avanza (LLA) espera consolidar su estructura en la provincia con visitas nacionales y un sector mayoritario del Partido Justicialista [&hellip;]<\/p>\n","protected":false},"author":2,"featured_media":22453,"comment_status":"closed","ping_status":"closed","sticky":false,"template":"","format":"standard","meta":{"footnotes":""},"categories":[79],"tags":[],"class_list":{"0":"post-22452","1":"post","2":"type-post","3":"status-publish","4":"format-standard","5":"has-post-thumbnail","7":"category-politica"},"_links":{"self":[{"href":"https:\/\/radiobitacora.com.ar\/web\/wp-json\/wp\/v2\/posts\/22452","targetHints":{"allow":["GET"]}}],"collection":[{"href":"https:\/\/radiobitacora.com.ar\/web\/wp-json\/wp\/v2\/posts"}],"about":[{"href":"https:\/\/radiobitacora.com.ar\/web\/wp-json\/wp\/v2\/types\/post"}],"author":[{"embeddable":true,"href":"https:\/\/radiobitacora.com.ar\/web\/wp-json\/wp\/v2\/users\/2"}],"replies":[{"embeddable":true,"href":"https:\/\/radiobitacora.com.ar\/web\/wp-json\/wp\/v2\/comments?post=22452"}],"version-history":[{"count":0,"href":"https:\/\/radiobitacora.com.ar\/web\/wp-json\/wp\/v2\/posts\/22452\/revisions"}],"wp:featuredmedia":[{"embeddable":true,"href":"https:\/\/radiobitacora.com.ar\/web\/wp-json\/wp\/v2\/media\/22453"}],"wp:attachment":[{"href":"https:\/\/radiobitacora.com.ar\/web\/wp-json\/wp\/v2\/media?parent=22452"}],"wp:term":[{"taxonomy":"category","embeddable":true,"href":"https:\/\/radiobitacora.com.ar\/web\/wp-json\/wp\/v2\/categories?post=22452"},{"taxonomy":"post_tag","embeddable":true,"href":"https:\/\/radiobitacora.com.ar\/web\/wp-json\/wp\/v2\/tags?post=22452"}],"curies":[{"name":"wp","href":"https:\/\/api.w.org\/{rel}","templated":true}]}}