{"id":22464,"date":"2024-11-11T09:08:58","date_gmt":"2024-11-11T12:08:58","guid":{"rendered":"https:\/\/radiobitacora.com.ar\/web\/?p=22464"},"modified":"2024-11-11T09:08:58","modified_gmt":"2024-11-11T12:08:58","slug":"milei-quiere-que-los-gremios-de-aerolineas-acepten-eliminar-todos-los-privilegios-de-los-convenios-o-avanzara-con-el-cierre","status":"publish","type":"post","link":"https:\/\/radiobitacora.com.ar\/web\/2024\/11\/11\/milei-quiere-que-los-gremios-de-aerolineas-acepten-eliminar-todos-los-privilegios-de-los-convenios-o-avanzara-con-el-cierre\/","title":{"rendered":"Milei quiere que los gremios de Aerol\u00edneas acepten eliminar todos los privilegios de los convenios o avanzar\u00e1 con el cierre"},"content":{"rendered":"<p class=\"paragraph\" data-mrf-recirculation=\"Links inline\">La protesta salvaje de los sindicalistas aeron\u00e1uticos de la\u00a0<a href=\"https:\/\/www.infobae.com\/economia\/2024\/11\/07\/otra-vez-pasajeros-atrapados-en-un-avion-sin-despegar-ni-poder-bajar-estamos-encerrados-hace-una-hora-y-media\/\" target=\"_blank\" rel=\"noopener noreferrer\" data-mrf-link=\"https:\/\/www.infobae.com\/economia\/2024\/11\/07\/otra-vez-pasajeros-atrapados-en-un-avion-sin-despegar-ni-poder-bajar-estamos-encerrados-hace-una-hora-y-media\/\">semana pasada<\/a>\u00a0fue un punto de inflexi\u00f3n para\u00a0<a href=\"https:\/\/www.infobae.com\/tag\/javier-milei\/\" target=\"_blank\" rel=\"noopener noreferrer\" data-mrf-link=\"https:\/\/www.infobae.com\/tag\/javier-milei\/\">Javier Milei<\/a>. Los testimonios de los pasajeros que estuvieron horas encerrados en aviones por un paro llevaron al Presidente a poner en marcha el\u00a0<b>implacable m\u00e9todo<\/b>\u00a0que activa ante algunos\u00a0<a href=\"https:\/\/www.infobae.com\/politica\/2024\/11\/10\/entre-amenazas-de-paros-y-de-cierre-el-gobierno-se-reunira-manana-con-los-gremios-para-tratar-de-destrabar-el-conflicto-con-aerolineas-argentinas\/\" target=\"_blank\" rel=\"noopener noreferrer\" data-mrf-link=\"https:\/\/www.infobae.com\/politica\/2024\/11\/10\/entre-amenazas-de-paros-y-de-cierre-el-gobierno-se-reunira-manana-con-los-gremios-para-tratar-de-destrabar-el-conflicto-con-aerolineas-argentinas\/\">conflictos\u00a0<\/a>que asume de manera personal. Lo aplic\u00f3 con los piqueteros, en el principio de su gobierno, y lo volvi\u00f3 a usar, semanas atr\u00e1s, ante el reclamo universitario. Lejos de sentirse inc\u00f3modo, el primer mandatario no reh\u00faye los conflictos, sino que hasta los enfrenta sin pruritos. Son peleas que se generan en torno al mismo problema:<b> repartir las p\u00e9rdidas en tiempos de \u201cno hay plata\u201d y d\u00e9ficit cero.<\/b><\/p>\n<p class=\"paragraph\" data-mrf-recirculation=\"Links inline\">Hace muchos a\u00f1os -por junio de 2001- la sociedad ten\u00eda con Aerol\u00edneas Argentinas un v\u00ednculo de pertenencia y afecto. Eran tiempos en que los carteles \u201c<b>Todos Somos Aerol\u00edneas<\/b>\u201d aparec\u00edan pegados en las casas y las lunetas de los autos. \u00c9pocas de una privatizaci\u00f3n fallida que deriv\u00f3 en la posibilidad de una quiebra y la decisi\u00f3n del Estado de salir al rescate despu\u00e9s de una campa\u00f1a de los sindicatos aeron\u00e1uticos, que llegaron a cruzar un Jumbo en una pista en Ezeiza como modo de protesta. Un ins\u00f3lito piquete aeron\u00e1utico que fue noticia en varios diarios del mundo.<\/p>\n<div class=\" visual__image\"><picture><source srcset=\"https:\/\/www.infobae.com\/resizer\/v2\/GYRCCIMB4ZBPRMD5ARRHHNWINQ.jpg?auth=8cb50b852a6774a0cde01b285c5d712c5681c4aad9e612c55c50dd3db6e1200b&amp;smart=true&amp;width=992&amp;height=558&amp;quality=85\" media=\"(min-width: 1000px)\" \/><source srcset=\"https:\/\/www.infobae.com\/resizer\/v2\/GYRCCIMB4ZBPRMD5ARRHHNWINQ.jpg?auth=8cb50b852a6774a0cde01b285c5d712c5681c4aad9e612c55c50dd3db6e1200b&amp;smart=true&amp;width=768&amp;height=432&amp;quality=85\" media=\"(min-width: 768px)\" \/><source srcset=\"https:\/\/www.infobae.com\/resizer\/v2\/GYRCCIMB4ZBPRMD5ARRHHNWINQ.jpg?auth=8cb50b852a6774a0cde01b285c5d712c5681c4aad9e612c55c50dd3db6e1200b&amp;smart=true&amp;width=577&amp;height=325&amp;quality=85\" media=\"(min-width: 580px)\" \/><source srcset=\"https:\/\/www.infobae.com\/resizer\/v2\/GYRCCIMB4ZBPRMD5ARRHHNWINQ.jpg?auth=8cb50b852a6774a0cde01b285c5d712c5681c4aad9e612c55c50dd3db6e1200b&amp;smart=true&amp;width=420&amp;height=236&amp;quality=85\" media=\"(min-width: 350px)\" \/><source srcset=\"https:\/\/www.infobae.com\/resizer\/v2\/GYRCCIMB4ZBPRMD5ARRHHNWINQ.jpg?auth=8cb50b852a6774a0cde01b285c5d712c5681c4aad9e612c55c50dd3db6e1200b&amp;smart=true&amp;width=350&amp;height=197&amp;quality=85\" media=\"(min-width: 80px)\" \/><img loading=\"lazy\" decoding=\"async\" class=\"global-image\" src=\"https:\/\/www.infobae.com\/resizer\/v2\/GYRCCIMB4ZBPRMD5ARRHHNWINQ.jpg?auth=8cb50b852a6774a0cde01b285c5d712c5681c4aad9e612c55c50dd3db6e1200b&amp;smart=true&amp;width=350&amp;height=197&amp;quality=85\" alt=\"La protesta de la semana pasada dej\u00f3 a cientos de pasajeros en tierra y miles encerrados arriba de los aviones   \" width=\"1920\" height=\"1080\" \/><\/picture>La protesta de la semana pasada dej\u00f3 a cientos de pasajeros en tierra y miles encerrados arriba de los aviones<\/div>\n<div class=\"inline ad-wrapper\">\n<div class=\"dfpAd ad-inline\"><\/div>\n<\/div>\n<p class=\"paragraph\" data-mrf-recirculation=\"Links inline\">De aquellos polvos no quedan lodos. La \u00faltima protesta de los sindicatos que retuvieron hasta la desesperaci\u00f3n a cientos de pasajeros, lejos de generar simpat\u00eda y solidaridad, provocaron una ola de rechazo social que tuvo en las redes sociales una repercusi\u00f3n masiva e instant\u00e1nea. \u201cUn paro puede afectar un vuelo que est\u00e1 por salir, pero NUNCA, puede dejar de atender un vuelo ya empezado.\u00a0<b>Eso es una atrocidad, es tomar a los pasajeros de rehenes<\/b> (est\u00e1n privados de su libertad) y poner a las tripulaciones en una situaci\u00f3n insostenible. CONDENABLE Y VERGONZOSO (sic)\u201d, public\u00f3 Enrique Pi\u00f1eyro, experimentado piloto, que no esconde -cuando las tiene- sus cr\u00edticas al Gobierno.<\/p>\n<p class=\"paragraph\" data-mrf-recirculation=\"Links inline\">Ante esto, la situaci\u00f3n qued\u00f3 planteada clara la semana pasada. Como primicia,\u00a0<a href=\"https:\/\/www.infobae.com\/politica\/2024\/11\/06\/ultimatum-del-gobierno-a-los-gremios-por-aerolineas-el-viernes-deberan-presentar-una-propuesta-o-cierra-la-empresa\/\" target=\"_blank\" rel=\"noopener noreferrer\" data-mrf-link=\"https:\/\/www.infobae.com\/politica\/2024\/11\/06\/ultimatum-del-gobierno-a-los-gremios-por-aerolineas-el-viernes-deberan-presentar-una-propuesta-o-cierra-la-empresa\/\">Infobae\u00a0<\/a>revel\u00f3 que Milei hab\u00eda transmitido un ultim\u00e1tum a los sindicatos para que le presenten un plan cuyo contenido iba a ser analizado y, si no era \u201cde su agrado\u201d, avanzar\u00eda con un cierre sumario. \u00bfQu\u00e9 significaba un<b>\u00a0\u201cplan de su agrado\u201d<\/b>? Este medio pudo confirmar en fuentes interiorizadas en el conflicto que el presidente espera que los gremios aeron\u00e1uticos acepten discutir los convenios colectivos en esta paritaria y eliminen todos y cada uno de los beneficios que tienen los empleados de Aerol\u00edneas Argentinas y que est\u00e1n por encima del mercado.<\/p>\n<div class=\"inline_2_DSK ad-wrapper ad-desktop\">\n<div class=\"dfpAd ad-inline\"><\/div>\n<\/div>\n<p class=\"paragraph\" data-mrf-recirculation=\"Links inline\">A la virtual declaraci\u00f3n de guerra que ocurri\u00f3 la semana pasada con la pol\u00e9mica medida gremial que gener\u00f3 un caos en Aeroparque, en el Gobierno esperan una rendici\u00f3n incondicional de los sindicatos que vienen motorizando el conflicto. Hay un frente que est\u00e1 roto entre los sindicatos: es que los pilotos de Pablo Bir\u00f3 (APLA); el personal de tierra de Edgardo Llano (APA); y las azafatas y tripulantes de cabina de Juan Pablo Brey (Aeronavegantes), tienen una posici\u00f3n de conflicto que se diferencia de Ricardo Cirielli, del sindicato de los t\u00e9cnicos (APTA), que denuncia un \u201clockout sindical\u201d.<\/p>\n<div class=\" visual__image\"><picture><source srcset=\"https:\/\/www.infobae.com\/resizer\/v2\/ZILDPXATNRF2VO53QPSMJLOULM.jpg?auth=283392c81a3aa1a82cd975d45fe7278080bf0b56052bfe3af984dd4421e6676b&amp;smart=true&amp;width=992&amp;height=558&amp;quality=85\" media=\"(min-width: 1000px)\" \/><source srcset=\"https:\/\/www.infobae.com\/resizer\/v2\/ZILDPXATNRF2VO53QPSMJLOULM.jpg?auth=283392c81a3aa1a82cd975d45fe7278080bf0b56052bfe3af984dd4421e6676b&amp;smart=true&amp;width=768&amp;height=432&amp;quality=85\" media=\"(min-width: 768px)\" \/><source srcset=\"https:\/\/www.infobae.com\/resizer\/v2\/ZILDPXATNRF2VO53QPSMJLOULM.jpg?auth=283392c81a3aa1a82cd975d45fe7278080bf0b56052bfe3af984dd4421e6676b&amp;smart=true&amp;width=577&amp;height=325&amp;quality=85\" media=\"(min-width: 580px)\" \/><source srcset=\"https:\/\/www.infobae.com\/resizer\/v2\/ZILDPXATNRF2VO53QPSMJLOULM.jpg?auth=283392c81a3aa1a82cd975d45fe7278080bf0b56052bfe3af984dd4421e6676b&amp;smart=true&amp;width=420&amp;height=236&amp;quality=85\" media=\"(min-width: 350px)\" \/><source srcset=\"https:\/\/www.infobae.com\/resizer\/v2\/ZILDPXATNRF2VO53QPSMJLOULM.jpg?auth=283392c81a3aa1a82cd975d45fe7278080bf0b56052bfe3af984dd4421e6676b&amp;smart=true&amp;width=350&amp;height=197&amp;quality=85\" media=\"(min-width: 80px)\" \/><img loading=\"lazy\" decoding=\"async\" class=\"global-image\" src=\"https:\/\/www.infobae.com\/resizer\/v2\/ZILDPXATNRF2VO53QPSMJLOULM.jpg?auth=283392c81a3aa1a82cd975d45fe7278080bf0b56052bfe3af984dd4421e6676b&amp;smart=true&amp;width=350&amp;height=197&amp;quality=85\" alt=\"Pablo Bir\u00f3 (pilotos de APLA), Edgardo Llano (APA) y Rub\u00e9n Fern\u00e1ndez (UPSA)\" width=\"1920\" height=\"1080\" \/><\/picture>Pablo Bir\u00f3 (pilotos de APLA), Edgardo Llano (APA) y Rub\u00e9n Fern\u00e1ndez (UPSA)<\/div>\n<p class=\"paragraph\" data-mrf-recirculation=\"Links inline\">En la reuni\u00f3n del viernes, los sindicatos fueron a reclamar aumentos de salarios, comunicaron que estaban dispuestos a discutir algunos aspectos del convenio colectivo y plantearon una tregua unilateral, como forma de distender un conflicto que se hab\u00eda ido corrido de foco. En el gobierno fue tomado como insuficiente y esperan que en la reuni\u00f3n de esta tarde los sindicalistas acepten poner en discusi\u00f3n todos los beneficios que reciben por encima de las condiciones que rigen en el mercado argentino.<\/p>\n<p class=\"paragraph\" data-mrf-recirculation=\"Links inline\">Est\u00e1n en la mira los remises para las tripulaciones, los pasajes indiscriminados que reciben empleados y sus familias de por vida, el r\u00e9gimen de horas de vuelo, premios y hasta regalos de bodas. \u201cEl d\u00e9ficit de m\u00e1s de 600 millones de d\u00f3lares por a\u00f1o que tiene Aerol\u00edneas Argentinas para financiar esos privilegios no puede seguir acept\u00e1ndose\u201d, admitieron fuentes interiorizadas en el conflicto aeron\u00e1utico.<\/p>\n<p class=\"paragraph\" data-mrf-recirculation=\"Links inline\">Para el Gobierno, la eliminaci\u00f3n de esos beneficios -que los sindicatos los defienden como derechos adquiridos- es un requisito indispensable para que la empresa deje de tener los d\u00e9ficits monumentales que tiene cada a\u00f1o, pero tambi\u00e9n para que pueda ser sustentable y tenga atractivo para que otras empresas a\u00e9reas est\u00e9n dispuestas a analizar una compra. \u201cAerol\u00edneas Argentinas o se privatiza o se cierra o se cede a los empleados. No hay otra alternativa, porque sin capitales privados, Aerol\u00edneas no puede seguir, ni puede continuar siendo solventada por el Estado de un pa\u00eds donde la mitad de su gente es pobre. No hay raz\u00f3n para que eso ocurra\u201d, fue la frase que pronunci\u00f3 el vocero del presidente,\u00a0<a href=\"https:\/\/www.infobae.com\/reportajes\/2024\/11\/10\/manuel-adorni-al-kirchnerismo-lo-fulmino-la-gente-con-los-votos-no-vuelven-mas-porque-destruyeron-todo\/\" target=\"_blank\" rel=\"noopener noreferrer\" data-mrf-link=\"https:\/\/www.infobae.com\/reportajes\/2024\/11\/10\/manuel-adorni-al-kirchnerismo-lo-fulmino-la-gente-con-los-votos-no-vuelven-mas-porque-destruyeron-todo\/\">Manuel Adorni<\/a>, en el reportaje que public\u00f3 el domingo Infobae.<\/p>\n<div class=\"headline-wrapper\">\n<h2 class=\"header headline-class-h2\">El m\u00e9todo Milei<\/h2>\n<\/div>\n<p class=\"paragraph\" data-mrf-recirculation=\"Links inline\">En el conflicto por Aerol\u00edneas Argentina, el presidente Milei volvi\u00f3 a aplicar el mismo m\u00e9todo que us\u00f3 ante los piqueteros, que le plantearon un enfrentamiento abierto en el principio mismo de su gobierno; y hace pocas semanas, lo hizo de nuevo ante los universitarios, que salieron a las calles a exigir m\u00e1s presupuesto para sueldos y gastos de funcionamiento.<\/p>\n<p class=\"paragraph\" data-mrf-recirculation=\"Links inline\">A diferencia de lo que hicieron gobiernos anteriores, como los kirchneristas o el de Mauricio Macri -que optaron por una convivencia m\u00e1s o menos traum\u00e1tica- Milei enfrent\u00f3 a los piqueteros en toda la l\u00ednea. Les cort\u00f3 el financiamiento, aplic\u00f3 una pol\u00edtica de mano dura con los cortes de tr\u00e1nsito y les sac\u00f3 de manera sumaria la distribuci\u00f3n de comida, plata y planes. Con las ministras Sandra Pettovello (Capital Humano) y Patricia Bullrich (Seguridad). Desde abril ya no hay marchas y la Avenida 9 de Julio dej\u00f3 de ser cada semana un campamento a cielo abierto.<\/p>\n<p class=\"paragraph\" data-mrf-recirculation=\"Links inline\">Con las universidades, el presidente enfrent\u00f3 un adversario de enorme reconocimiento y valoraci\u00f3n social, que convoc\u00f3 la marcha m\u00e1s multitudinaria de su gesti\u00f3n y consigui\u00f3 que el Congreso votara una ley que les daba m\u00e1s recursos y le impon\u00eda a la Casa Rosada un gasto que pod\u00eda comprometer, al menos desde lo simb\u00f3lico, el d\u00e9ficit cero, un m\u00e1stil al que Milei decidi\u00f3 atar su gobierno. Esa ley la vet\u00f3, consigui\u00f3 defender esa decisi\u00f3n en Diputados y dej\u00f3 a la dirigencia universitaria discutiendo una serie de reformas que comenzar\u00e1n desde esta semana y seguir\u00e1n en las pr\u00f3ximas con dos decretos de enorme impacto.<\/p>\n<p class=\"paragraph\" data-mrf-recirculation=\"Links inline\">En el conflicto de Aerol\u00edneas Argentinas rige una fr\u00e1gil tregua, aunque el \u201cm\u00e9todo Milei\u201d ya se puso en marcha.<\/p>\n","protected":false},"excerpt":{"rendered":"<p>La protesta salvaje de los sindicalistas aeron\u00e1uticos de la\u00a0semana pasada\u00a0fue un punto de inflexi\u00f3n para\u00a0Javier Milei. Los testimonios de los pasajeros que estuvieron horas encerrados en aviones por un paro llevaron al Presidente a poner en marcha el\u00a0implacable m\u00e9todo\u00a0que activa ante algunos\u00a0conflictos\u00a0que asume de manera personal. Lo aplic\u00f3 con los piqueteros, en el principio de [&hellip;]<\/p>\n","protected":false},"author":2,"featured_media":22465,"comment_status":"closed","ping_status":"closed","sticky":false,"template":"","format":"standard","meta":{"footnotes":""},"categories":[79],"tags":[],"class_list":{"0":"post-22464","1":"post","2":"type-post","3":"status-publish","4":"format-standard","5":"has-post-thumbnail","7":"category-politica"},"_links":{"self":[{"href":"https:\/\/radiobitacora.com.ar\/web\/wp-json\/wp\/v2\/posts\/22464","targetHints":{"allow":["GET"]}}],"collection":[{"href":"https:\/\/radiobitacora.com.ar\/web\/wp-json\/wp\/v2\/posts"}],"about":[{"href":"https:\/\/radiobitacora.com.ar\/web\/wp-json\/wp\/v2\/types\/post"}],"author":[{"embeddable":true,"href":"https:\/\/radiobitacora.com.ar\/web\/wp-json\/wp\/v2\/users\/2"}],"replies":[{"embeddable":true,"href":"https:\/\/radiobitacora.com.ar\/web\/wp-json\/wp\/v2\/comments?post=22464"}],"version-history":[{"count":0,"href":"https:\/\/radiobitacora.com.ar\/web\/wp-json\/wp\/v2\/posts\/22464\/revisions"}],"wp:featuredmedia":[{"embeddable":true,"href":"https:\/\/radiobitacora.com.ar\/web\/wp-json\/wp\/v2\/media\/22465"}],"wp:attachment":[{"href":"https:\/\/radiobitacora.com.ar\/web\/wp-json\/wp\/v2\/media?parent=22464"}],"wp:term":[{"taxonomy":"category","embeddable":true,"href":"https:\/\/radiobitacora.com.ar\/web\/wp-json\/wp\/v2\/categories?post=22464"},{"taxonomy":"post_tag","embeddable":true,"href":"https:\/\/radiobitacora.com.ar\/web\/wp-json\/wp\/v2\/tags?post=22464"}],"curies":[{"name":"wp","href":"https:\/\/api.w.org\/{rel}","templated":true}]}}