{"id":22482,"date":"2024-11-12T07:42:43","date_gmt":"2024-11-12T10:42:43","guid":{"rendered":"https:\/\/radiobitacora.com.ar\/web\/?p=22482"},"modified":"2024-11-12T07:42:43","modified_gmt":"2024-11-12T10:42:43","slug":"newcom-goyano","status":"publish","type":"post","link":"https:\/\/radiobitacora.com.ar\/web\/2024\/11\/12\/newcom-goyano\/","title":{"rendered":"Newcom Goyano"},"content":{"rendered":"<p class=\"rtejustify\">El equipo de Newcom de nuestra ciudad \u201cSurub\u00ed AGDA Goya\u201d obtuvo el 2\u00ba puesto en el campeonato en la categor\u00eda m\u00e1s de 60 (a\u00f1os) en San Roque.<\/p>\n<p class=\"rtejustify\">Se trata de una de las actividades deportivas destinadas a los adultos mayores, impulsada desde la Direcci\u00f3n de Deportes con una notable adhesi\u00f3n de participantes, entrenando de manera recreativa y competitiva en las instalaciones del club de la calle Alvear.<\/p>\n<p class=\"rtejustify\">La profesora Azul G\u00f3mez agradeci\u00f3 el apoyo de la Municipalidad, y coment\u00f3 acerca de la presencia en el torneo en San Roque, los logros alcanzados. Tambi\u00e9n de las pr\u00f3ximas actividades e invit\u00f3 a las personas desde los 50 a\u00f1os a sumarse a este deporte, el v\u00f3ley adaptado.<\/p>\n<p class=\"rtejustify\">\n<p class=\"rtejustify\"><strong>CATEGOR\u00cdAS DESDE LOS 50 A\u00d1OS EN ADELANTE<\/strong><\/p>\n<p class=\"rtejustify\">\n<p class=\"rtejustify\">La profesora coment\u00f3: \u201cContamos con tres categor\u00edas, m\u00e1s de 50, m\u00e1s de 60, y m\u00e1s de 70 a\u00f1os. Adem\u00e1s, estos grupos tienen dos niveles: recreativo y competitivo, en este \u00faltimo se puede participar en torneos; como el caso del campeonato en San Roque, donde la categor\u00eda m\u00e1s de 60 logr\u00f3 el 2\u00ba puesto, y si bien no se premi\u00f3 en la de m\u00e1s de 50, entendemos que logramos un 3er lugar dentro de 24 equipos, as\u00ed que consideramos positiva la participaci\u00f3n\u201d.<\/p>\n<p class=\"rtejustify\">\n<p class=\"rtejustify\"><strong>AGDA Y DIRECCI\u00d3N DE DEPORTES<\/strong><\/p>\n<p class=\"rtejustify\">\n<p class=\"rtejustify\">La entrenadora ilustr\u00f3: \u201cAGDA nos presta las instalaciones, pero por medio de un acuerdo la Direcci\u00f3n de Deportes facilita materiales y los profesores para la instrucci\u00f3n. Nos encontramos acompa\u00f1ados por el club, la Municipalidad desde Deportes, un grupo de 60 participantes muy bien contenido, con una gran vitalidad para desarrollar la actividad deportiva\u201d.<\/p>\n<p class=\"rtejustify\">\n<p class=\"rtejustify\"><strong>ESPACIO DE SOCIALIZACI\u00d3N<\/strong><\/p>\n<p class=\"rtejustify\">\n<p class=\"rtejustify\">\u201cEl grupo se integra de docentes jubilados -a\u00f1adi\u00f3 la profesora-, muchas personas que encontraron en la pr\u00e1ctica deportiva el lugar para compartir y disfrutar. El profesor Daniel Lezcano est\u00e1 encargado de la parte recreativa\u201d.<\/p>\n<p class=\"rtejustify\">\n<p class=\"rtejustify\"><strong>INVITACI\u00d3N A PARTICIPAR Y CIERRE DE TEMPORADA<\/strong><\/p>\n<p class=\"rtejustify\">\n<p class=\"rtejustify\">M\u00e1s adelante invit\u00f3 a sumarse a la actividad: \u201cLos d\u00edas de entrenamiento en AGDA, para los interesados, son los d\u00edas martes y jueves de 19,30 a 20,30 horas. El competitivo, a mi cargo, esos mismos d\u00edas de 14,30 a 15,30 horas\u201d.<\/p>\n<p class=\"rtejustify\">\u201cLos invitamos para el 24 de noviembre al cierre de la temporada (el 17 se cumple un a\u00f1o de esta actividad), desde las 9 horas, con la presencia de Chavarr\u00eda, que est\u00e1 a cargo de la profesora Romina Lorenz\u00f3n (la chava), San Roque y Esquina, mientras esperamos la confirmaci\u00f3n de Paso de la Patria y Mburucuy\u00e1\u201d.<\/p>\n<p class=\"rtejustify\">\n<p class=\"rtejustify\"><strong>SUMATE AL NEW COM GOYANO<\/strong><\/p>\n<p class=\"rtejustify\">\n<p class=\"rtejustify\">\u201cDejamos abierta la invitaci\u00f3n para ser parte del New Com Goya, donde adem\u00e1s encontramos la manera de convocarnos, juntarnos, a fin de cada mes celebramos los cumplea\u00f1os, es un espacio para socializar\u201d.<\/p>\n<p class=\"rtejustify\">\u201cNuestro agradecimiento a la Municipalidad, a la Direcci\u00f3n de Deportes por el permanente acompa\u00f1amiento y apoyo, nos sentimos muy bien contenidos\u201d, concluy\u00f3 Azul G\u00f3mez.<\/p>\n","protected":false},"excerpt":{"rendered":"<p>El equipo de Newcom de nuestra ciudad \u201cSurub\u00ed AGDA Goya\u201d obtuvo el 2\u00ba puesto en el campeonato en la categor\u00eda m\u00e1s de 60 (a\u00f1os) en San Roque. Se trata de una de las actividades deportivas destinadas a los adultos mayores, impulsada desde la Direcci\u00f3n de Deportes con una notable adhesi\u00f3n de participantes, entrenando de manera [&hellip;]<\/p>\n","protected":false},"author":2,"featured_media":22483,"comment_status":"closed","ping_status":"closed","sticky":false,"template":"","format":"standard","meta":{"footnotes":""},"categories":[78],"tags":[],"class_list":{"0":"post-22482","1":"post","2":"type-post","3":"status-publish","4":"format-standard","5":"has-post-thumbnail","7":"category-deportes"},"_links":{"self":[{"href":"https:\/\/radiobitacora.com.ar\/web\/wp-json\/wp\/v2\/posts\/22482","targetHints":{"allow":["GET"]}}],"collection":[{"href":"https:\/\/radiobitacora.com.ar\/web\/wp-json\/wp\/v2\/posts"}],"about":[{"href":"https:\/\/radiobitacora.com.ar\/web\/wp-json\/wp\/v2\/types\/post"}],"author":[{"embeddable":true,"href":"https:\/\/radiobitacora.com.ar\/web\/wp-json\/wp\/v2\/users\/2"}],"replies":[{"embeddable":true,"href":"https:\/\/radiobitacora.com.ar\/web\/wp-json\/wp\/v2\/comments?post=22482"}],"version-history":[{"count":0,"href":"https:\/\/radiobitacora.com.ar\/web\/wp-json\/wp\/v2\/posts\/22482\/revisions"}],"wp:featuredmedia":[{"embeddable":true,"href":"https:\/\/radiobitacora.com.ar\/web\/wp-json\/wp\/v2\/media\/22483"}],"wp:attachment":[{"href":"https:\/\/radiobitacora.com.ar\/web\/wp-json\/wp\/v2\/media?parent=22482"}],"wp:term":[{"taxonomy":"category","embeddable":true,"href":"https:\/\/radiobitacora.com.ar\/web\/wp-json\/wp\/v2\/categories?post=22482"},{"taxonomy":"post_tag","embeddable":true,"href":"https:\/\/radiobitacora.com.ar\/web\/wp-json\/wp\/v2\/tags?post=22482"}],"curies":[{"name":"wp","href":"https:\/\/api.w.org\/{rel}","templated":true}]}}