{"id":22500,"date":"2024-11-12T08:39:22","date_gmt":"2024-11-12T11:39:22","guid":{"rendered":"https:\/\/radiobitacora.com.ar\/web\/?p=22500"},"modified":"2024-11-12T08:39:22","modified_gmt":"2024-11-12T11:39:22","slug":"la-oposicion-busca-limitar-en-el-congreso-el-poder-del-gobierno-con-los-dnu-y-consolidar-un-frente-federal","status":"publish","type":"post","link":"https:\/\/radiobitacora.com.ar\/web\/2024\/11\/12\/la-oposicion-busca-limitar-en-el-congreso-el-poder-del-gobierno-con-los-dnu-y-consolidar-un-frente-federal\/","title":{"rendered":"La oposici\u00f3n busca limitar en el Congreso el poder del Gobierno con los DNU y consolidar un frente federal"},"content":{"rendered":"<p class=\"paragraph\" data-mrf-recirculation=\"Links inline\">Hoy a las<b>\u00a013:30<\/b>\u00a0comenzar\u00e1 a poblarse el Palacio legislativo. A esa hora est\u00e1 programada la reuni\u00f3n de\u00a0<b>Labor Parlamentaria<\/b>\u00a0en donde los bloques comenzar\u00e1n a organizar y acordar c\u00f3mo se desarrollar\u00e1 la\u00a0<b>sesi\u00f3n programada para las 15 horas<\/b>, donde se buscar\u00e1 aprobar la\u00a0<b>modificaci\u00f3n de la ley de DNU<\/b>\u00a0y, principalmente, el\u00a0<b>rechazo al DNU 846<\/b> que elimina las restricciones para el Ejecutivo para realizar un canje de deuda y corre al Congreso del tema.<\/p>\n<p class=\"paragraph\" data-mrf-recirculation=\"Links inline\">El \u00fanico punto que ya est\u00e1 resuelto es que la\u00a0<b>oposici\u00f3n<\/b>, que fue quien llam\u00f3 a la sesi\u00f3n especial,\u00a0<b>tiene asegurado el qu\u00f3rum\u00a0<\/b>para iniciar la sesi\u00f3n. A la hora de la votaci\u00f3n, parece estar dividida respecto de los proyectos y los menos optimistas\u00a0<b>apuestan a una aprobaci\u00f3n \u201cfinita\u201d<\/b>.\u00a0<b>Uni\u00f3n por la Patria, Democracia para Siempre y Encuentro Federal juntaron los votos<\/b>\u00a0para avanzar con la sesi\u00f3n y ahora ajustan los \u00faltimos detalles para no tener sobresaltos ma\u00f1ana en el recinto.<\/p>\n<div class=\"inline ad-wrapper\">\n<div class=\"dfpAd ad-inline\"><\/div>\n<\/div>\n<p class=\"paragraph\" data-mrf-recirculation=\"Links inline\">El\u00a0<b>oficialismo<\/b>\u00a0despleg\u00f3 toda su capacidad de fuego para\u00a0<b>evitar el debate<\/b>. Luego de pasada la instancia en la que\u00a0<b>no pudieron \u201cbajar\u201d la convocatoria,<\/b>\u00a0la\u00a0<b>presi\u00f3n pas\u00f3 a ser ejercida por la Casa Rosada<\/b>. Desde Balcarce 50 comenz\u00f3 la pol\u00edtica del tel\u00e9fono y empezaron a\u00a0<b>llamar a los gobernadores<\/b>\u00a0apostando principalmente a los\u00a0<b>radicales y a los peronistas<\/b> que no mostraron conformidad con la asunci\u00f3n de Cristina Fern\u00e1ndez de Kirchner.<\/p>\n<p class=\"paragraph\" data-mrf-recirculation=\"Links inline\">\u201cLlamaron a los gobernadores,\u00a0<b>est\u00e1n presionando para que le digan a sus diputados que no bajen<\/b>\u00a0o que no nos acompa\u00f1en en las votaciones\u201d, explic\u00f3 un diputado que hoy apoyar\u00e1 ambos proyectos de ley. \u201dIntentaron desde argumentos que pasan porque no les conviene a los gobernadores, cosa que no es cierto, hasta la mancha venenosa de votar con el kirchnerismo algo que cada vez tiene menos peso\u201d, agreg\u00f3 en di\u00e1logo con\u00a0<b>Infobae<\/b>.<\/p>\n<div class=\" visual__image\"><picture><source srcset=\"https:\/\/www.infobae.com\/resizer\/v2\/W3SPVFTJGVGW5EDLGF36QIJQ44.jpg?auth=3f6c384da00ff49af4c0b2ae3d0828985214626df1a6f0a1552b0280cee144d0&amp;smart=true&amp;width=992&amp;height=661&amp;quality=85\" media=\"(min-width: 1000px)\" \/><source srcset=\"https:\/\/www.infobae.com\/resizer\/v2\/W3SPVFTJGVGW5EDLGF36QIJQ44.jpg?auth=3f6c384da00ff49af4c0b2ae3d0828985214626df1a6f0a1552b0280cee144d0&amp;smart=true&amp;width=768&amp;height=512&amp;quality=85\" media=\"(min-width: 768px)\" \/><source srcset=\"https:\/\/www.infobae.com\/resizer\/v2\/W3SPVFTJGVGW5EDLGF36QIJQ44.jpg?auth=3f6c384da00ff49af4c0b2ae3d0828985214626df1a6f0a1552b0280cee144d0&amp;smart=true&amp;width=577&amp;height=385&amp;quality=85\" media=\"(min-width: 580px)\" \/><source srcset=\"https:\/\/www.infobae.com\/resizer\/v2\/W3SPVFTJGVGW5EDLGF36QIJQ44.jpg?auth=3f6c384da00ff49af4c0b2ae3d0828985214626df1a6f0a1552b0280cee144d0&amp;smart=true&amp;width=420&amp;height=280&amp;quality=85\" media=\"(min-width: 350px)\" \/><source srcset=\"https:\/\/www.infobae.com\/resizer\/v2\/W3SPVFTJGVGW5EDLGF36QIJQ44.jpg?auth=3f6c384da00ff49af4c0b2ae3d0828985214626df1a6f0a1552b0280cee144d0&amp;smart=true&amp;width=350&amp;height=233&amp;quality=85\" media=\"(min-width: 80px)\" \/><img loading=\"lazy\" decoding=\"async\" class=\"global-image\" src=\"https:\/\/www.infobae.com\/resizer\/v2\/W3SPVFTJGVGW5EDLGF36QIJQ44.jpg?auth=3f6c384da00ff49af4c0b2ae3d0828985214626df1a6f0a1552b0280cee144d0&amp;smart=true&amp;width=350&amp;height=233&amp;quality=85\" alt=\"Se espera una derrota legislativa del oficialismo\" width=\"5800\" height=\"3867\" \/><\/picture>Se espera una derrota legislativa del oficialismo<\/div>\n<div class=\"inline_2_DSK ad-wrapper ad-desktop\">\n<div class=\"dfpAd ad-inline\">\n<div id=\"infobae\/politica\/nota\/inline_2_DSK\" class=\"infobae\/politica\/nota\/inline_2_DSK arcad up-show\" data-google-query-id=\"CPvY2oba1okDFQ9U3QIdjzQ2kQ\">\n<div id=\"google_ads_iframe_\/1058609\/infobae\/politica\/nota\/inline_2_DSK_0__container__\"><iframe loading=\"lazy\" id=\"google_ads_iframe_\/1058609\/infobae\/politica\/nota\/inline_2_DSK_0\" tabindex=\"0\" title=\"3rd party ad content\" src=\"https:\/\/859957dc9b653b1d75e10869e99b1c85.safeframe.googlesyndication.com\/safeframe\/1-0-40\/html\/container.html?upapi=true\" name=\"\" width=\"717\" height=\"60\" frameborder=\"0\" marginwidth=\"0\" marginheight=\"0\" scrolling=\"no\" sandbox=\"allow-forms allow-popups allow-popups-to-escape-sandbox allow-same-origin allow-scripts allow-top-navigation-by-user-activation\" data-is-safeframe=\"true\" aria-label=\"Advertisement\" data-google-container-id=\"6\" data-load-complete=\"true\" data-mce-fragment=\"1\"><\/iframe><\/p>\n<div class=\"upo-label\">AD<\/div>\n<\/div>\n<\/div>\n<\/div>\n<\/div>\n<p class=\"paragraph\" data-mrf-recirculation=\"Links inline\">En la oposici\u00f3n tienen dos cuentas.<b>\u00a0Los m\u00e1s optimistas\u00a0<\/b>hacen la siguiente cuenta: la oposici\u00f3n que, si no falta ninguno a la sesi\u00f3n de ma\u00f1ana, arrancar\u00e1n con un piso de 127 diputados (todos los de UP, Encuentro Federal y Democracia para Siempre) a los que se les sumar\u00edan los 6 de Coalici\u00f3n C\u00edvica, los 5 del bloque de la Izquierda, 1 de Santa Cruz, 1 del PRO -\u00c1lvaro Gonz\u00e1lez- y 1 de Unidos, alcanzando u<b>n total de 141 votos<\/b>, suficientes para avanzar con sus proyectos.<\/p>\n<p class=\"paragraph\" data-mrf-recirculation=\"Links inline\"><b>Los menos optimistas, y se podr\u00eda decir que los m\u00e1s realistas<\/b>, se\u00f1alan que la presi\u00f3n a los gobernadores har\u00e1 efecto y se \u201ccaer\u00e1n\u201d algunos diputados. Todos miran a los catamarque\u00f1os que responden al gobernador Ra\u00fal Jalil, los tres diputados tucumanos de Osvaldo Jaldo, del bloque Independencia y los salte\u00f1os del gobernador Gustavo S\u00e1enz, y los misioneros que responden al jefe de estado provincial Hugo Passalacqua.<\/p>\n<p class=\"paragraph\" data-mrf-recirculation=\"Links inline\">En este escenario, la cuenta de los sectores ronda\u00a0<b>los 135 votos favorables\u00a0<\/b>para poder avanzar. \u201cSi no falta nadie m\u00e1s, si no pierden los vuelos, se enferman y otros \u2018imprevistos\u2019\u201d.<\/p>\n<p class=\"paragraph\" data-mrf-recirculation=\"Links inline\">M\u00e1s all\u00e1 de lo que suceda esta tarde en el recinto, algunos de los legisladores de los bloques que pidieron la sesi\u00f3n especial se\u00f1alan que lo m\u00e1s importante es que se est\u00e1\u00a0<b>conformando un bloque opositor \u201cde corte federal, no PJ K, de 130 votos\u201d.<\/b><\/p>\n<p class=\"paragraph\" data-mrf-recirculation=\"Links inline\">El posicionamiento del bloque de la\u00a0<b>UCR<\/b>\u00a0se defini\u00f3 anoche y estableci\u00f3 que\u00a0<b>no dar\u00e1 qu\u00f3rum<\/b>. \u201cRodrigo De Loredo inform\u00f3 que hab\u00eda hablado con los gobernadores. Estos marcaron el Presupuesto como lo central, y que no quer\u00edan que nada enturbiara ahora ese proceso y esas negociaciones\u201d, explic\u00f3 una fuente del bloque. \u201cOrim\u00f3 de alg\u00fan modo el no someter al Gobierno recientemente elegido a est\u00e1ndares no impuestos a Cristina Kirchner o Macri\u201d, agreg\u00f3 la misma fuente.<\/p>\n<p class=\"paragraph\" data-mrf-recirculation=\"Links inline\">No todos los del bloque est\u00e1n de acuerdo con ese posicionamiento, mucho menos con que hace poco tiempo que asumi\u00f3 el gobierno ni compararlo con los de CFK y Macri respecto a gobernar por DNU, por lo que votar\u00e1n m\u00e1s en l\u00ednea con Democracia para Siempre que con la UCR. Ese ser\u00eda el caso de J<b>ulio Cleto Cobos.<\/b><\/p>\n<div class=\" visual__image\"><picture><source srcset=\"https:\/\/www.infobae.com\/resizer\/v2\/HVT2BKXUPZC5VNBZ7PYIBOXWPY.jpg?auth=9c9daf94284fec37b9650e772910f57e2acf11707fc17929ebcc122f72710a74&amp;smart=true&amp;width=992&amp;height=661&amp;quality=85\" media=\"(min-width: 1000px)\" \/><source srcset=\"https:\/\/www.infobae.com\/resizer\/v2\/HVT2BKXUPZC5VNBZ7PYIBOXWPY.jpg?auth=9c9daf94284fec37b9650e772910f57e2acf11707fc17929ebcc122f72710a74&amp;smart=true&amp;width=768&amp;height=512&amp;quality=85\" media=\"(min-width: 768px)\" \/><source srcset=\"https:\/\/www.infobae.com\/resizer\/v2\/HVT2BKXUPZC5VNBZ7PYIBOXWPY.jpg?auth=9c9daf94284fec37b9650e772910f57e2acf11707fc17929ebcc122f72710a74&amp;smart=true&amp;width=577&amp;height=385&amp;quality=85\" media=\"(min-width: 580px)\" \/><source srcset=\"https:\/\/www.infobae.com\/resizer\/v2\/HVT2BKXUPZC5VNBZ7PYIBOXWPY.jpg?auth=9c9daf94284fec37b9650e772910f57e2acf11707fc17929ebcc122f72710a74&amp;smart=true&amp;width=420&amp;height=280&amp;quality=85\" media=\"(min-width: 350px)\" \/><source srcset=\"https:\/\/www.infobae.com\/resizer\/v2\/HVT2BKXUPZC5VNBZ7PYIBOXWPY.jpg?auth=9c9daf94284fec37b9650e772910f57e2acf11707fc17929ebcc122f72710a74&amp;smart=true&amp;width=350&amp;height=233&amp;quality=85\" media=\"(min-width: 80px)\" \/><img loading=\"lazy\" decoding=\"async\" class=\"global-image\" src=\"https:\/\/www.infobae.com\/resizer\/v2\/HVT2BKXUPZC5VNBZ7PYIBOXWPY.jpg?auth=9c9daf94284fec37b9650e772910f57e2acf11707fc17929ebcc122f72710a74&amp;smart=true&amp;width=350&amp;height=233&amp;quality=85\" alt=\"La Mesa Nacional del PRO decidi\u00f3 no acompa\u00f1ar a la oposici\u00f3n\" width=\"3680\" height=\"2456\" \/><\/picture>La Mesa Nacional del PRO decidi\u00f3 no acompa\u00f1ar a la oposici\u00f3n<\/div>\n<p class=\"paragraph\" data-mrf-recirculation=\"Links inline\">Ayer por la tarde hizo p\u00fablico su posicionamiento el\u00a0<b>PRO<\/b>. Luego de un encuentro de la<b>\u00a0Mesa Ejecutiva\u00a0<\/b>del partido que encabez\u00f3<b>\u00a0Mauricio Macri\u00a0<\/b>y de la que particip\u00f3 el presidente del bloque\u00a0<b>Cristian Ritondo,\u00a0<\/b>el partido defini\u00f3 que<b>\u00a0no acompa\u00f1ar\u00e1 ninguno de los proyectos<\/b>.<\/p>\n<p class=\"paragraph\" data-mrf-recirculation=\"Links inline\">\u201cVamos a mantener la misma postura en el Congreso que venimos sosteniendo a lo largo del \u00faltimo a\u00f1o:\u00a0<b>no vamos a poner en riesgo la gobernabilidad\u00a0<\/b>y vamos a defender la institucionalidad. Por eso ma\u00f1ana\u00a0<b>no daremos qu\u00f3rum<\/b>\u00a0y, en el caso que se logre,<b>\u00a0no vamos a votar con el kirchnerismo\u201d<\/b>, dijeron en un comunicado.<\/p>\n<p class=\"paragraph\" data-mrf-recirculation=\"Links inline\">En la oposici\u00f3n descontaban el posicionamiento amarillo. A pesar de la discusi\u00f3n que tiene el PRO con LLA respecto de un acuerdo que no termina de cristalizarse, y que la semana pasada hab\u00edan dejado trascender que no hab\u00eda una postura definida respecto de acompa\u00f1ar o no, en ninguno de los \u201cporoteo\u201d de la oposici\u00f3n se los tuvo en cuenta.<\/p>\n<p class=\"paragraph\" data-mrf-recirculation=\"Links inline\">Nuevamente los bloques conformados por los diputados de las provincias que tienen una relaci\u00f3n directa con los gobernadores de sus distritos son los que hacen silencio. Esta tarde se resolver\u00e1 si acompa\u00f1an a Encuentro Federal, Uni\u00f3n por la Patria y Democracia para Siempre o si estar\u00e1n del lado de La Libertad Avanza y el PRO.<\/p>\n","protected":false},"excerpt":{"rendered":"<p>Hoy a las\u00a013:30\u00a0comenzar\u00e1 a poblarse el Palacio legislativo. A esa hora est\u00e1 programada la reuni\u00f3n de\u00a0Labor Parlamentaria\u00a0en donde los bloques comenzar\u00e1n a organizar y acordar c\u00f3mo se desarrollar\u00e1 la\u00a0sesi\u00f3n programada para las 15 horas, donde se buscar\u00e1 aprobar la\u00a0modificaci\u00f3n de la ley de DNU\u00a0y, principalmente, el\u00a0rechazo al DNU 846 que elimina las restricciones para el [&hellip;]<\/p>\n","protected":false},"author":2,"featured_media":22501,"comment_status":"closed","ping_status":"closed","sticky":false,"template":"","format":"standard","meta":{"footnotes":""},"categories":[79],"tags":[],"class_list":{"0":"post-22500","1":"post","2":"type-post","3":"status-publish","4":"format-standard","5":"has-post-thumbnail","7":"category-politica"},"_links":{"self":[{"href":"https:\/\/radiobitacora.com.ar\/web\/wp-json\/wp\/v2\/posts\/22500","targetHints":{"allow":["GET"]}}],"collection":[{"href":"https:\/\/radiobitacora.com.ar\/web\/wp-json\/wp\/v2\/posts"}],"about":[{"href":"https:\/\/radiobitacora.com.ar\/web\/wp-json\/wp\/v2\/types\/post"}],"author":[{"embeddable":true,"href":"https:\/\/radiobitacora.com.ar\/web\/wp-json\/wp\/v2\/users\/2"}],"replies":[{"embeddable":true,"href":"https:\/\/radiobitacora.com.ar\/web\/wp-json\/wp\/v2\/comments?post=22500"}],"version-history":[{"count":0,"href":"https:\/\/radiobitacora.com.ar\/web\/wp-json\/wp\/v2\/posts\/22500\/revisions"}],"wp:featuredmedia":[{"embeddable":true,"href":"https:\/\/radiobitacora.com.ar\/web\/wp-json\/wp\/v2\/media\/22501"}],"wp:attachment":[{"href":"https:\/\/radiobitacora.com.ar\/web\/wp-json\/wp\/v2\/media?parent=22500"}],"wp:term":[{"taxonomy":"category","embeddable":true,"href":"https:\/\/radiobitacora.com.ar\/web\/wp-json\/wp\/v2\/categories?post=22500"},{"taxonomy":"post_tag","embeddable":true,"href":"https:\/\/radiobitacora.com.ar\/web\/wp-json\/wp\/v2\/tags?post=22500"}],"curies":[{"name":"wp","href":"https:\/\/api.w.org\/{rel}","templated":true}]}}