{"id":22512,"date":"2024-11-12T09:29:35","date_gmt":"2024-11-12T12:29:35","guid":{"rendered":"https:\/\/radiobitacora.com.ar\/web\/?p=22512"},"modified":"2024-11-12T09:29:35","modified_gmt":"2024-11-12T12:29:35","slug":"milei-sigue-con-atencion-la-sesion-en-diputados-la-reaccion-de-macri-y-los-proximos-movimientos-de-cristina-kirchner","status":"publish","type":"post","link":"https:\/\/radiobitacora.com.ar\/web\/2024\/11\/12\/milei-sigue-con-atencion-la-sesion-en-diputados-la-reaccion-de-macri-y-los-proximos-movimientos-de-cristina-kirchner\/","title":{"rendered":"Milei sigue con atenci\u00f3n la sesi\u00f3n en Diputados, la reacci\u00f3n de Macri y los pr\u00f3ximos movimientos de Cristina Kirchner"},"content":{"rendered":"<p class=\"paragraph\" data-mrf-recirculation=\"Links inline\">Euf\u00f3rico en el plano internacional, a punto de volar a\u00a0<a href=\"https:\/\/www.infobae.com\/politica\/2024\/11\/07\/javier-milei-viajara-a-los-estados-unidos-para-reunirse-con-donald-trump-antes-de-su-asuncion\/\" target=\"_blank\" rel=\"noopener noreferrer\" data-mrf-link=\"https:\/\/www.infobae.com\/politica\/2024\/11\/07\/javier-milei-viajara-a-los-estados-unidos-para-reunirse-con-donald-trump-antes-de-su-asuncion\/\">Estados Unidos para tratar de verse en persona con Donald Trump<\/a>\u00a0tras el triunfo contundente del republicano,\u00a0<b>Javier Milei<\/b> y su entorno segu\u00edan atentos en las \u00faltimas horas la pol\u00edtica dom\u00e9stica, con especial inter\u00e9s en la sesi\u00f3n especial pedida para esta tarde en Diputados por sectores de la oposici\u00f3n para tratar de limitar los DNU del gobierno libertario y condicionar los canjes de deuda del ministro Luis Caputo, dos rubros centrales del plan del oficialismo.<\/p>\n<p class=\"paragraph\" data-mrf-recirculation=\"Links inline\">En la Casa Rosada aguardaban ayer con inter\u00e9s la resoluci\u00f3n del encuentro que\u00a0<b>Mauricio Macri\u00a0<\/b>mantuvo con la mesa chica del PRO para saber cu\u00e1l ser\u00eda la posici\u00f3n de ese espacio de cara a la sesi\u00f3n de hoy. Cerca de las 6 y media de la tarde,\u00a0<a href=\"https:\/\/www.infobae.com\/politica\/2024\/11\/11\/en-plena-discusion-con-milei-sobre-un-acuerdo-electoral-macri-reune-a-su-mesa-chica-para-definir-la-postura-del-pro-sobre-los-dnu\/\" target=\"_blank\" rel=\"noopener noreferrer\" data-mrf-link=\"https:\/\/www.infobae.com\/politica\/2024\/11\/11\/en-plena-discusion-con-milei-sobre-un-acuerdo-electoral-macri-reune-a-su-mesa-chica-para-definir-la-postura-del-pro-sobre-los-dnu\/\">el macrismo concluy\u00f3 en que no dar\u00eda qu\u00f3rum para el debate<\/a>\u00a0convocado para este martes, que en caso de que la oposici\u00f3n consiguiera habilitar la discusi\u00f3n en el recinto no se sumar\u00edan a votar \u201ccon el kirchnerismo\u201d, y que insistir\u00e1n en el Congreso con dos proyectos, la \u201cdemocratizaci\u00f3n sindical\u201d y la ley de ficha limpia.<\/p>\n<div class=\"inline ad-wrapper\">\n<div class=\"dfpAd ad-inline\">\n<div id=\"infobae\/politica\/nota\/inline\" class=\"infobae\/politica\/nota\/inline arcad up-show\" data-google-query-id=\"CK7k9eDj1okDFQdM3QIdHOQz-Q\">\n<div id=\"google_ads_iframe_\/1058609\/infobae\/politica\/nota\/inline_0__container__\"><iframe loading=\"lazy\" id=\"google_ads_iframe_\/1058609\/infobae\/politica\/nota\/inline_0\" tabindex=\"0\" title=\"3rd party ad content\" src=\"https:\/\/1636ba9537fc2f2b867546cc985a9471.safeframe.googlesyndication.com\/safeframe\/1-0-40\/html\/container.html?upapi=true\" name=\"\" width=\"717\" height=\"60\" frameborder=\"0\" marginwidth=\"0\" marginheight=\"0\" scrolling=\"no\" sandbox=\"allow-forms allow-popups allow-popups-to-escape-sandbox allow-same-origin allow-scripts allow-top-navigation-by-user-activation\" data-is-safeframe=\"true\" aria-label=\"Advertisement\" data-google-container-id=\"5\" data-load-complete=\"true\" data-mce-fragment=\"1\"><\/iframe><\/p>\n<div class=\"upo-label\">AD<\/div>\n<\/div>\n<\/div>\n<\/div>\n<\/div>\n<p class=\"paragraph\" data-mrf-recirculation=\"Links inline\">Un triunfo, al menos moment\u00e1neo, del Ejecutivo, que trabaj\u00f3 en estas horas a contrarreloj, dentro del Congreso y entre los gobernadores, para desacreditar la sesi\u00f3n de este martes y estirar la gobernabilidad parlamentaria.<\/p>\n<p class=\"paragraph\" data-mrf-recirculation=\"Links inline\">Ciertamente obligado por la instrumentaci\u00f3n de una agenda, por parte del Ejecutivo, que fascina en el electorado amarillo, el ex presidente decidi\u00f3 de todos modos ofrecerle un nuevo gesto de acercamiento a Milei, a pesar de lo que, desde el ri\u00f1\u00f3n macrista, calificaron anoche como un\u00a0<b>\u201creiterado y cada vez m\u00e1s evidente destrato y ninguneo\u201d<\/b>\u00a0por parte del jefe de Estado y, en particular, de sus dos colaboradores m\u00e1s cercanos:\u00a0<b>Karina Milei\u00a0<\/b>y\u00a0<b>Santiago Caputo<\/b>.<\/p>\n<div class=\"inline_2_DSK ad-wrapper ad-desktop\">\n<div class=\"dfpAd ad-inline\">\n<div id=\"infobae\/politica\/nota\/inline_2_DSK\" class=\"infobae\/politica\/nota\/inline_2_DSK arcad hide up-hide\" data-google-query-id=\"COr-0-Dj1okDFUJcuAQd8ykeeg\">\n<div id=\"google_ads_iframe_\/1058609\/infobae\/politica\/nota\/inline_2_DSK_0__container__\"><\/div>\n<\/div>\n<\/div>\n<\/div>\n<p class=\"paragraph\" data-mrf-recirculation=\"Links inline\"><b>\u201c\u00bfCu\u00e1n fastidioso est\u00e1 Macri?\u201d<\/b>, pregunt\u00f3 anoche este medio a asesores del jefe del PRO. \u201cBastante. Lo que est\u00e1 haciendo responde m\u00e1s a su convicci\u00f3n de hacer lo correcto que a cualquier sinton\u00eda con el gobierno\u201d.<\/p>\n<p class=\"paragraph\" data-mrf-recirculation=\"Links inline\">La \u00faltima vez que el PRO de Macri vot\u00f3 con el kirchnerismo fue en los primeros d\u00edas de septiembre, en la semana de la triple derrota legislativa del Ejecutivo, en la discusi\u00f3n en torno al DNU que le asign\u00f3 $100.000 millones adicionales y discrecionales a la SIDE, una derrota que provoc\u00f3 un terremoto interno en la relaci\u00f3n entre el macrismo y La Libertad Avanza y que el asesor estrella de la Casa Rosada, ide\u00f3logo de ese decreto, tard\u00f3 semanas en asimilar.<\/p>\n<div class=\" visual__image\"><picture><source srcset=\"https:\/\/www.infobae.com\/resizer\/v2\/EGP5P3V22RCRPLPGRMPJKQKLOE.jpg?auth=d123845ca44610d7e2c8288943d646e31275b64722545e26e7647f0f4b5e0962&amp;smart=true&amp;width=992&amp;height=558&amp;quality=85\" media=\"(min-width: 1000px)\" \/><source srcset=\"https:\/\/www.infobae.com\/resizer\/v2\/EGP5P3V22RCRPLPGRMPJKQKLOE.jpg?auth=d123845ca44610d7e2c8288943d646e31275b64722545e26e7647f0f4b5e0962&amp;smart=true&amp;width=768&amp;height=432&amp;quality=85\" media=\"(min-width: 768px)\" \/><source srcset=\"https:\/\/www.infobae.com\/resizer\/v2\/EGP5P3V22RCRPLPGRMPJKQKLOE.jpg?auth=d123845ca44610d7e2c8288943d646e31275b64722545e26e7647f0f4b5e0962&amp;smart=true&amp;width=577&amp;height=325&amp;quality=85\" media=\"(min-width: 580px)\" \/><source srcset=\"https:\/\/www.infobae.com\/resizer\/v2\/EGP5P3V22RCRPLPGRMPJKQKLOE.jpg?auth=d123845ca44610d7e2c8288943d646e31275b64722545e26e7647f0f4b5e0962&amp;smart=true&amp;width=420&amp;height=236&amp;quality=85\" media=\"(min-width: 350px)\" \/><source srcset=\"https:\/\/www.infobae.com\/resizer\/v2\/EGP5P3V22RCRPLPGRMPJKQKLOE.jpg?auth=d123845ca44610d7e2c8288943d646e31275b64722545e26e7647f0f4b5e0962&amp;smart=true&amp;width=350&amp;height=197&amp;quality=85\" media=\"(min-width: 80px)\" \/><img loading=\"lazy\" decoding=\"async\" class=\"global-image\" src=\"https:\/\/www.infobae.com\/resizer\/v2\/EGP5P3V22RCRPLPGRMPJKQKLOE.jpg?auth=d123845ca44610d7e2c8288943d646e31275b64722545e26e7647f0f4b5e0962&amp;smart=true&amp;width=350&amp;height=197&amp;quality=85\" alt=\"Mauricio Macri este lunes, en la reuni\u00f3n de la mesa chica del PRO\" width=\"3680\" height=\"2070\" \/><\/picture>Mauricio Macri este lunes, en la reuni\u00f3n de la mesa chica del PRO<\/div>\n<p class=\"paragraph\" data-mrf-recirculation=\"Links inline\">Despu\u00e9s de ese traspi\u00e9 que puso en crisis al Ejecutivo, Macri y Milei intentaron ordenar el v\u00ednculo, con parcial \u00e9xito: este domingo, entrevistado por\u00a0<b>Infobae<\/b>, el vocero Manuel Adorni rebaj\u00f3 al rol del jefe del PRO como al de\u00a0<a href=\"https:\/\/www.infobae.com\/reportajes\/2024\/11\/10\/manuel-adorni-al-kirchnerismo-lo-fulmino-la-gente-con-los-votos-no-vuelven-mas-porque-destruyeron-todo\/\" target=\"_blank\" rel=\"noopener noreferrer\" data-mrf-link=\"https:\/\/www.infobae.com\/reportajes\/2024\/11\/10\/manuel-adorni-al-kirchnerismo-lo-fulmino-la-gente-con-los-votos-no-vuelven-mas-porque-destruyeron-todo\/\">\u201cun amigo del presidente con el que come milanesas con ensalada cada tanto\u201d<\/a>. Y desde el seno de LLA aseguran que, en efecto, el jefe de Estado es uno de los pocos, tal vez el \u00fanico interesado en converger el pr\u00f3ximo a\u00f1o en un acuerdo electoral, como desliza con cada vez m\u00e1s insistencia, en privado, el ex mandatario.<\/p>\n<p class=\"paragraph\" data-mrf-recirculation=\"Links inline\">Macri es perfectamente consciente del cuadro de situaci\u00f3n.\u00a0<b>\u201cHay frustraci\u00f3n, y hay molestia, te tratan como a un pelotudo\u201d<\/b>, se sincer\u00f3 anoche un dirigente que particip\u00f3 de la cumbre macrista en la sede de la calle Balcarce.<\/p>\n<p class=\"paragraph\" data-mrf-recirculation=\"Links inline\">Desde el PRO lanzaron anoche, al menos en privado, un ultim\u00e1tum: la negociaci\u00f3n por el Presupuesto 2025 funciona como una suerte de\u00a0<i>\u201cdead-line\u201d<\/i>\u00a0en la relaci\u00f3n con el Gobierno. \u201cAh\u00ed s\u00ed se puede pudrir todo\u201d, resumi\u00f3 ayer un gobernador macrista que tiene puentes abiertos con la Casa Rosada.<\/p>\n<p class=\"paragraph\" data-mrf-recirculation=\"Links inline\">Cerca de Macri creen que Milei est\u00e1 \u201cganando tiempo\u201d, que hace meses que se estableci\u00f3 un mecanismo de negociaci\u00f3n a cielo abierto que, por ahora, no tuvo ning\u00fan r\u00e9dito econ\u00f3mico y financiero para los gobernadores del PRO, y que hay distritos que est\u00e1n al borde del colapso: \u201cYa ni siquiera es una cuesti\u00f3n de acompa\u00f1amiento,\u00a0<b>es una discusi\u00f3n, en algunos casos, de supervivencia, hay provincias que est\u00e1n escupiendo sangre<\/b>\u201d, reconoci\u00f3 uno de esos jefes provinciales.<\/p>\n<p class=\"paragraph\" data-mrf-recirculation=\"Links inline\">Los gobernadores del PRO todav\u00eda no vieron concretamente plasmada ninguna de las promesas tiradas sobre la mesa por el Ejecutivo, pero tienen informaci\u00f3n que da cuenta de que, al rev\u00e9s de lo que trascendi\u00f3 en estos d\u00edas,\u00a0<b>el Presidente estar\u00eda dispuesto a convocar a sesiones extraordinarias en diciembre para tratar de tener el Presupuesto 2025<\/b>. Macri y sus colaboradores creen que a Milei no le conviene gobernar el a\u00f1o pr\u00f3ximo, otra vez, con una pr\u00f3rroga del presupuesto del 2023. No por el aspecto econ\u00f3mico o financiamiento, sino por el pol\u00edtico: suponen que ser\u00eda, en ese sentido, una mala se\u00f1al para los mercados y la gobernabilidad no poder sacar la ley de leyes, m\u00e1s a\u00fan de cara a un a\u00f1o electoral.<\/p>\n<p class=\"paragraph\" data-mrf-recirculation=\"Links inline\">No pareciera ser, al menos por las \u00faltimas se\u00f1ales p\u00fablicas y privadas, una prioridad del gobierno. Esta semana, dominada por la sesi\u00f3n convocada para hoy a las 15, no hay prevista ninguna reuni\u00f3n de comisiones en torno al proyecto que present\u00f3 el propio Milei en el Congreso hace semanas. La que hab\u00eda la semana pasada, en la que ten\u00eda que presentarse\u00a0<b>Mario Lugones<\/b>, el ministro de Salud, que responde antes que nadie al consultor Caputo, fue suspendida.<\/p>\n<p class=\"paragraph\" data-mrf-recirculation=\"Links inline\">El asesor presidencial es de los que cree que el PRO no tiene vida por fuera de la agenda del gobierno, y si fuera por \u00e9l, y por la secretaria General de la Presidencia, ya habr\u00eda cancelado cualquier posibilidad de acuerdo electoral con Macri. En el entorno de ambos colaboradores resaltan que solo el presidente alienta esa posibilidad. Por el contrario, est\u00e1n mucho m\u00e1s concentrados en acumular cada vez m\u00e1s poder interno y externo, en promocionar el nuevo relato oficial a trav\u00e9s del imponente aparato libertario y contrarrestarlo, de manera premeditada, con el kirchnerismo.<\/p>\n<p class=\"paragraph\" data-mrf-recirculation=\"Links inline\"><b>Cristina Kirchner<\/b>, a punto de asumir formalmente como la jefa del PJ, acept\u00f3 el desaf\u00edo.<\/p>\n<p class=\"paragraph\" data-mrf-recirculation=\"Links inline\">La\u00a0<a href=\"https:\/\/www.infobae.com\/politica\/2024\/11\/12\/tras-el-fallo-de-casacion-cristina-kirchner-reaparecera-en-santiago-del-estero-para-asistir-a-un-acto-por-el-dia-del-militante\/\" target=\"_blank\" rel=\"noopener noreferrer\" data-mrf-link=\"https:\/\/www.infobae.com\/politica\/2024\/11\/12\/tras-el-fallo-de-casacion-cristina-kirchner-reaparecera-en-santiago-del-estero-para-asistir-a-un-acto-por-el-dia-del-militante\/\">ex presidenta se prepara para tener este mi\u00e9rcoles un nuevo rev\u00e9s judicial<\/a>. Esta vez, por parte de la C\u00e1mara Federal de Casaci\u00f3n Penal, el m\u00e1ximo tribunal penal, en la causa conocida como \u201cVialidad\u201d: la sala IV confirmar\u00eda, seg\u00fan trascendi\u00f3, la condena a seis a\u00f1os de prisi\u00f3n y la inhabilitaci\u00f3n perpetua para el ejercicio de la funci\u00f3n p\u00fablica. Se abrir\u00eda, en ese contexto, un largo derrotero en la Corte Suprema.<\/p>\n<p class=\"paragraph\" data-mrf-recirculation=\"Links inline\">Ma\u00f1ana, Cristina Kirchner convoc\u00f3 a los dirigentes m\u00e1s cercanos a un encuentro, presuntamente en la sede del gremio de SMATA, para delinear los pasos a seguir. Entre los colaboradores que fueron incluidos en la lista que fue proclamada por la Junta Electoral del PJ circul\u00f3 adem\u00e1s la convocatoria a una reuni\u00f3n para dar un paso m\u00e1s en la formalizaci\u00f3n del partido. A\u00fan no hay fecha para la asunci\u00f3n oficial. El domingo, por lo pronto, prev\u00e9 estar en Santiago del Estero. El mi\u00e9rcoles habr\u00e1 adem\u00e1s una clase p\u00fablica en las puertas de Comodoro Py a cargo de\u00a0<b>Juan Mart\u00edn Mena<\/b>, uno de los principales operadores judiciales de la ex mandataria, de Juan Grabois y de enviados del presidente Lula da Silva.<\/p>\n<div class=\" visual__image\"><picture><source srcset=\"https:\/\/www.infobae.com\/resizer\/v2\/3NPQARMOTJFLVLB44SCQGMVM3I.jpg?auth=32cc3ddb0a97b057d21b4fad97cb95d720a8ca760895e759b70d3dcdb0528fba&amp;smart=true&amp;width=992&amp;height=558&amp;quality=85\" media=\"(min-width: 1000px)\" \/><source srcset=\"https:\/\/www.infobae.com\/resizer\/v2\/3NPQARMOTJFLVLB44SCQGMVM3I.jpg?auth=32cc3ddb0a97b057d21b4fad97cb95d720a8ca760895e759b70d3dcdb0528fba&amp;smart=true&amp;width=768&amp;height=432&amp;quality=85\" media=\"(min-width: 768px)\" \/><source srcset=\"https:\/\/www.infobae.com\/resizer\/v2\/3NPQARMOTJFLVLB44SCQGMVM3I.jpg?auth=32cc3ddb0a97b057d21b4fad97cb95d720a8ca760895e759b70d3dcdb0528fba&amp;smart=true&amp;width=577&amp;height=325&amp;quality=85\" media=\"(min-width: 580px)\" \/><source srcset=\"https:\/\/www.infobae.com\/resizer\/v2\/3NPQARMOTJFLVLB44SCQGMVM3I.jpg?auth=32cc3ddb0a97b057d21b4fad97cb95d720a8ca760895e759b70d3dcdb0528fba&amp;smart=true&amp;width=420&amp;height=236&amp;quality=85\" media=\"(min-width: 350px)\" \/><source srcset=\"https:\/\/www.infobae.com\/resizer\/v2\/3NPQARMOTJFLVLB44SCQGMVM3I.jpg?auth=32cc3ddb0a97b057d21b4fad97cb95d720a8ca760895e759b70d3dcdb0528fba&amp;smart=true&amp;width=350&amp;height=197&amp;quality=85\" media=\"(min-width: 80px)\" \/><img loading=\"lazy\" decoding=\"async\" class=\"global-image\" src=\"https:\/\/www.infobae.com\/resizer\/v2\/3NPQARMOTJFLVLB44SCQGMVM3I.jpg?auth=32cc3ddb0a97b057d21b4fad97cb95d720a8ca760895e759b70d3dcdb0528fba&amp;smart=true&amp;width=350&amp;height=197&amp;quality=85\" alt=\"El presidente Javier Milei espera las definiciones en el Congreso y lo que pasar\u00e1 con Cristina Kirchner\" width=\"1920\" height=\"1080\" \/><\/picture>El presidente Javier Milei espera las definiciones en el Congreso y lo que pasar\u00e1 con Cristina Kirchner<\/div>\n<p class=\"paragraph\" data-mrf-recirculation=\"Links inline\">CFK sabe que hay buenas chances de que la Justicia le proh\u00edba ser candidata en el 2025, pero ella se mueve como la figura central del peronismo. El Instituto Patria es un desfile incesante de dirigentes, en su mayor\u00eda de los m\u00e1s incondicionales. Ella disfruta del poder, y de su centralidad. Con\u00a0<b>Sergio Massa<\/b>, por ejemplo, mantiene un di\u00e1logo muy cercano y confiable. En estos meses, se posicion\u00f3, seg\u00fan las encuestas de opini\u00f3n p\u00fablica, como la opositora m\u00e1s n\u00edtida al gobierno, un podio que comparte con\u00a0<b>Axel Kicillof<\/b>, con el que se quebr\u00f3 una relaci\u00f3n de m\u00e1s de una d\u00e9cada. Una ruptura pol\u00edtica, pero peor a\u00fan, un quiebre personal.<\/p>\n<p class=\"paragraph\" data-mrf-recirculation=\"Links inline\">En los \u00faltimos d\u00edas, desde el Gran Buenos Aires encargaron una encuesta entre un millar de afiliados del PJ, a los que les preguntaron a qui\u00e9n consideraban \u00e9l o la l\u00edder del peronismo. El resultado fue abrumadoramente en favor de Cristina Kirchner.<\/p>\n<p class=\"paragraph\" data-mrf-recirculation=\"Links inline\">Lo llamativo es que, seg\u00fan los especialistas en opini\u00f3n p\u00fablica, la ex presidente tiene m\u00e1s menciones entre los militantes del oficialismo que en los opositores. En los estudios cualitativos, ella tiene mayor valor cuando se opone a un proyecto tan n\u00edtido y en las ant\u00edpodas como el actual de LLA. Fue una reconocida opositora, seg\u00fan los estudios, al gobierno de Macri, y lo es m\u00e1s a\u00fan a este gobierno. En ese aspecto, funciona como espejo del presidente. Es uno de los temores del c\u00edrculo rojo, interno, pero tambi\u00e9n externo: la vigencia pol\u00edtica de Cristina Kirchner.<\/p>\n","protected":false},"excerpt":{"rendered":"<p>Euf\u00f3rico en el plano internacional, a punto de volar a\u00a0Estados Unidos para tratar de verse en persona con Donald Trump\u00a0tras el triunfo contundente del republicano,\u00a0Javier Milei y su entorno segu\u00edan atentos en las \u00faltimas horas la pol\u00edtica dom\u00e9stica, con especial inter\u00e9s en la sesi\u00f3n especial pedida para esta tarde en Diputados por sectores de la [&hellip;]<\/p>\n","protected":false},"author":2,"featured_media":22513,"comment_status":"closed","ping_status":"closed","sticky":false,"template":"","format":"standard","meta":{"footnotes":""},"categories":[79],"tags":[],"class_list":{"0":"post-22512","1":"post","2":"type-post","3":"status-publish","4":"format-standard","5":"has-post-thumbnail","7":"category-politica"},"_links":{"self":[{"href":"https:\/\/radiobitacora.com.ar\/web\/wp-json\/wp\/v2\/posts\/22512","targetHints":{"allow":["GET"]}}],"collection":[{"href":"https:\/\/radiobitacora.com.ar\/web\/wp-json\/wp\/v2\/posts"}],"about":[{"href":"https:\/\/radiobitacora.com.ar\/web\/wp-json\/wp\/v2\/types\/post"}],"author":[{"embeddable":true,"href":"https:\/\/radiobitacora.com.ar\/web\/wp-json\/wp\/v2\/users\/2"}],"replies":[{"embeddable":true,"href":"https:\/\/radiobitacora.com.ar\/web\/wp-json\/wp\/v2\/comments?post=22512"}],"version-history":[{"count":0,"href":"https:\/\/radiobitacora.com.ar\/web\/wp-json\/wp\/v2\/posts\/22512\/revisions"}],"wp:featuredmedia":[{"embeddable":true,"href":"https:\/\/radiobitacora.com.ar\/web\/wp-json\/wp\/v2\/media\/22513"}],"wp:attachment":[{"href":"https:\/\/radiobitacora.com.ar\/web\/wp-json\/wp\/v2\/media?parent=22512"}],"wp:term":[{"taxonomy":"category","embeddable":true,"href":"https:\/\/radiobitacora.com.ar\/web\/wp-json\/wp\/v2\/categories?post=22512"},{"taxonomy":"post_tag","embeddable":true,"href":"https:\/\/radiobitacora.com.ar\/web\/wp-json\/wp\/v2\/tags?post=22512"}],"curies":[{"name":"wp","href":"https:\/\/api.w.org\/{rel}","templated":true}]}}