{"id":22543,"date":"2024-11-14T08:19:53","date_gmt":"2024-11-14T11:19:53","guid":{"rendered":"https:\/\/radiobitacora.com.ar\/web\/?p=22543"},"modified":"2024-11-14T08:19:53","modified_gmt":"2024-11-14T11:19:53","slug":"14-de-noviembre-realizaran-actividades-de-concientizacion-por-el-dia-mundial-de-la-diabetes","status":"publish","type":"post","link":"https:\/\/radiobitacora.com.ar\/web\/2024\/11\/14\/14-de-noviembre-realizaran-actividades-de-concientizacion-por-el-dia-mundial-de-la-diabetes\/","title":{"rendered":"14 DE NOVIEMBRE: REALIZAR\u00c1N ACTIVIDADES DE CONCIENTIZACI\u00d3N POR EL D\u00cdA MUNDIAL DE LA DIABETES"},"content":{"rendered":"<p>Este 14 de noviembre ser\u00e1 el D\u00eda Mundial de la Diabetes, la fecha busca despertar conciencia e informar sobre el impacto de la diabetes en la salud de las personas ya que es una enfermedad que habitualmente quienes la portan no logran identificarla. Se estima que en Argentina hay 6 millones de diab\u00e9ticos.<\/p>\n<p>La doctora Carolina de la Vega inform\u00f3 acerca de estas actividades en la localidad, alguna de las cuales ya fueron realizadas d\u00edas atr\u00e1s, como una charla de Educaci\u00f3n Diabetol\u00f3gica sobre cuidados del Pie diab\u00e9tico con alumnos de enfermer\u00eda del Instituto San Mart\u00edn, Pod\u00f3loga Ver\u00f3nica Fleitas en sala Sarmiento, Jard\u00edn, Medalla Milagrosa, Itat\u00ed y Belgrano.<\/p>\n<p>Este jueves se llevar\u00e1 a cabo una charla en el Sal\u00f3n Auditorio del Hospital Regional Goya, desde las 8:30 hs, el Servicio de Diabetes organiza una jornada taller de Insulinoterapia, destinada a enfermeros, estudiantes de Enfermer\u00eda, agentes sanitarios, param\u00e9dicos.<\/p>\n<p>De igual modo invit\u00f3 para una jornada saludable con actividad f\u00edsica el d\u00eda viernes 15 de noviembre a las 18:30 en La Rotonda Virgen del Rosario. Se solicita traer un accesorio o remera azul. Los asistentes compartir\u00e1n un momento de sano relax y gimnasia acompa\u00f1ados por profesores de Zumba programa \u201cGoya Baila\u201d y Gimnasio Atenas con rutinas gimn\u00e1sticas.<\/p>\n<p><img loading=\"lazy\" decoding=\"async\" class=\"size-medium wp-image-70614 alignleft entered lazyloaded\" src=\"https:\/\/883radiociudad.gob.ar\/wp-content\/uploads\/2024\/11\/diabetes-5-169x300.jpeg.webp\" sizes=\"auto, (max-width: 169px) 100vw, 169px\" srcset=\"https:\/\/883radiociudad.gob.ar\/wp-content\/uploads\/2024\/11\/diabetes-5-169x300.jpeg.webp 169w, https:\/\/883radiociudad.gob.ar\/wp-content\/uploads\/2024\/11\/diabetes-5-576x1024.jpeg.webp 576w, https:\/\/883radiociudad.gob.ar\/wp-content\/uploads\/2024\/11\/diabetes-5.jpeg.webp 720w\" alt=\"\" width=\"169\" height=\"300\" data-lazy-srcset=\"https:\/\/883radiociudad.gob.ar\/wp-content\/uploads\/2024\/11\/diabetes-5-169x300.jpeg.webp 169w, https:\/\/883radiociudad.gob.ar\/wp-content\/uploads\/2024\/11\/diabetes-5-576x1024.jpeg.webp 576w, https:\/\/883radiociudad.gob.ar\/wp-content\/uploads\/2024\/11\/diabetes-5.jpeg.webp 720w\" data-lazy-sizes=\"(max-width: 169px) 100vw, 169px\" data-lazy-src=\"https:\/\/883radiociudad.gob.ar\/wp-content\/uploads\/2024\/11\/diabetes-5-169x300.jpeg.webp\" data-lazy-src-webp=\"https:\/\/883radiociudad.gob.ar\/wp-content\/uploads\/2024\/11\/diabetes-5-169x300.jpeg.webp\" data-lazy-srcset-webp=\"https:\/\/883radiociudad.gob.ar\/wp-content\/uploads\/2024\/11\/diabetes-5-169x300.jpeg.webp 169w, https:\/\/883radiociudad.gob.ar\/wp-content\/uploads\/2024\/11\/diabetes-5-576x1024.jpeg.webp 576w, https:\/\/883radiociudad.gob.ar\/wp-content\/uploads\/2024\/11\/diabetes-5.jpeg.webp 720w\" data-ll-status=\"loaded\" \/><img loading=\"lazy\" decoding=\"async\" class=\"size-medium wp-image-70616 alignright entered lazyloaded\" src=\"https:\/\/883radiociudad.gob.ar\/wp-content\/uploads\/2024\/11\/diabetes-4-169x300.jpeg.webp\" sizes=\"auto, (max-width: 169px) 100vw, 169px\" srcset=\"https:\/\/883radiociudad.gob.ar\/wp-content\/uploads\/2024\/11\/diabetes-4-169x300.jpeg.webp 169w, https:\/\/883radiociudad.gob.ar\/wp-content\/uploads\/2024\/11\/diabetes-4-576x1024.jpeg.webp 576w, https:\/\/883radiociudad.gob.ar\/wp-content\/uploads\/2024\/11\/diabetes-4.jpeg.webp 720w\" alt=\"\" width=\"169\" height=\"300\" data-lazy-srcset=\"https:\/\/883radiociudad.gob.ar\/wp-content\/uploads\/2024\/11\/diabetes-4-169x300.jpeg.webp 169w, https:\/\/883radiociudad.gob.ar\/wp-content\/uploads\/2024\/11\/diabetes-4-576x1024.jpeg.webp 576w, https:\/\/883radiociudad.gob.ar\/wp-content\/uploads\/2024\/11\/diabetes-4.jpeg.webp 720w\" data-lazy-sizes=\"(max-width: 169px) 100vw, 169px\" data-lazy-src=\"https:\/\/883radiociudad.gob.ar\/wp-content\/uploads\/2024\/11\/diabetes-4-169x300.jpeg.webp\" data-lazy-src-webp=\"https:\/\/883radiociudad.gob.ar\/wp-content\/uploads\/2024\/11\/diabetes-4-169x300.jpeg.webp\" data-lazy-srcset-webp=\"https:\/\/883radiociudad.gob.ar\/wp-content\/uploads\/2024\/11\/diabetes-4-169x300.jpeg.webp 169w, https:\/\/883radiociudad.gob.ar\/wp-content\/uploads\/2024\/11\/diabetes-4-576x1024.jpeg.webp 576w, https:\/\/883radiociudad.gob.ar\/wp-content\/uploads\/2024\/11\/diabetes-4.jpeg.webp 720w\" data-ll-status=\"loaded\" \/><\/p>\n<p><strong>H\u00c1BITOS SALUDABLES<\/strong><\/p>\n<p>La diabetes es una enfermedad cr\u00f3nica con fuerte impacto en la calidad de vida de la poblaci\u00f3n. Es una de las principales causas de ceguera, insuficiencia renal, ataques card\u00edacos, accidentes cerebrovasculares y amputaci\u00f3n de miembros inferiores.<\/p>\n<p>La doctora De la Vega analiz\u00f3 algunos puntos a tener en cuenta para llevar adelante una vida saludable.<\/p>\n<p>\u201cLa diabetes no viene sola, viene acompa\u00f1ada de problemas cardiovasculares, ACV, hipertensi\u00f3n, colesterol, se puede prevenir, m\u00e1s sabiendo que tengo un familiar con este tipo de enfermedad, tengo que adquirir la cultura de realizar actividades f\u00edsicas diariamente, cuidarme con la alimentaci\u00f3n, chequeos m\u00e9dicos correspondientes\u201d enumer\u00f3.<\/p>\n<p>Es importante tener presente los factores de riesgo, pero tambi\u00e9n es importante realizar cualquier actividad f\u00edsica como andar en bici, caminar, bailar \u201chacer algo que a m\u00ed me guste y el tema de la alimentaci\u00f3n saludable\u201d.<\/p>\n<p>La profesional destac\u00f3 que estas jornadas est\u00e1n destinadas a la comunidad, a pacientes con diabetes y familiares de personas que tengan esta enfermedad para informarse sobre el tratamiento, prevenir las complicaciones y tener un mejor control de la enfermedad.<\/p>\n<p>Invit\u00f3 a la ciudadan\u00eda que ante cualquier consulta o duda recurra a las salitas barriales que dependen de Salud P\u00fablica de la provincia.<\/p>\n","protected":false},"excerpt":{"rendered":"<p>Este 14 de noviembre ser\u00e1 el D\u00eda Mundial de la Diabetes, la fecha busca despertar conciencia e informar sobre el impacto de la diabetes en la salud de las personas ya que es una enfermedad que habitualmente quienes la portan no logran identificarla. Se estima que en Argentina hay 6 millones de diab\u00e9ticos. La doctora [&hellip;]<\/p>\n","protected":false},"author":2,"featured_media":22544,"comment_status":"closed","ping_status":"closed","sticky":false,"template":"","format":"standard","meta":{"footnotes":""},"categories":[56],"tags":[],"class_list":{"0":"post-22543","1":"post","2":"type-post","3":"status-publish","4":"format-standard","5":"has-post-thumbnail","7":"category-locales"},"_links":{"self":[{"href":"https:\/\/radiobitacora.com.ar\/web\/wp-json\/wp\/v2\/posts\/22543","targetHints":{"allow":["GET"]}}],"collection":[{"href":"https:\/\/radiobitacora.com.ar\/web\/wp-json\/wp\/v2\/posts"}],"about":[{"href":"https:\/\/radiobitacora.com.ar\/web\/wp-json\/wp\/v2\/types\/post"}],"author":[{"embeddable":true,"href":"https:\/\/radiobitacora.com.ar\/web\/wp-json\/wp\/v2\/users\/2"}],"replies":[{"embeddable":true,"href":"https:\/\/radiobitacora.com.ar\/web\/wp-json\/wp\/v2\/comments?post=22543"}],"version-history":[{"count":0,"href":"https:\/\/radiobitacora.com.ar\/web\/wp-json\/wp\/v2\/posts\/22543\/revisions"}],"wp:featuredmedia":[{"embeddable":true,"href":"https:\/\/radiobitacora.com.ar\/web\/wp-json\/wp\/v2\/media\/22544"}],"wp:attachment":[{"href":"https:\/\/radiobitacora.com.ar\/web\/wp-json\/wp\/v2\/media?parent=22543"}],"wp:term":[{"taxonomy":"category","embeddable":true,"href":"https:\/\/radiobitacora.com.ar\/web\/wp-json\/wp\/v2\/categories?post=22543"},{"taxonomy":"post_tag","embeddable":true,"href":"https:\/\/radiobitacora.com.ar\/web\/wp-json\/wp\/v2\/tags?post=22543"}],"curies":[{"name":"wp","href":"https:\/\/api.w.org\/{rel}","templated":true}]}}