{"id":22564,"date":"2024-11-14T09:12:01","date_gmt":"2024-11-14T12:12:01","guid":{"rendered":"https:\/\/radiobitacora.com.ar\/web\/?p=22564"},"modified":"2024-11-14T09:12:01","modified_gmt":"2024-11-14T12:12:01","slug":"con-la-vuelta-de-dibu-argentina-enfrentara-esta-noche-a-paraguay","status":"publish","type":"post","link":"https:\/\/radiobitacora.com.ar\/web\/2024\/11\/14\/con-la-vuelta-de-dibu-argentina-enfrentara-esta-noche-a-paraguay\/","title":{"rendered":"Con la vuelta de Dibu, Argentina enfrentar\u00e1 esta noche a Paraguay"},"content":{"rendered":"<p>La Selecci\u00f3n argentina tuvo su \u00faltimo entrenamiento antes de viajar a Paraguay, donde disputar\u00e1 la und\u00e9cima fecha de las Eliminatorias Sudamericanas.<\/p>\n<p>La principal novedad pas\u00f3 por el lado de que el director t\u00e9cnico campe\u00f3n del mundo, Lionel Scaloni, repetir\u00eda el 11 que sali\u00f3 a la cancha en el \u00faltimo partido de Eliminatorias, que termin\u00f3 en goleada 6-0 a Bolivia a excepci\u00f3n del arquero.<\/p>\n<p>Esto se debe a que en el arco estar\u00e1 Emiliano &#8220;Dibu&#8221; Mart\u00ednez, que ya cumpli\u00f3 con las dos fechas de suspensi\u00f3n que hab\u00eda sufrido, y reemplazar\u00e1 a Ger\u00f3nimo Rulli.<\/p>\n<p>En la delantera, Lionel Messi estar\u00e1 acompa\u00f1ado por Juli\u00e1n \u00c1lvarez y Lautaro Mart\u00ednez, que era la \u00fanica inc\u00f3gnita en la formaci\u00f3n.<\/p>\n<p>Por otra parte, la defensa estar\u00eda conformada por Nicol\u00e1s, Cristian &#8220;Cuti&#8221; Romero, Nicol\u00e1s Otamendi y Nahuel Molina, mientras que en el mediocampo ser\u00e1n de la partida Alexis Mac Allister, Enzo Fern\u00e1ndez y Rodrigo de Paul.<\/p>\n<p>Este equipo tambi\u00e9n tiene un gran parecido a los 11 que eligi\u00f3 Scaloni para la final contra Francia. La \u00fanica diferencia radica en la salida de \u00c1ngel Di Mar\u00eda, ya retirado de la Selecci\u00f3n, y el ingreso de Lautaro Mart\u00ednez.<\/p>\n<p>El combinado albiceleste lleg\u00f3 este mi\u00e9rcoles por la noche a Paraguay para medirse ante el elenco guaran\u00ed en el marco de la decimo primera fecha de Eliminatorias Sudamericanas rumbo al Mundial 2026.<\/p>\n<p>El encuentro se llevar\u00e1 a cabo a las 20.30 en el Estadio Defensores del Chaco, en Asunci\u00f3n, que cuenta con una capacidad para 42.354 personas.<\/p>\n<p>Con respecto a la convocatoria original, Argentina sufri\u00f3 las bajas de Lisandro Mart\u00ednez, Germ\u00e1n Pezzella y Nicol\u00e1s Gonz\u00e1lez, todos por problemas f\u00edsicos, y el entrenador oriundo de Pujato decidi\u00f3 llamar solamente al defensor Facundo Medina como reemplazante.<\/p>\n<p>La Selecci\u00f3n llega a este compromiso en la primera ubicaci\u00f3n de las Eliminatorias Sudamericanas, con 22 puntos, tres m\u00e1s que su escolta, Colombia.<\/p>\n<p>En la \u00faltima doble fecha de Eliminatorias, los campeones de Am\u00e9rica y del mundo empataron 1-1 en su visita a Venezuela y golearon 6-0 a Bolivia.<\/p>\n<p>Paraguay, por su parte, marcha sexta con 13 puntos y estar\u00eda clasificando de manera directa a la cita mundialista luego de varias ausencias.<\/p>\n<p>La \u00faltima vez que el pa\u00eds vecino disput\u00f3 un Mundial fue en 2010, cuando llegaron a los cuartos de final.<\/p>\n","protected":false},"excerpt":{"rendered":"<p>La Selecci\u00f3n argentina tuvo su \u00faltimo entrenamiento antes de viajar a Paraguay, donde disputar\u00e1 la und\u00e9cima fecha de las Eliminatorias Sudamericanas. La principal novedad pas\u00f3 por el lado de que el director t\u00e9cnico campe\u00f3n del mundo, Lionel Scaloni, repetir\u00eda el 11 que sali\u00f3 a la cancha en el \u00faltimo partido de Eliminatorias, que termin\u00f3 en [&hellip;]<\/p>\n","protected":false},"author":2,"featured_media":22565,"comment_status":"closed","ping_status":"closed","sticky":false,"template":"","format":"standard","meta":{"footnotes":""},"categories":[78],"tags":[],"class_list":{"0":"post-22564","1":"post","2":"type-post","3":"status-publish","4":"format-standard","5":"has-post-thumbnail","7":"category-deportes"},"_links":{"self":[{"href":"https:\/\/radiobitacora.com.ar\/web\/wp-json\/wp\/v2\/posts\/22564","targetHints":{"allow":["GET"]}}],"collection":[{"href":"https:\/\/radiobitacora.com.ar\/web\/wp-json\/wp\/v2\/posts"}],"about":[{"href":"https:\/\/radiobitacora.com.ar\/web\/wp-json\/wp\/v2\/types\/post"}],"author":[{"embeddable":true,"href":"https:\/\/radiobitacora.com.ar\/web\/wp-json\/wp\/v2\/users\/2"}],"replies":[{"embeddable":true,"href":"https:\/\/radiobitacora.com.ar\/web\/wp-json\/wp\/v2\/comments?post=22564"}],"version-history":[{"count":0,"href":"https:\/\/radiobitacora.com.ar\/web\/wp-json\/wp\/v2\/posts\/22564\/revisions"}],"wp:featuredmedia":[{"embeddable":true,"href":"https:\/\/radiobitacora.com.ar\/web\/wp-json\/wp\/v2\/media\/22565"}],"wp:attachment":[{"href":"https:\/\/radiobitacora.com.ar\/web\/wp-json\/wp\/v2\/media?parent=22564"}],"wp:term":[{"taxonomy":"category","embeddable":true,"href":"https:\/\/radiobitacora.com.ar\/web\/wp-json\/wp\/v2\/categories?post=22564"},{"taxonomy":"post_tag","embeddable":true,"href":"https:\/\/radiobitacora.com.ar\/web\/wp-json\/wp\/v2\/tags?post=22564"}],"curies":[{"name":"wp","href":"https:\/\/api.w.org\/{rel}","templated":true}]}}