{"id":22567,"date":"2024-11-14T09:19:13","date_gmt":"2024-11-14T12:19:13","guid":{"rendered":"https:\/\/radiobitacora.com.ar\/web\/?p=22567"},"modified":"2024-11-14T09:19:13","modified_gmt":"2024-11-14T12:19:13","slug":"valdes-entregara-20-ambulancias-para-los-hospitales-en-corrientes","status":"publish","type":"post","link":"https:\/\/radiobitacora.com.ar\/web\/2024\/11\/14\/valdes-entregara-20-ambulancias-para-los-hospitales-en-corrientes\/","title":{"rendered":"Vald\u00e9s entregar\u00e1 20 ambulancias para los hospitales en Corrientes"},"content":{"rendered":"<p>El gobierno de la provincia de Corrientes alista para este jueves, a las 12 en Costanera y Necochea de la ciudad de Corrientes, el acto de entrega de 20 ambulancias a instituciones sanitarias de la Provincia.<\/p>\n<div class=\"container-spot\" data-tipo=\"tipo_todo\" data-pos=\"NEW_P1_cuerpo\"><\/div>\n<p>En este marco, se pudo saber que los veh\u00edculos ya llegaron a la ciudad de Corrientes para su entrega a las distintas comunas que recibir\u00e1n las ambulancias equipadas de parte del Ministerio de Salud P\u00fablica de la Provincia.<\/p>\n<p>&nbsp;<\/p>\n<div class=\"fixed-container direction-center\"><img decoding=\"async\" class=\"i-amphtml-fill-content i-amphtml-replaced-content\" title=\"Vald\u00e9s entregar\u00e1 20 ambulancias para los hospitales en Corrientes-\" src=\"https:\/\/pxcdn.ellitoral.com.ar\/litoral\/112024\/1731535220383.jpg?cw=807\" alt=\"Vald\u00e9s entregar\u00e1 20 ambulancias para los hospitales en Corrientes\" \/><\/div>\n<p>&nbsp;<\/p>\n<div class=\"container-spot\" data-tipo=\"tipo_todo\" data-pos=\"NEW_P2_cuerpo\"><\/div>\n<p>Las 20 ambulancias son de marca Mercedes Benz Sprinter completamente equipadas con: ventilador de transporte con tubo de ox\u00edgeno y fijo, aspirador mec\u00e1nico, cardiodesfibrilador, tubos de ox\u00edgeno, bolsos de Insumos y de Trauma, tablas pl\u00e1sticas, entre otros elementos.<\/p>\n<p>Los hospitales y Centros de Salud beneficiados con las ambulancias son de las localidades de Paso de los Libres, Paso de la Patria, Mercedes, Esquina, 4 para la Direcci\u00f3n de Emergencias Sanitarias, Virasoro, Monte Caseros, Santo Tom\u00e9, Saladas, Ca\u00e1 Cat\u00ed, Concepci\u00f3n, Direcci\u00f3n de Operativos Sanitarios, Hospital \u00c1ngela I. de Llano, Hospital Juan Pablo II, Mburucuy\u00e1 y 2 para Goya.<\/p>\n","protected":false},"excerpt":{"rendered":"<p>El gobierno de la provincia de Corrientes alista para este jueves, a las 12 en Costanera y Necochea de la ciudad de Corrientes, el acto de entrega de 20 ambulancias a instituciones sanitarias de la Provincia. En este marco, se pudo saber que los veh\u00edculos ya llegaron a la ciudad de Corrientes para su entrega [&hellip;]<\/p>\n","protected":false},"author":2,"featured_media":22568,"comment_status":"closed","ping_status":"closed","sticky":false,"template":"","format":"standard","meta":{"footnotes":""},"categories":[79],"tags":[],"class_list":{"0":"post-22567","1":"post","2":"type-post","3":"status-publish","4":"format-standard","5":"has-post-thumbnail","7":"category-politica"},"_links":{"self":[{"href":"https:\/\/radiobitacora.com.ar\/web\/wp-json\/wp\/v2\/posts\/22567","targetHints":{"allow":["GET"]}}],"collection":[{"href":"https:\/\/radiobitacora.com.ar\/web\/wp-json\/wp\/v2\/posts"}],"about":[{"href":"https:\/\/radiobitacora.com.ar\/web\/wp-json\/wp\/v2\/types\/post"}],"author":[{"embeddable":true,"href":"https:\/\/radiobitacora.com.ar\/web\/wp-json\/wp\/v2\/users\/2"}],"replies":[{"embeddable":true,"href":"https:\/\/radiobitacora.com.ar\/web\/wp-json\/wp\/v2\/comments?post=22567"}],"version-history":[{"count":0,"href":"https:\/\/radiobitacora.com.ar\/web\/wp-json\/wp\/v2\/posts\/22567\/revisions"}],"wp:featuredmedia":[{"embeddable":true,"href":"https:\/\/radiobitacora.com.ar\/web\/wp-json\/wp\/v2\/media\/22568"}],"wp:attachment":[{"href":"https:\/\/radiobitacora.com.ar\/web\/wp-json\/wp\/v2\/media?parent=22567"}],"wp:term":[{"taxonomy":"category","embeddable":true,"href":"https:\/\/radiobitacora.com.ar\/web\/wp-json\/wp\/v2\/categories?post=22567"},{"taxonomy":"post_tag","embeddable":true,"href":"https:\/\/radiobitacora.com.ar\/web\/wp-json\/wp\/v2\/tags?post=22567"}],"curies":[{"name":"wp","href":"https:\/\/api.w.org\/{rel}","templated":true}]}}