{"id":22582,"date":"2024-11-15T08:50:54","date_gmt":"2024-11-15T11:50:54","guid":{"rendered":"https:\/\/radiobitacora.com.ar\/web\/?p=22582"},"modified":"2024-11-15T08:50:54","modified_gmt":"2024-11-15T11:50:54","slug":"el-gobierno-suspendio-la-jubilacion-de-privilegio-de-cristina-fernandez-de-kirchner-que-otros-ex-presidentes-cobran-la-asignacion","status":"publish","type":"post","link":"https:\/\/radiobitacora.com.ar\/web\/2024\/11\/15\/el-gobierno-suspendio-la-jubilacion-de-privilegio-de-cristina-fernandez-de-kirchner-que-otros-ex-presidentes-cobran-la-asignacion\/","title":{"rendered":"El Gobierno suspendi\u00f3 la jubilaci\u00f3n de privilegio de Cristina Fern\u00e1ndez de Kirchner: qu\u00e9 otros ex presidentes cobran la asignaci\u00f3n"},"content":{"rendered":"<p>La Administraci\u00f3n Nacional de Seguridad Social (ANSES)\u00a0<b>anunci\u00f3 la suspensi\u00f3n de la\u00a0<\/b><a href=\"https:\/\/chequeado.com\/el-explicador\/el-estado-paga-12-jubilaciones-de-privilegio-de-ex-presidentes-y-vicepresidentes-por-el-equivalente-a-400-jubilaciones-minimas\/?preview_id=80702&amp;preview_nonce=084e3f4582&amp;preview=true\"><b>jubilaci\u00f3n de privilegio<\/b><\/a><b>\u00a0a la ex presidenta Cristina Fern\u00e1ndez de Kirchner<\/b>\u00a0(Frente de Todos)\u00a0 y la pensi\u00f3n que cobra de su marido, el ex presidente N\u00e9stor Kirchner (Frente para la Victoria).<\/p>\n<p>A trav\u00e9s de un\u00a0<a href=\"https:\/\/x.com\/MinCapHum_Ar\/status\/1857061300376949132\/photo\/1\" target=\"_blank\" rel=\"noopener\">mensaje en la red social X<\/a>, el Ministerio de Capital Humano inform\u00f3 que la medida se tom\u00f3 luego de que la C\u00e1mara de Casaci\u00f3n confirmara la condena a 6 a\u00f1os de prisi\u00f3n contra la ex presidenta por el delito de administraci\u00f3n fraudulenta en perjuicio de la administraci\u00f3n p\u00fablica en la\u00a0<a href=\"https:\/\/chequeado.com\/el-explicador\/causa-vialidad-la-camara-de-casacion-confirmo-la-condena-contra-cristina-fernandez-de-kirchner\/\">causa \u201cVialidad\u201d<\/a>.<\/p>\n<p>\u201cLa baja no constituye una sanci\u00f3n accesoria a la condena penal que le fuera impuesta por la Justicia, sino una necesaria consecuencia por la indignidad pol\u00edtica que implica haber sido considerada autora penalmente responsable del delito de administraci\u00f3n fraudulenta\u201d, se\u00f1al\u00f3 el Ministerio.<\/p>\n<p>Por su parte, el vocero presidencial Manuel Adorni\u00a0<a href=\"https:\/\/www.youtube.com\/live\/nm8L5p9xJY4?si=yfHhj8kaW2durGBd&amp;t=17\" target=\"_blank\" rel=\"noopener\">indic\u00f3 en conferencia de prensa<\/a>\u00a0que \u201cel beneficio para ex presidentes es una asignaci\u00f3n que se otorga como car\u00e1cter excepcional como contraprestaci\u00f3n al honor, el m\u00e9rito y el buen desempe\u00f1o en el cargo. Cristina Kirchner fue condenada como autora del delito de administraci\u00f3n fraudulenta, lo que representa lo contrario\u201d.<\/p>\n<p>Adorni\u00a0<a href=\"https:\/\/x.com\/madorni\/status\/1857070513870262352\" target=\"_blank\" rel=\"noopener\">se\u00f1al\u00f3<\/a>\u00a0adem\u00e1s en la red social X que \u201cpor supuesto\u201d el Gobierno le quitar\u00e1 la asignaci\u00f3n de privilegio a \u201cotras personas en similares condiciones\u201d,<b>\u00a0por lo que se podr\u00eda tomar la misma decisi\u00f3n con el ex vicepresidente Amado Boudou (Frente para la Victoria),\u00a0<\/b>sobre quien pesa una condena firme por los delitos de cohecho pasivo y negociaciones incompatibles con la funci\u00f3n p\u00fablica en la denominada \u201c<a href=\"https:\/\/chequeado.com\/el-explicador\/causa-ciccone-la-corte-confirmo-la-sentencia-de-boudou-y-se-convirtio-en-el-primer-vicepresidente-condenado-por-corrupcion\/\">Causa Ciccone<\/a>\u201d.<\/p>\n<p>Tras conocerse la decisi\u00f3n del Gobierno, Fern\u00e1ndez de Kirchner se\u00f1al\u00f3, a trav\u00e9s de un\u00a0<a href=\"https:\/\/x.com\/CFKArgentina\/status\/1857130230445420867\" target=\"_blank\" rel=\"noopener\">mensaje en X<\/a>, que \u201cla pensi\u00f3n de los ex presidentes no se les otorga por el buen desempe\u00f1o,\u00a0<b>sino por el m\u00e9rito de haber sido elegidos por el pueblo como presidentes de la Naci\u00f3n.<\/b>\u00a0El mal desempe\u00f1o s\u00f3lo lo puede juzgar el Congreso de la Naci\u00f3n a trav\u00e9s del proceso constitucional de juicio pol\u00edtico, durante el ejercicio del mandato\u201d.<\/p>\n<h2><b>Cu\u00e1nto cobra Cristina Fern\u00e1ndez de Kirchner por su jubilaci\u00f3n de privilegio<\/b><\/h2>\n<p>De acuerdo a datos de la ANSES obtenidos por el Centro de Datos de\u00a0<b>Chequeado\u00a0<\/b>a trav\u00e9s de un\u00a0<a href=\"https:\/\/drive.google.com\/file\/d\/1nSVF3XZwxeGES54mprTwwevxfIvAZ7Vt\/view\" target=\"_blank\" rel=\"noopener\">pedido de acceso a la informaci\u00f3n p\u00fablica<\/a>,\u00a0<b>en mayo de 2024 la ex presidenta cobraba $ 21,6 millones brutos ($ 12,2 millones de bolsillo) por su jubilaci\u00f3n y la pensi\u00f3n de N\u00e9stor Kirchner.\u00a0<\/b><\/p>\n<p>Fern\u00e1ndez de Kirchner era la ex mandataria con la mayor jubilaci\u00f3n de privilegio sobre otras 13 personas que perciben el beneficio.<\/p>\n<p>Tambi\u00e9n cobran una jubilaci\u00f3n de privilegio los ex presidentes Alberto Fern\u00e1ndez (Frente de Todos) con $ 10,8 millones ($ 6,7 millones de bolsillo); Mauricio Macri (Cambiemos), con $ 10,3 millones ($ 5 millones de bolsillo); Alberto Rodr\u00edguez Sa\u00e1 (Partido Justicialista), con $ 9,9 millones ($ 4,9 millones netos) y Mar\u00eda Estela Mart\u00ednez de Per\u00f3n (Partido Justicialista), con $ 5,3 millones.<\/p>\n<p>Los ex vicepresidentes tambi\u00e9n son beneficiados con un haber de privilegio: Gabriela Michetti (Cambiemos) percib\u00eda en mayo $ 7,5 millones; Julio Cobos (Frente parala Victoria), $ 7,4 millones; Amado Boudou (FpV), $ 6,3 millones y Daniel Scioli (FpV), $ 5,1 millones.<\/p>\n<p>Tambi\u00e9n cobran una pensi\u00f3n las viudas de Carlos Menem (PJ), Zulema Yoma ($ 8,5 millones brutos en mayo); de Fernando de la R\u00faa (Alianza), In\u00e9s Pertin\u00e9 ($ 7,2 millones); de Marcelo Levingston (presidente de facto), Bety Andr\u00e9s ($ 6,7 millones); y la hija de Jos\u00e9 Mar\u00eda Guido (UCR), Amalia Guido ($ 5,2 millones).<\/p>\n<p><b>En total, las jubilaciones de privilegio de presidentes y vicepresidentes costaron en mayo $ 112,3 millones brutos.\u00a0<\/b><\/p>\n<h2><b>El debate por las jubilaciones de privilegio en la Argentina\u00a0<\/b><\/h2>\n<p>La jubilaci\u00f3n de presidentes y vicepresidentes se rige por la\u00a0<a href=\"https:\/\/servicios.infoleg.gob.ar\/infolegInternet\/anexos\/0-4999\/417\/texact.htm\" target=\"_blank\" rel=\"noopener\">Ley 24.018<\/a>\u00a0-aprobada en noviembre de 1991-, que alcanza tambi\u00e9n a los jueces y fiscales. En octubre de 2002 el Congreso\u00a0<a href=\"https:\/\/servicios.infoleg.gob.ar\/infolegInternet\/anexos\/75000-79999\/79679\/norma.htm\" target=\"_blank\" rel=\"noopener\">derog\u00f3 la ley<\/a>, pero el entonces presidente Eduardo Duhalde (Partido Justicialista)\u00a0<a href=\"https:\/\/servicios.infoleg.gob.ar\/infolegInternet\/anexos\/75000-79999\/79680\/norma.htm\" target=\"_blank\" rel=\"noopener\">vet\u00f3 la iniciativa<\/a>\u00a0y s\u00f3lo dej\u00f3 en pie la eliminaci\u00f3n de las jubilaciones de privilegio para diputados y senadores nacionales.<\/p>\n<p>Seg\u00fan este r\u00e9gimen,<b>\u00a0los presidentes cobran el equivalente al sueldo de un juez de la Corte Suprema de Justicia<\/b>, mientras que a los vicepresidentes les corresponde el 75% de ese monto. En tanto, las viudas e hijos menores o discapacitados cobran una pensi\u00f3n equivalente al 75% del haber original.<\/p>\n<p>Fernando Viera, abogado especialista en temas previsionales,\u00a0<a href=\"https:\/\/www.cadena3.com\/noticia\/siempre-juntos\/jubilaciones-de-privilegio-a-expresidentes-por-que-es-dificil-darlas-de-baja_400834\" target=\"_blank\" rel=\"noopener\">se\u00f1al\u00f3 a Cadena 3<\/a>\u00a0que la decisi\u00f3n de dar de baja la jubilaci\u00f3n de la ex presidenta\u00a0<b>\u201ces una cuesti\u00f3n muy compleja que va a terminar en manos de la Corte Suprema\u201d.\u00a0<\/b><\/p>\n<p>El especialista explic\u00f3 que \u201chay 2 cuestiones que chocan: el derecho adquirido, y que desaparecieron los fundamentos de m\u00e9rito por los cuales se le otorg\u00f3 el beneficio\u201d.<\/p>\n<p>Y agreg\u00f3: \u201cEsta jubilaci\u00f3n se otorga por una cuesti\u00f3n de m\u00e9rito. La ley dice que los beneficios no alcanzan a quienes fueron removidos por mal desempe\u00f1o de sus funciones. Esto nos hace pensar si este juicio en lugar de demorar hubiera salido cuando ella estaba en el poder: evidentemente hubiera requerido un juicio pol\u00edtico y la remoci\u00f3n en sus funciones\u201d.<\/p>\n<p><b>La C\u00e1mara de Diputados de la Naci\u00f3n debati\u00f3 y rechaz\u00f3 en mayo \u00faltimo la eliminaci\u00f3n del r\u00e9gimen de jubilaciones de privilegio para los presidentes y vicepresidentes de la Naci\u00f3n,\u00a0<\/b>medida que estaba contemplada en el\u00a0<a href=\"https:\/\/www4.hcdn.gob.ar\/dependencias\/dcomisiones\/periodo-142\/142-65.pdf\" target=\"_blank\" rel=\"noopener\">proyecto de modificaci\u00f3n<\/a>\u00a0del actual sistema de movilidad jubilatoria, que fue impulsado por la oposici\u00f3n, aprobado por el Congreso y\u00a0<a href=\"https:\/\/chequeado.com\/el-explicador\/jubilados-cual-es-la-formula-de-movilidad-que-propone-la-oposicion-y-debate-el-senado\/\">vetado por Milei<\/a>.<\/p>\n<p>Tras la votaci\u00f3n, desde la Oficina del Presidente cuestionaron la decisi\u00f3n al sostener, a trav\u00e9s de un\u00a0<a href=\"https:\/\/x.com\/OPRArgentina\/status\/1798484854809735266\" target=\"_blank\" rel=\"noopener\">mensaje en X<\/a>, que los legisladores \u201coptaron por perpetuar los privilegios de algunos\u201d.<\/p>\n<p>Por su parte,\u00a0<b>Milei present\u00f3 ante la ANSES su renuncia a la jubilaci\u00f3n de privilegio, que\u00a0<\/b><a href=\"https:\/\/x.com\/madorni\/status\/1798795773485912270\" target=\"_blank\" rel=\"noopener\"><b>ya fue aceptada<\/b><\/a>, seg\u00fan comunic\u00f3 el vocero presidencial Manuel Adorni.<\/p>\n<p>Posteriormente, diputados del PRO\u00a0<a href=\"https:\/\/x.com\/DamianArabia\/status\/1823033935825371238\" target=\"_blank\" rel=\"noopener\">presentaron un proyecto de ley<\/a>\u00a0para quitarle la pensi\u00f3n de privilegio y la custodia a aquellos funcionarios que sean condenados por delitos cometidos durante el ejercicio de la funci\u00f3n p\u00fablica. La iniciativa tambi\u00e9n fue avalada por Milei, quien\u00a0<a href=\"https:\/\/x.com\/JMilei\/status\/1823080375830057427\" target=\"_blank\" rel=\"noopener\">escribi\u00f3 en X<\/a>: \u201cMe encanta la idea\u2026 Desde mi visi\u00f3n las jubilaciones no deber\u00edan existir y por ello yo renunci\u00e9 a la misma\u201d.<\/p>\n","protected":false},"excerpt":{"rendered":"<p>La Administraci\u00f3n Nacional de Seguridad Social (ANSES)\u00a0anunci\u00f3 la suspensi\u00f3n de la\u00a0jubilaci\u00f3n de privilegio\u00a0a la ex presidenta Cristina Fern\u00e1ndez de Kirchner\u00a0(Frente de Todos)\u00a0 y la pensi\u00f3n que cobra de su marido, el ex presidente N\u00e9stor Kirchner (Frente para la Victoria). A trav\u00e9s de un\u00a0mensaje en la red social X, el Ministerio de Capital Humano inform\u00f3 que [&hellip;]<\/p>\n","protected":false},"author":2,"featured_media":22583,"comment_status":"closed","ping_status":"closed","sticky":false,"template":"","format":"standard","meta":{"footnotes":""},"categories":[79],"tags":[],"class_list":{"0":"post-22582","1":"post","2":"type-post","3":"status-publish","4":"format-standard","5":"has-post-thumbnail","7":"category-politica"},"_links":{"self":[{"href":"https:\/\/radiobitacora.com.ar\/web\/wp-json\/wp\/v2\/posts\/22582","targetHints":{"allow":["GET"]}}],"collection":[{"href":"https:\/\/radiobitacora.com.ar\/web\/wp-json\/wp\/v2\/posts"}],"about":[{"href":"https:\/\/radiobitacora.com.ar\/web\/wp-json\/wp\/v2\/types\/post"}],"author":[{"embeddable":true,"href":"https:\/\/radiobitacora.com.ar\/web\/wp-json\/wp\/v2\/users\/2"}],"replies":[{"embeddable":true,"href":"https:\/\/radiobitacora.com.ar\/web\/wp-json\/wp\/v2\/comments?post=22582"}],"version-history":[{"count":0,"href":"https:\/\/radiobitacora.com.ar\/web\/wp-json\/wp\/v2\/posts\/22582\/revisions"}],"wp:featuredmedia":[{"embeddable":true,"href":"https:\/\/radiobitacora.com.ar\/web\/wp-json\/wp\/v2\/media\/22583"}],"wp:attachment":[{"href":"https:\/\/radiobitacora.com.ar\/web\/wp-json\/wp\/v2\/media?parent=22582"}],"wp:term":[{"taxonomy":"category","embeddable":true,"href":"https:\/\/radiobitacora.com.ar\/web\/wp-json\/wp\/v2\/categories?post=22582"},{"taxonomy":"post_tag","embeddable":true,"href":"https:\/\/radiobitacora.com.ar\/web\/wp-json\/wp\/v2\/tags?post=22582"}],"curies":[{"name":"wp","href":"https:\/\/api.w.org\/{rel}","templated":true}]}}