{"id":22677,"date":"2024-11-20T08:24:27","date_gmt":"2024-11-20T11:24:27","guid":{"rendered":"https:\/\/radiobitacora.com.ar\/web\/?p=22677"},"modified":"2024-11-20T08:24:27","modified_gmt":"2024-11-20T11:24:27","slug":"la-provincia-elaboro-mas-de-90-mil-frascos-de-repelente-en-lo-que-va-del-ano","status":"publish","type":"post","link":"https:\/\/radiobitacora.com.ar\/web\/2024\/11\/20\/la-provincia-elaboro-mas-de-90-mil-frascos-de-repelente-en-lo-que-va-del-ano\/","title":{"rendered":"LA PROVINCIA ELABOR\u00d3 M\u00c1S DE 90 MIL FRASCOS DE REPELENTE EN LO QUE VA DEL A\u00d1O"},"content":{"rendered":"<p>La cartera sanitaria provincial, a trav\u00e9s de la Planta de Medicamentos de Corrientes (Plamecor), realiz\u00f3 una producci\u00f3n de 91.200 frascos de repelentes en lo que va del a\u00f1o. Los mismos, son distribuidos en la provincia a trav\u00e9s del Plan Provincial de Control de Dengue 2024-2025.<\/p>\n<p>\u201cEsta producci\u00f3n propia forma parte de las acciones que se llevan adelante en el marco de las acciones de control y prevenci\u00f3n de Dengue, y es posible gracias a la decisi\u00f3n del Gobernador Gustavo Vald\u00e9s, y al equipo de profesionales de la Planta de Medicamento de Corrientes\u201d, remarc\u00f3 el ministro\u00a0Ricardo Cardozo.<\/p>\n<p>A la vez, el director de la Plamecor, farmac\u00e9utico\u00a0Andr\u00e9s Guglielmone, sostuvo que \u201cpara los pr\u00f3ximos meses, se espera que este n\u00famero aumente ya que se compraron insumos y se producir\u00e1 50.000 m\u00e1s entre diciembre y enero\u201d.<\/p>\n<p>La elaboraci\u00f3n est\u00e1 a cargo del equipo de profesionales que se desempe\u00f1a en la planta y se concreta mediante la adquisici\u00f3n de reactivos por parte del Gobierno provincial.<\/p>\n<p>En el 2023 se elaboraron 40.000 frascos y este a\u00f1o superar\u00eda los 100.000. \u00c9stos, son repartidos en centros de salud y en operativos que realiza el Ministerio.<\/p>\n<p>En este sentido, remarcaron que una de las medidas de prevenci\u00f3n ante la enfermedad transmitida por el Aedes aegypti es el uso del repelente. Y a ella se suma evitar que se acumule agua y eliminar, tapar, limpiar, cepillas y dar vuelta cualquier recipiente que pueda contenerla diariamente.<\/p>\n<p>Cabe recordar que el 3 de octubre de este a\u00f1o, se present\u00f3 el\u00a0Plan\u00a0de Prevenci\u00f3n y Control del Dengue que se est\u00e1 llevado cabo en todo el territorio provincial.<\/p>\n<p>Las acciones incluyen el trabajo de la Mesa de Gesti\u00f3n Integrada provincial, coordinada por el ministro y conformada por actores multisectoriales: capacitaciones y actualizaciones a los equipos de salud, bloqueos vectoriales con recorrido de la zona, relevamiento, b\u00fasqueda de febriles, fumigaci\u00f3n, control larvario y tareas de descacharrado junto a los municipios y otras instituciones locales. Adem\u00e1s de difusi\u00f3n de medidas de prevenci\u00f3n y recorridas, casa por casa, de los agentes sanitarios recordando los cuidados.<\/p>\n<p><strong>\u00bfQu\u00e9 es el Dengue?<\/strong><\/p>\n<p>Es una enfermedad infecciosa causada por un virus y transmitida por el mosquito Aedes aegypti. El Dengue se transfiere cuando el mosquito se alimenta con sangre de una persona con la enfermedad y luego pica a otras.<\/p>\n<p><strong>\u00bfC\u00f3mo se transmite?<\/strong><\/p>\n<p>Cuando el vector se alimenta con sangre de una alguien infectado, adquiere el virus y luego de 8 a 12 d\u00edas es capaz de pasarlo a alguien sano a trav\u00e9s de la picadura.<\/p>\n<p>Si bien la mayor actividad del mosquito se da durante las primeras horas de la ma\u00f1ana y al atardecer, tambi\u00e9n puede picar durante la noche si en la casa hay alguna luz prendida o en otros momentos del d\u00eda si no se aliment\u00f3.<\/p>\n<p><strong>\u00bfC\u00f3mo se detecta?<\/strong><\/p>\n<p>Cuando la persona presenta fiebre acompa\u00f1ada de uno o m\u00e1s de los siguientes s\u00edntomas: dolor de cabeza muy intenso, dolor detr\u00e1s de los ojos, dolores musculares y articulares, n\u00e1useas y v\u00f3mitos, picaz\u00f3n y\/o sangrado de nariz y enc\u00edas, cansancio intenso o erupci\u00f3n en la piel.<\/p>\n<p><strong>\u00bfC\u00f3mo se previene?<\/strong><\/p>\n<p>Lo mejor es evitar que se acumule agua, adem\u00e1s de impedir los pastizales altos; destapar los desag\u00fces de lluvia de los techos; rociar insecticidas en base a permetrina en el interior de las casas; colocar mosquiteros o telas met\u00e1licas en puertas y ventanas; usar\u00a0repelente\u00a0en la piel expuesta, y espirales en casas y patios.<\/p>\n","protected":false},"excerpt":{"rendered":"<p>La cartera sanitaria provincial, a trav\u00e9s de la Planta de Medicamentos de Corrientes (Plamecor), realiz\u00f3 una producci\u00f3n de 91.200 frascos de repelentes en lo que va del a\u00f1o. Los mismos, son distribuidos en la provincia a trav\u00e9s del Plan Provincial de Control de Dengue 2024-2025. \u201cEsta producci\u00f3n propia forma parte de las acciones que se [&hellip;]<\/p>\n","protected":false},"author":2,"featured_media":22678,"comment_status":"closed","ping_status":"closed","sticky":false,"template":"","format":"standard","meta":{"footnotes":""},"categories":[72],"tags":[],"class_list":{"0":"post-22677","1":"post","2":"type-post","3":"status-publish","4":"format-standard","5":"has-post-thumbnail","7":"category-provinciales"},"_links":{"self":[{"href":"https:\/\/radiobitacora.com.ar\/web\/wp-json\/wp\/v2\/posts\/22677","targetHints":{"allow":["GET"]}}],"collection":[{"href":"https:\/\/radiobitacora.com.ar\/web\/wp-json\/wp\/v2\/posts"}],"about":[{"href":"https:\/\/radiobitacora.com.ar\/web\/wp-json\/wp\/v2\/types\/post"}],"author":[{"embeddable":true,"href":"https:\/\/radiobitacora.com.ar\/web\/wp-json\/wp\/v2\/users\/2"}],"replies":[{"embeddable":true,"href":"https:\/\/radiobitacora.com.ar\/web\/wp-json\/wp\/v2\/comments?post=22677"}],"version-history":[{"count":0,"href":"https:\/\/radiobitacora.com.ar\/web\/wp-json\/wp\/v2\/posts\/22677\/revisions"}],"wp:featuredmedia":[{"embeddable":true,"href":"https:\/\/radiobitacora.com.ar\/web\/wp-json\/wp\/v2\/media\/22678"}],"wp:attachment":[{"href":"https:\/\/radiobitacora.com.ar\/web\/wp-json\/wp\/v2\/media?parent=22677"}],"wp:term":[{"taxonomy":"category","embeddable":true,"href":"https:\/\/radiobitacora.com.ar\/web\/wp-json\/wp\/v2\/categories?post=22677"},{"taxonomy":"post_tag","embeddable":true,"href":"https:\/\/radiobitacora.com.ar\/web\/wp-json\/wp\/v2\/tags?post=22677"}],"curies":[{"name":"wp","href":"https:\/\/api.w.org\/{rel}","templated":true}]}}