{"id":22680,"date":"2024-11-20T08:28:19","date_gmt":"2024-11-20T11:28:19","guid":{"rendered":"https:\/\/radiobitacora.com.ar\/web\/?p=22680"},"modified":"2024-11-20T08:28:19","modified_gmt":"2024-11-20T11:28:19","slug":"analizan-utilizar-el-paso-hacia-uruguayana-para-exportar-gas-de-vaca-muerta-a-brasil","status":"publish","type":"post","link":"https:\/\/radiobitacora.com.ar\/web\/2024\/11\/20\/analizan-utilizar-el-paso-hacia-uruguayana-para-exportar-gas-de-vaca-muerta-a-brasil\/","title":{"rendered":"ANALIZAN UTILIZAR EL PASO HACIA URUGUAYANA PARA EXPORTAR GAS DE VACA MUERTA A BRASIL"},"content":{"rendered":"<p>A partir del pr\u00f3ximo a\u00f1o, Argentina comenzar\u00e1 a exportar 2 millones de metros c\u00fabicos diarios de gas natural hacia Brasil, con el objetivo de alcanzar los 30 millones de metros c\u00fabicos diarios en un plazo de cinco a\u00f1os.<\/p>\n<p>&nbsp;<\/p>\n<p>Para ello, se utilizar\u00e1 inicialmente el gasoducto Bolivia-Argentina, que ser\u00e1 adaptado para permitir el flujo inverso del gas hacia Bolivia, y posteriormente se conectar\u00e1 con el Gasbol, un gasoducto construido en los a\u00f1os 90 que une Bolivia y Brasil.<\/p>\n<p>Adicionalmente, ambas naciones eval\u00faan opciones de conexi\u00f3n directa, incluyendo rutas como Argentina-R\u00edo Grande do Sul v\u00eda Uruguaiana, Argentina-Paraguay-Mato Grosso do Sul, y Argentina-Uruguay-R\u00edo Grande do Sul.<\/p>\n<p>El acuerdo, que busca consolidar la exportaci\u00f3n de gas de Vaca Muerta a Brasil, fue firmado durante el G20 por el ministro de Econom\u00eda argentino, Luis Caputo, y su par brasile\u00f1o de Minas y Energ\u00eda, Alexandre Silveira.<\/p>\n<p>El memorando establece los lineamientos para la construcci\u00f3n de la infraestructura necesaria y marca un hito al proponer vol\u00famenes equivalentes a los que Brasil sol\u00eda importar desde Bolivia.<\/p>\n<p>Silveira destac\u00f3 el acuerdo como un avance estrat\u00e9gico para incrementar la oferta de gas en Brasil, reducir costos energ\u00e9ticos y promover la reindustrializaci\u00f3n del pa\u00eds. En un mensaje en redes sociales, subray\u00f3 la importancia del gas como fuente de energ\u00eda de transici\u00f3n y su potencial para impulsar el desarrollo industrial brasile\u00f1o.<\/p>\n","protected":false},"excerpt":{"rendered":"<p>A partir del pr\u00f3ximo a\u00f1o, Argentina comenzar\u00e1 a exportar 2 millones de metros c\u00fabicos diarios de gas natural hacia Brasil, con el objetivo de alcanzar los 30 millones de metros c\u00fabicos diarios en un plazo de cinco a\u00f1os. &nbsp; Para ello, se utilizar\u00e1 inicialmente el gasoducto Bolivia-Argentina, que ser\u00e1 adaptado para permitir el flujo inverso [&hellip;]<\/p>\n","protected":false},"author":2,"featured_media":22681,"comment_status":"closed","ping_status":"closed","sticky":false,"template":"","format":"standard","meta":{"footnotes":""},"categories":[79],"tags":[],"class_list":{"0":"post-22680","1":"post","2":"type-post","3":"status-publish","4":"format-standard","5":"has-post-thumbnail","7":"category-politica"},"_links":{"self":[{"href":"https:\/\/radiobitacora.com.ar\/web\/wp-json\/wp\/v2\/posts\/22680","targetHints":{"allow":["GET"]}}],"collection":[{"href":"https:\/\/radiobitacora.com.ar\/web\/wp-json\/wp\/v2\/posts"}],"about":[{"href":"https:\/\/radiobitacora.com.ar\/web\/wp-json\/wp\/v2\/types\/post"}],"author":[{"embeddable":true,"href":"https:\/\/radiobitacora.com.ar\/web\/wp-json\/wp\/v2\/users\/2"}],"replies":[{"embeddable":true,"href":"https:\/\/radiobitacora.com.ar\/web\/wp-json\/wp\/v2\/comments?post=22680"}],"version-history":[{"count":0,"href":"https:\/\/radiobitacora.com.ar\/web\/wp-json\/wp\/v2\/posts\/22680\/revisions"}],"wp:featuredmedia":[{"embeddable":true,"href":"https:\/\/radiobitacora.com.ar\/web\/wp-json\/wp\/v2\/media\/22681"}],"wp:attachment":[{"href":"https:\/\/radiobitacora.com.ar\/web\/wp-json\/wp\/v2\/media?parent=22680"}],"wp:term":[{"taxonomy":"category","embeddable":true,"href":"https:\/\/radiobitacora.com.ar\/web\/wp-json\/wp\/v2\/categories?post=22680"},{"taxonomy":"post_tag","embeddable":true,"href":"https:\/\/radiobitacora.com.ar\/web\/wp-json\/wp\/v2\/tags?post=22680"}],"curies":[{"name":"wp","href":"https:\/\/api.w.org\/{rel}","templated":true}]}}