{"id":22701,"date":"2024-11-20T09:24:22","date_gmt":"2024-11-20T12:24:22","guid":{"rendered":"https:\/\/radiobitacora.com.ar\/web\/?p=22701"},"modified":"2024-11-20T09:24:22","modified_gmt":"2024-11-20T12:24:22","slug":"el-gobierno-de-javier-milei-dio-de-baja-mas-de-50-prepagas-cuales-son-las-empresas-afectadas","status":"publish","type":"post","link":"https:\/\/radiobitacora.com.ar\/web\/2024\/11\/20\/el-gobierno-de-javier-milei-dio-de-baja-mas-de-50-prepagas-cuales-son-las-empresas-afectadas\/","title":{"rendered":"El gobierno de Javier Milei dio de baja m\u00e1s de 50 prepagas: cu\u00e1les son las empresas afectadas"},"content":{"rendered":"<article class=\"article-body article-body--first-paragraph content-protected-false\" data-td-script-src=\"https:\/\/www.ambito.com\/td\/modulos\/encuestas\/js\/function-embeds-min-version-1732075647.js\">La Superintendencia de Salud de la Naci\u00f3n dio de baja m\u00e1s de<a href=\"https:\/\/www.ambito.com\/prepagas-el-gobierno-javier-milei-explico-que-va-pasar-la-cobertura-y-el-reintegro-medicamentos-n6075750\" target=\"_blank\" rel=\"follow noopener\">\u00a050 empresas prepagas\u00a0<\/a>luego de un pedido de regularizar una serie de documentaci\u00f3n y las compa\u00f1\u00edas no hicieran la presentaci\u00f3n en los plazos adecuados.<\/p>\n<\/article>\n<article class=\"article-body article-body--second-paragraph content-protected-false\">\n<p class=\"\" data-mrf-recirculation=\"Links inline\">La medida fue tomada por el Gobierno mediante la Resoluci\u00f3n 4309\/2024 publicada este mi\u00e9rcoles en el Bolet\u00edn Oficial. All\u00ed se confirm\u00f3 que 54 empresas de<strong>\u00a0medicina prepaga no presentaron la documentaci\u00f3n requerida ante el organismo regulador<\/strong>, lo que incluye padrones, planes, estados contables y cartillas.<\/p>\n<\/article>\n<article class=\"article-body article-body--third-paragraph content-protected-false\">\n<p class=\"\" data-mrf-recirculation=\"Links inline\">En el art\u00edculo 1\u00b0 de la resoluci\u00f3n se estableci\u00f3:\u00a0<strong>\u201cDase de baja a las entidades de medicina prepaga consignadas en el Anexo<\/strong>\u00a0(IF-2024-118964316-APN-CRAS#SSS) que forma parte integrante de la presente, cancelando la inscripci\u00f3n provisoria de dichas entidades en el Registro Nacional de Entidades de Medicina Prepaga (RNEMP)\u201d.<\/p>\n<\/article>\n<article class=\"article-body article-body--fourth-paragraph content-protected-false\">Por este motivo, se instruy\u00f3 a la<strong>\u00a0Gerencia de Sistemas de Informaci\u00f3n y a la Coordinaci\u00f3n de Registros de Agentes del Seguro\u00a0<\/strong>para que intervengan y procedan a dar de baja los n\u00fameros de inscripci\u00f3n otorgados provisionalmente a las entidades de medicina prepaga incluidas en el Anexo.<\/p>\n<\/article>\n<article class=\"article-body article-body--remaining-paragraph content-protected-false\">Dado que una de las funciones de la\u00a0<strong>Superintendencia de Servicios de Salud es mantener actualizado el Registro Nacional de empresas de medicina prepaga,\u00a0<\/strong>adem\u00e1s de evaluar los antecedentes, la responsabilidad, y verificar las condiciones t\u00e9cnicas, la solvencia financiera, la capacidad de gesti\u00f3n y el nivel prestacional de dichas entidades, se tomaron medidas para identificar y supervisar a estas empresas.<\/p>\n<p>Tras haberse vencido el periodo estipulado para la regularizaci\u00f3n de documentaci\u00f3n, el Ejecutivo decidi\u00f3 dar de baja a 54 empresas. Al respecto, se detall\u00f3 que el motivo fueron \u201clos incumplimientos de una<strong>\u00a0importante cantidad de entidades obligadas a proporcionar la informaci\u00f3n exigida por las normas se\u00f1aladas\u201d.<\/strong><\/p>\n<h2 class=\"header headline-class-h2\">Cu\u00e1les son las prepagas que fueron dadas de baja<\/h2>\n<p class=\"\" data-mrf-recirculation=\"Links inline\">El listado publicado en el Bolet\u00edn Oficial incluye, entre otras, a las siguientes empresas: Magna Salud SRL, OMSA Prosal SA, Sanatorio San Jer\u00f3nimo Norte SRL, Emergencias M\u00e9dicas Santa Mar\u00eda SA, Medicina Asistencial Privada SRL, Medycin SRL, IE Emergencias Chivilcoy SA, Emesec Emergencias M\u00e9dicas Esteban Echeverr\u00eda SA, Compa\u00f1\u00eda Global de Salud SA, Vivir Medicina Privada SA, M\u00e9dica SRL, Servicio de Urgencias M\u00e9dicas Ushuaia SRL, Siempre SRL, Merli Elva Ana y Lanter Patricio Eduardo SH, Roma Salud SA, Opsal SA, Master Med System SRL, Coseguro Total SRL, Centro M\u00e9dico del Parque SDH, Mitre Medical Network SA, Salud Total SA, Confederada Salud SRL, Nova Pampa Salud SRL, Quince, MPN Medical International SA, Compa\u00f1\u00eda Mediterr\u00e1nea de Salud SA, Gerenciar Salud SRL, Medicin Care Servicios M\u00e9dicos Domiciliarios SA, Prepaga SRL, AIO Care SRL, Medicina Privada San Juan Bautista SA, Centro Salud SA, Medicina Argentina SA y SID Medical SA.<\/p>\n<div id=\"8007832-1298008387_wrap\" class=\"embed_cont type_documento\" contenteditable=\"false\">\n<div id=\"8007832-1298008387_content\" class=\"embed_content\">\n<div id=\"8007832-1298008387_embed\"><iframe class=\"CMSObject_embed\" src=\"https:\/\/www.ambito.com\/_post\/viewerpdfjs.php?file=https:\/\/www.ambito.com\/adjuntos\/239\/documentos\/041\/979\/0041979916.pdf\" data-mce-fragment=\"1\"><\/iframe><\/div>\n<\/div>\n<\/div>\n<\/article>\n<div class=\"news-topics\"><\/div>\n","protected":false},"excerpt":{"rendered":"<p>La Superintendencia de Salud de la Naci\u00f3n dio de baja m\u00e1s de\u00a050 empresas prepagas\u00a0luego de un pedido de regularizar una serie de documentaci\u00f3n y las compa\u00f1\u00edas no hicieran la presentaci\u00f3n en los plazos adecuados. La medida fue tomada por el Gobierno mediante la Resoluci\u00f3n 4309\/2024 publicada este mi\u00e9rcoles en el Bolet\u00edn Oficial. All\u00ed se confirm\u00f3 [&hellip;]<\/p>\n","protected":false},"author":2,"featured_media":22702,"comment_status":"closed","ping_status":"closed","sticky":false,"template":"","format":"standard","meta":{"footnotes":""},"categories":[79],"tags":[],"class_list":{"0":"post-22701","1":"post","2":"type-post","3":"status-publish","4":"format-standard","5":"has-post-thumbnail","7":"category-politica"},"_links":{"self":[{"href":"https:\/\/radiobitacora.com.ar\/web\/wp-json\/wp\/v2\/posts\/22701","targetHints":{"allow":["GET"]}}],"collection":[{"href":"https:\/\/radiobitacora.com.ar\/web\/wp-json\/wp\/v2\/posts"}],"about":[{"href":"https:\/\/radiobitacora.com.ar\/web\/wp-json\/wp\/v2\/types\/post"}],"author":[{"embeddable":true,"href":"https:\/\/radiobitacora.com.ar\/web\/wp-json\/wp\/v2\/users\/2"}],"replies":[{"embeddable":true,"href":"https:\/\/radiobitacora.com.ar\/web\/wp-json\/wp\/v2\/comments?post=22701"}],"version-history":[{"count":0,"href":"https:\/\/radiobitacora.com.ar\/web\/wp-json\/wp\/v2\/posts\/22701\/revisions"}],"wp:featuredmedia":[{"embeddable":true,"href":"https:\/\/radiobitacora.com.ar\/web\/wp-json\/wp\/v2\/media\/22702"}],"wp:attachment":[{"href":"https:\/\/radiobitacora.com.ar\/web\/wp-json\/wp\/v2\/media?parent=22701"}],"wp:term":[{"taxonomy":"category","embeddable":true,"href":"https:\/\/radiobitacora.com.ar\/web\/wp-json\/wp\/v2\/categories?post=22701"},{"taxonomy":"post_tag","embeddable":true,"href":"https:\/\/radiobitacora.com.ar\/web\/wp-json\/wp\/v2\/tags?post=22701"}],"curies":[{"name":"wp","href":"https:\/\/api.w.org\/{rel}","templated":true}]}}