{"id":22707,"date":"2024-11-21T10:23:26","date_gmt":"2024-11-21T13:23:26","guid":{"rendered":"https:\/\/radiobitacora.com.ar\/web\/?p=22707"},"modified":"2024-11-21T10:23:26","modified_gmt":"2024-11-21T13:23:26","slug":"se-conoce-el-veredicto-contra-los-acusados-por-la-muerte-del-soldado-matias-chirino","status":"publish","type":"post","link":"https:\/\/radiobitacora.com.ar\/web\/2024\/11\/21\/se-conoce-el-veredicto-contra-los-acusados-por-la-muerte-del-soldado-matias-chirino\/","title":{"rendered":"Se conoce el veredicto contra los acusados por la muerte del soldado Mat\u00edas Chirino"},"content":{"rendered":"<p>Dos a\u00f1os, cinco meses y dos d\u00edas despu\u00e9s de la muerte del soldado Mat\u00edas Chirino, su familia tendr\u00e1 la oportunidad de justicia. Este jueves, desde las 8.30, el Tribunal Oral en lo Criminal Federal de Corrientes dar\u00e1 a conocer el veredicto para los nueve acusados de haber torturado al joven subteniente en un batall\u00f3n del Ej\u00e9rcito Argentino, en Paso de los Libres.<\/p>\n<div class=\"container-spot\" data-tipo=\"tipo_todo\" data-pos=\"NEW_P1_cuerpo\"><\/div>\n<p>Los capitanes Rub\u00e9n Dar\u00edo Ruiz, Claudio Andr\u00e9s Luna y Hugo Reclus Mart\u00ednez T\u00e1rraga, el teniente Exequiel Emanuel Aguilar, el teniente primero Dar\u00edo Emanuel Mart\u00ednez y los subtenientes Luis Facundo Acosta y Gerardo Sebasti\u00e1n Bautista llegaron al juicio en prisi\u00f3n, imputados como coautores de homicidio y abuso de autoridad, esto \u00faltimo en perjuicio de otros dos subtenientes que -al igual que la v\u00edctima fatal- estaban a punto de iniciar su carrera militar.<\/p>\n<p>Hay otros dos exoficiales se\u00f1alados como part\u00edcipes secundarios de esos delitos, y que llegaron en libertad al debate. Se trata del teniente Franco Dami\u00e1n Grupico y la subteniente Claudia Daniela Cayata.<\/p>\n<div class=\"container-spot\" data-tipo=\"tipo_todo\" data-pos=\"NEW_P2_cuerpo\"><\/div>\n<p><strong>\u201cJugaron a la ruleta rusa con la vida de Mat\u00edas\u201d<\/strong><br \/>\nEl titular de la Fiscal\u00eda General de Corrientes, Carlos Schaefer, reclam\u00f3 20 a\u00f1os de prisi\u00f3n efectiva para los siete involucrados m\u00e1s complicados en la investigaci\u00f3n, mientras que para los dos restantes pidi\u00f3 8 a\u00f1os. La querella, por su parte, solicit\u00f3 21 y 9 a\u00f1os, respectivamente.<\/p>\n<p>\u201cTodos jugaron a la ruleta rusa con la vida de Mat\u00edas y los otros dos soldados\u201d, retrat\u00f3 Schaefer, escoltado por el fiscal federal de Paso de los Libres, An\u00edbal Fabi\u00e1n Mart\u00ednez, y la auxiliar fiscal Tamara Pourcel durante el alegato que culmin\u00f3 con la solicitud de la pena.<\/p>\n<div class=\"container-spot\" data-tipo=\"tipo_todo\" data-pos=\"NEW_P3_cuerpo\"><\/div>\n<p>El debate inici\u00f3 el 8 de octubre pasado ante el tribunal integrado por V\u00edctor Alonso, Ferm\u00edn Ceroleni y Juan Manuel Iglesias, quienes ser\u00e1n los encargados de dar a conocer el veredicto este jueves.<\/p>\n<p>Previamente, los acusados tendr\u00e1n la oportunidad -si as\u00ed lo desean- de decir sus \u00faltimas palabras antes del fallo. Se estima que los fundamentos de la sentencia se conozcan dentro de un mes.<\/p>\n<div class=\"container-spot\" data-tipo=\"tipo_todo\" data-pos=\"NEW_P4_cuerpo\"><\/div>\n<p>A lo largo de ocho audiencias, declararon un total de 31 testigos, entre los que se encuentran Rufino Ezequiel Meza y Jorge Chaile, dos soldados voluntarios que hab\u00edan sido compa\u00f1eros de Mat\u00edas en el Colegio Militar. Tambi\u00e9n sufrieron maltratos en ese mismo \u201critual de iniciaci\u00f3n\u201d y, con sus testimonios, confirmaron la acusaci\u00f3n de la fiscal\u00eda.<\/p>\n<p>Los siete imputados por la figura m\u00e1s grave declararon durante las audiencias realizadas en el Consejo de la Magistratura de la Capital Federal.<\/p>\n<div class=\"container-spot\" data-tipo=\"tipo_todo\" data-pos=\"NEW_P5_cuerpo\"><\/div>\n<p>\u201cNo veo la hora de que se termine este calvario. Se hizo muy largo y necesitamos empezar una nueva vida. Lo \u00fanico que quiero es que mi hijo tenga justicia y pueda descansar en paz\u201d, resumi\u00f3 Ezequiel Chirino, padre de la v\u00edctima, ante la consulta de TN en la previa de la audiencia decisiva.<\/p>\n<p>Y agreg\u00f3: \u201cEst\u00e1 todo muy claro y las pruebas son contundentes: hay fotos, chats, audios y testigos que confirman que mi \u2018flaquito\u2019 fue v\u00edctima de un homicidio disfrazado de \u2018bautismo\u2019\u201d.<\/p>\n<div class=\"container-spot\" data-tipo=\"tipo_todo\" data-pos=\"NEW_P6_cuerpo\"><\/div>\n<p><strong>La muerte de Mat\u00edas Chirino<\/strong><br \/>\nMat\u00edas Chirino muri\u00f3 el 19 de junio de 2022 en el Casino de Oficiales del Grupo de Artiller\u00eda de Monte 3. All\u00ed, en el contexto de una \u201cbienvenida\u201d al oficio militar, fue obligado a beber alcohol en exceso, realizar actividades f\u00edsicas extenuantes y arrojarse en una pileta con agua helada y sucia cuando la temperatura apenas alcanzaba los 3\u00b0C.<\/p>\n<p>Casi sin reacci\u00f3n tras una noche de abusos y descontrol, el joven subteniente cordob\u00e9s fue abandonado a su suerte: lo arrojaron sobre un colch\u00f3n en el suelo y sin abrigo, en medio del fr\u00edo de la noche. Se durmi\u00f3 y ya no despert\u00f3.<\/p>\n<div class=\"container-spot\" data-tipo=\"tipo_todo\" data-pos=\"NEW_P7_cuerpo\"><\/div>\n<p>Seg\u00fan determin\u00f3 la autopsia, Chirino sufri\u00f3 una broncoaspiraci\u00f3n por alimentos (es decir, se atragant\u00f3 con su propio v\u00f3mito). Cerca de las 6 de la ma\u00f1ana, ya sin signos vitales, fue trasladado de urgencia al Hospital San Jos\u00e9 de Paso de los Libres, donde los m\u00e9dicos no pudieron salvarle la vida.<\/p>\n","protected":false},"excerpt":{"rendered":"<p>Dos a\u00f1os, cinco meses y dos d\u00edas despu\u00e9s de la muerte del soldado Mat\u00edas Chirino, su familia tendr\u00e1 la oportunidad de justicia. Este jueves, desde las 8.30, el Tribunal Oral en lo Criminal Federal de Corrientes dar\u00e1 a conocer el veredicto para los nueve acusados de haber torturado al joven subteniente en un batall\u00f3n del [&hellip;]<\/p>\n","protected":false},"author":2,"featured_media":22708,"comment_status":"closed","ping_status":"closed","sticky":false,"template":"","format":"standard","meta":{"footnotes":""},"categories":[84],"tags":[],"class_list":{"0":"post-22707","1":"post","2":"type-post","3":"status-publish","4":"format-standard","5":"has-post-thumbnail","7":"category-policiales"},"_links":{"self":[{"href":"https:\/\/radiobitacora.com.ar\/web\/wp-json\/wp\/v2\/posts\/22707","targetHints":{"allow":["GET"]}}],"collection":[{"href":"https:\/\/radiobitacora.com.ar\/web\/wp-json\/wp\/v2\/posts"}],"about":[{"href":"https:\/\/radiobitacora.com.ar\/web\/wp-json\/wp\/v2\/types\/post"}],"author":[{"embeddable":true,"href":"https:\/\/radiobitacora.com.ar\/web\/wp-json\/wp\/v2\/users\/2"}],"replies":[{"embeddable":true,"href":"https:\/\/radiobitacora.com.ar\/web\/wp-json\/wp\/v2\/comments?post=22707"}],"version-history":[{"count":0,"href":"https:\/\/radiobitacora.com.ar\/web\/wp-json\/wp\/v2\/posts\/22707\/revisions"}],"wp:featuredmedia":[{"embeddable":true,"href":"https:\/\/radiobitacora.com.ar\/web\/wp-json\/wp\/v2\/media\/22708"}],"wp:attachment":[{"href":"https:\/\/radiobitacora.com.ar\/web\/wp-json\/wp\/v2\/media?parent=22707"}],"wp:term":[{"taxonomy":"category","embeddable":true,"href":"https:\/\/radiobitacora.com.ar\/web\/wp-json\/wp\/v2\/categories?post=22707"},{"taxonomy":"post_tag","embeddable":true,"href":"https:\/\/radiobitacora.com.ar\/web\/wp-json\/wp\/v2\/tags?post=22707"}],"curies":[{"name":"wp","href":"https:\/\/api.w.org\/{rel}","templated":true}]}}