{"id":22716,"date":"2024-11-21T10:40:00","date_gmt":"2024-11-21T13:40:00","guid":{"rendered":"https:\/\/radiobitacora.com.ar\/web\/?p=22716"},"modified":"2024-11-21T10:40:00","modified_gmt":"2024-11-21T13:40:00","slug":"sin-consenso-con-las-provincias-por-el-presupuesto-el-gobierno-no-descarta-llamar-a-extraordinarias-para-eliminar-las-paso","status":"publish","type":"post","link":"https:\/\/radiobitacora.com.ar\/web\/2024\/11\/21\/sin-consenso-con-las-provincias-por-el-presupuesto-el-gobierno-no-descarta-llamar-a-extraordinarias-para-eliminar-las-paso\/","title":{"rendered":"Sin consenso con las provincias por el Presupuesto, el Gobierno no descarta llamar a extraordinarias para eliminar las PASO"},"content":{"rendered":"<p class=\"paragraph\" data-mrf-recirculation=\"Links inline\"><b>\u201cNo hay ninguna reuni\u00f3n prevista con gobernadores en los pr\u00f3ximos d\u00edas\u201d,<\/b> dijeron esta tarde, tajantes, en la Casa Rosada, mientras corren los \u00faltimos d\u00edas de las sesiones ordinarias -cierran el 30 de noviembre-. Luego de la ca\u00edda de la reuni\u00f3n de comisi\u00f3n para sacar dictamen por la falta de acuerdo con las provincias, el Gobierno se muestra implacable en su negativa a responder a sus reclamos sobre fondos coparticipables, impuestos y asignaciones espec\u00edficas, y los Aportes del Tesoro Nacional, adem\u00e1s de ciertas obras p\u00fablicas. Sin embargo, no descarta llamar a sesiones extraordinarias para tratar el proyecto de reforma electoral que impulsa Santiago Caputo. Mientras tanto, los jefes provinciales buscar\u00e1n tener una reuni\u00f3n con Guillermo Francos y el asesor todotereno de Milei para encontrar una salida.<\/p>\n<p class=\"paragraph\" data-mrf-recirculation=\"Links inline\">Anoche estuvieron reunidos durante unos 45 minutos los gobernadores de Juntos por el Cambio y decidieron que buscar\u00e1n rechazar el DNU de la deuda para forzar a Milei a negociar el Presupuesto. Hab\u00edan hecho ese intento la semana pasada, pero el oficialismo los hab\u00eda convencido para que sus diputados se ausentaran para evitar que se lograra el qu\u00f3rum. La sesi\u00f3n se cay\u00f3, pero ahora el freno que impuso el Ejecutivo a las negociaciones por el Presupuesto los llev\u00f3 a reflotar esa carta bajo la manga.<\/p>\n<div class=\"inline ad-wrapper\">\n<div class=\"dfpAd ad-inline\">\n<div id=\"infobae\/politica\/nota\/inline\" class=\"infobae\/politica\/nota\/inline arcad up-show\" data-google-query-id=\"CP2Mu-vF7YkDFVIDuQYdKVcQMA\">\n<div id=\"google_ads_iframe_\/1058609\/infobae\/politica\/nota\/inline_0__container__\"><iframe loading=\"lazy\" id=\"google_ads_iframe_\/1058609\/infobae\/politica\/nota\/inline_0\" tabindex=\"0\" title=\"3rd party ad content\" src=\"https:\/\/a7f55f87243608aa9d3d3b1c13730da6.safeframe.googlesyndication.com\/safeframe\/1-0-40\/html\/container.html?upapi=true\" name=\"\" width=\"717\" height=\"60\" frameborder=\"0\" marginwidth=\"0\" marginheight=\"0\" scrolling=\"no\" sandbox=\"allow-forms allow-popups allow-popups-to-escape-sandbox allow-same-origin allow-scripts allow-top-navigation-by-user-activation\" data-is-safeframe=\"true\" aria-label=\"Advertisement\" data-google-container-id=\"5\" data-load-complete=\"true\" data-mce-fragment=\"1\"><\/iframe><\/p>\n<div class=\"upo-label\">AD<\/div>\n<\/div>\n<\/div>\n<\/div>\n<\/div>\n<p class=\"paragraph\" data-mrf-recirculation=\"Links inline\">Mientras tanto, en Balcarce 50 est\u00e1n a la espera de que, en todo caso, los mandatarios provinciales<b>\u00a0les env\u00eden un plan que detalle las \u00e1reas donde les parecer\u00eda adecuado sacrificar fondos, incluidas las pocas obras p\u00fablicas que est\u00e1n pautadas o en marcha.\u00a0<\/b>O bien, que se muestren dispuestos a apoyar el proyecto de reforma electoral que redact\u00f3 la secretaria de Planeamiento Normativo,\u00a0<b>Mar\u00eda Ibarz\u00e1bal &#8211;<\/b>por orden del asesor presidencial-<b>,\u00a0<\/b>que fue anunciada el viernes formalmente, pero a\u00fan no entr\u00f3 a la Secretar\u00eda de Legal y T\u00e9cnica, el paso previo a que se gire al Congreso. Seg\u00fan dicen cerca del Presidente, entre la eliminaci\u00f3n de las PASO y el fin de los aportes extraordinarios a los partidos pol\u00edticos en la campa\u00f1a el Estado lograr\u00eda un ahorro de 3700 millones de pesos, lo cual ayudar\u00eda -aunque no bastar\u00eda, ni de cerca- para satisfacer las exigencias de las provincias.<\/p>\n<p class=\"paragraph\" data-mrf-recirculation=\"Links inline\"><b>En un inicio,\u00a0<\/b>el impulso para esa iniciativa estuvo atado al nivel de consenso sobre la ley de leyes.\u00a0<b>\u201cSi hay Extraordinarias, es para tratar el Presupuesto\u201d,\u00a0<\/b>decretaban en el Gobierno. Pero ayer por la tarde un alt\u00edsimo funcionario desliz\u00f3 que no se descarta\u00a0<b>llamar a sesiones extraordinarias para tratar s\u00f3lo la reforma electoral.\u00a0<\/b>Como sea, tienen previsto enviar esta semana \u201csin falta\u201d el proyecto al Congreso. Incluso si se vieran forzados a tratarlo el a\u00f1o que viene, cuando estar\u00e1n a la vuelta de la esquina las elecciones legislativas<\/p>\n<div class=\"inline_2_DSK ad-wrapper ad-desktop\">\n<div class=\"dfpAd ad-inline\">\n<div id=\"infobae\/politica\/nota\/inline_2_DSK\" class=\"infobae\/politica\/nota\/inline_2_DSK arcad up-show\" data-google-query-id=\"CP6Mu-vF7YkDFVIDuQYdKVcQMA\">\n<div id=\"google_ads_iframe_\/1058609\/infobae\/politica\/nota\/inline_2_DSK_0__container__\"><iframe loading=\"lazy\" id=\"google_ads_iframe_\/1058609\/infobae\/politica\/nota\/inline_2_DSK_0\" tabindex=\"0\" title=\"3rd party ad content\" src=\"https:\/\/a7f55f87243608aa9d3d3b1c13730da6.safeframe.googlesyndication.com\/safeframe\/1-0-40\/html\/container.html?upapi=true\" name=\"\" width=\"717\" height=\"60\" frameborder=\"0\" marginwidth=\"0\" marginheight=\"0\" scrolling=\"no\" sandbox=\"allow-forms allow-popups allow-popups-to-escape-sandbox allow-same-origin allow-scripts allow-top-navigation-by-user-activation\" data-is-safeframe=\"true\" aria-label=\"Advertisement\" data-google-container-id=\"6\" data-load-complete=\"true\" data-mce-fragment=\"1\"><\/iframe><\/p>\n<div class=\"upo-label\">AD<\/div>\n<\/div>\n<\/div>\n<\/div>\n<\/div>\n<p class=\"paragraph\" data-mrf-recirculation=\"Links inline\">En el interior del pa\u00eds los mandatarios de distintos colores pol\u00edticos eval\u00faan qu\u00e9 hacer, en privado y en conjunto. Parad\u00f3jicamente, tambi\u00e9n ellos esperan una se\u00f1al del Gobierno con una contraoferta, luego de que LLA hiciera caer el encuentro que estaba previsto para ma\u00f1ana para firmar dictamen.\u00a0<b>\u201cParece que no quieren el Presupuesto. Est\u00e1 todo muy tranquilo\u201d,\u00a0<\/b>desliz\u00f3 un cacique dialoguista a Infobae, esta tarde, con cierta desaz\u00f3n. Poco despu\u00e9s, se gener\u00f3 el encuentro por videoconferencia entre gobernadores dialoguistas y jefes de bloque, de PRO, el radicalismo y Encuentro Federal donde acordaron, entre cierto \u201cdesconcierto y malestar\u201d, realizar la maniobra sobre el canje de deuda para forzar al Gobierno a negociar.<\/p>\n<p class=\"paragraph\" data-mrf-recirculation=\"Links inline\">Adem\u00e1s, pedir\u00e1n una charla con los m\u00e1ximos exponentes por debajo de Milei. \u201cIntentaremos una reuni\u00f3n con los Caputo y Francos para ver si arreglamos algo del presupuesto\u201d, dijo uno de los mandatarios.<\/p>\n<p class=\"paragraph\" data-mrf-recirculation=\"Links inline\">Desde que se plante\u00f3 esta distancia entre el poder central y el de las provincias s\u00f3lo hubo un encuentro con gobernadores. El ministro de Hacienda,\u00a0<b>Luis Caputo,\u00a0<\/b>recibi\u00f3 al radical\u00a0<b>Maximiliano Pullaro\u00a0<\/b>(Santa Fe) y el peronista anti kirchnerista\u00a0<b>Mart\u00edn Llaryora\u00a0<\/b>(C\u00f3rdoba), en la sede de Econom\u00eda para avanzar en el pr\u00e9stamo de 100 millones de d\u00f3lares que otorgar\u00e1 el Fondo Saud\u00ed para la ejecuci\u00f3n de los bloques B y C del Acueducto Biprovincial.<\/p>\n<div class=\" visual__image\"><picture><source srcset=\"https:\/\/www.infobae.com\/resizer\/v2\/BMTWIZBETFFOTIGKTBUPWVZ62I.jpg?auth=832efd14a3d5544d743dded602fcb3012991ec30537691e8da0d29a74c50b1b2&amp;smart=true&amp;width=992&amp;height=661&amp;quality=85\" media=\"(min-width: 1000px)\" \/><source srcset=\"https:\/\/www.infobae.com\/resizer\/v2\/BMTWIZBETFFOTIGKTBUPWVZ62I.jpg?auth=832efd14a3d5544d743dded602fcb3012991ec30537691e8da0d29a74c50b1b2&amp;smart=true&amp;width=768&amp;height=512&amp;quality=85\" media=\"(min-width: 768px)\" \/><source srcset=\"https:\/\/www.infobae.com\/resizer\/v2\/BMTWIZBETFFOTIGKTBUPWVZ62I.jpg?auth=832efd14a3d5544d743dded602fcb3012991ec30537691e8da0d29a74c50b1b2&amp;smart=true&amp;width=577&amp;height=385&amp;quality=85\" media=\"(min-width: 580px)\" \/><source srcset=\"https:\/\/www.infobae.com\/resizer\/v2\/BMTWIZBETFFOTIGKTBUPWVZ62I.jpg?auth=832efd14a3d5544d743dded602fcb3012991ec30537691e8da0d29a74c50b1b2&amp;smart=true&amp;width=420&amp;height=280&amp;quality=85\" media=\"(min-width: 350px)\" \/><source srcset=\"https:\/\/www.infobae.com\/resizer\/v2\/BMTWIZBETFFOTIGKTBUPWVZ62I.jpg?auth=832efd14a3d5544d743dded602fcb3012991ec30537691e8da0d29a74c50b1b2&amp;smart=true&amp;width=350&amp;height=233&amp;quality=85\" media=\"(min-width: 80px)\" \/><img loading=\"lazy\" decoding=\"async\" class=\"global-image\" src=\"https:\/\/www.infobae.com\/resizer\/v2\/BMTWIZBETFFOTIGKTBUPWVZ62I.jpg?auth=832efd14a3d5544d743dded602fcb3012991ec30537691e8da0d29a74c50b1b2&amp;smart=true&amp;width=350&amp;height=233&amp;quality=85\" alt=\"La C\u00e1mara de Diputados \" width=\"3272\" height=\"2181\" \/><\/picture>La C\u00e1mara de Diputados<\/div>\n<p class=\"paragraph\" data-mrf-recirculation=\"Links inline\">Los mandatarios son pesos pesados en el mapa pol\u00edtico, que presionan particularmente por las cajas jubilatorias y el primero por el impuesto a los combustibles. No obstante,<b>\u00a0tanto en el Gobierno como en los distritos dijeron que la reuni\u00f3n no se us\u00f3 para negociar el proyecto\u00a0<\/b>que contiene el plan econ\u00f3mico de los libertarios para 2025. \u201cNo hab\u00eda margen para traerlo (a colaci\u00f3n). S\u00f3lo se habl\u00f3 del Fondo Saud\u00ed\u201d, acotaron.<\/p>\n<p class=\"paragraph\" data-mrf-recirculation=\"Links inline\">El Presidente, que acaba de regresar de R\u00edo de Janeiro,\u00a0<b>sigue ocupado, entretanto, con temas de la agenda internacional.\u00a0<\/b>Este mediod\u00eda recibi\u00f3 largamente en el Sal\u00f3n Blanco a la primera ministra italiana,\u00a0<b>Georgia Meloni,\u00a0<\/b>y luego ambos brindaron una declaraci\u00f3n conjunta. Pero no intervino directamente en las recientes conversaciones con los jefes provinciales.<\/p>\n<p class=\"paragraph\" data-mrf-recirculation=\"Links inline\">Sus \u00faltimos contactos pol\u00edticos dom\u00e9sticos tuvieron lugar durante las \u00faltimas semanas, cuando los recibi\u00f3 en tandas por partido. Aunque en esos encuentros, seg\u00fan pudo reconstruir Infobae, Milei s\u00f3lo escuch\u00f3 reclamos y deline\u00f3 su plan econ\u00f3mico,\u00a0<b>sin prometer ni responder pedidos espec\u00edficos.<\/b>\u00a0Tampoco se expidi\u00f3 p\u00fablicamente sobre las dificultades que atraviesa en el Congreso, donde quienes manejan los tiempos y conversaciones son el titular de Diputados,<b>\u00a0Mart\u00edn Menem,\u00a0<\/b>y el jefe de la Comisi\u00f3n de Presupuesto,\u00a0<b>Jos\u00e9 Luis Espert.<\/b><\/p>\n<p class=\"paragraph\" data-mrf-recirculation=\"Links inline\">El jefe de Estado deleg\u00f3 este tramo de las conversaciones en su asesor,<b>\u00a0Santiago Caputo,<\/b>\u00a0que orden\u00f3 mantener una postura dura frente a las demandas que llegan a la administraci\u00f3n central.\u00a0<b>\u201cQue digan ellos de d\u00f3nde quieren sacar la plata\u201d,<\/b>\u00a0dijeron en su entorno.<\/p>\n<p class=\"paragraph\" data-mrf-recirculation=\"Links inline\">Adem\u00e1s de la reforma electoral, la falta de acuerdo por el Presupuesto hizo caer otras iniciativas que estaban pendientes en el Congreso, como el proyecto de Democracia Sindical, de la UCR; y el de Ficha Limpia, de PRO. Y ayer se venci\u00f3 el plazo para dictaminar otras iniciativas.\u00a0<b>\u201cS\u00f3lo les hab\u00edamos prometido votarlo, no conseguir los votos para que lo saquen.\u00a0<\/b>Era un mal momento para pedir por otra cosa que no fuera el Presupuesto\u201d, justificaron sobre este \u00faltimo tema, luego de que se cayera la sesi\u00f3n especial que se hab\u00eda pedido la semana pasada, a la que Mart\u00edn Menem hab\u00eda convocado el martes.\u00a0<b>En el partido de Mauricio Macri estaban inc\u00f3modos con el escaso respaldo pol\u00edtico que recibieron para poder avanzar con su proyecto insignia.<\/b><\/p>\n<div class=\" visual__image\"><picture><source srcset=\"https:\/\/www.infobae.com\/resizer\/v2\/6FWXYUTVGNCFXGP7NFGCOCULGI.jpg?auth=042e61dcb36b04d198c478e027fca0ffc21e8c1843c0a632411e73cb30d7cb45&amp;smart=true&amp;width=992&amp;height=661&amp;quality=85\" media=\"(min-width: 1000px)\" \/><source srcset=\"https:\/\/www.infobae.com\/resizer\/v2\/6FWXYUTVGNCFXGP7NFGCOCULGI.jpg?auth=042e61dcb36b04d198c478e027fca0ffc21e8c1843c0a632411e73cb30d7cb45&amp;smart=true&amp;width=768&amp;height=512&amp;quality=85\" media=\"(min-width: 768px)\" \/><source srcset=\"https:\/\/www.infobae.com\/resizer\/v2\/6FWXYUTVGNCFXGP7NFGCOCULGI.jpg?auth=042e61dcb36b04d198c478e027fca0ffc21e8c1843c0a632411e73cb30d7cb45&amp;smart=true&amp;width=577&amp;height=385&amp;quality=85\" media=\"(min-width: 580px)\" \/><source srcset=\"https:\/\/www.infobae.com\/resizer\/v2\/6FWXYUTVGNCFXGP7NFGCOCULGI.jpg?auth=042e61dcb36b04d198c478e027fca0ffc21e8c1843c0a632411e73cb30d7cb45&amp;smart=true&amp;width=420&amp;height=280&amp;quality=85\" media=\"(min-width: 350px)\" \/><source srcset=\"https:\/\/www.infobae.com\/resizer\/v2\/6FWXYUTVGNCFXGP7NFGCOCULGI.jpg?auth=042e61dcb36b04d198c478e027fca0ffc21e8c1843c0a632411e73cb30d7cb45&amp;smart=true&amp;width=350&amp;height=233&amp;quality=85\" media=\"(min-width: 80px)\" \/><img loading=\"lazy\" decoding=\"async\" class=\"global-image\" src=\"https:\/\/www.infobae.com\/resizer\/v2\/6FWXYUTVGNCFXGP7NFGCOCULGI.jpg?auth=042e61dcb36b04d198c478e027fca0ffc21e8c1843c0a632411e73cb30d7cb45&amp;smart=true&amp;width=350&amp;height=233&amp;quality=85\" alt=\"Menem lleva las negociaciones en el Congreso\" width=\"4837\" height=\"3378\" \/><\/picture>Menem lleva las negociaciones en el Congreso<\/div>\n<p class=\"paragraph\" data-mrf-recirculation=\"Links inline\">Espert dijo en su conferencia de prensa en el Sal\u00f3n de los Pasos Perdidos del Parlamento, anteayer, que seguir\u00edan negociando, y\u00a0<b>dej\u00f3 abierta la puerta a un llamado a sesiones extraordinarias si hay cierto grado de consenso.\u00a0<\/b>Y si bien s\u00f3lo pasaron 24 horas, el \u00e1nimo del Gobierno no era de apuro, sino lo contrario. \u201cNo hay nada previsto.\u00a0<b>Lo m\u00e1s probable es que tengamos que prorrogar el Presupuesto de 2022\u2033,\u00a0<\/b>dijo un funcionario.<\/p>\n<p class=\"paragraph\" data-mrf-recirculation=\"Links inline\">Sin embargo, algunos a\u00fan no se dan por vencidos. Se\u00f1alan que el principal problema de ese escenario irregular de \u201cpr\u00f3rroga de la pr\u00f3rroga\u201d es que el a\u00f1o que viene se ver\u00edan forzados a debatir en el Congreso algunos de los eventuales cambios, ampliaciones e incorporaciones de partidas, a\u00fan en minor\u00eda. M\u00e1s que el mensaje de falta de institucionalidad hacia los mercados que implicar\u00eda no tener aprobado un nuevo presupuesto,\u00a0<b>los preocupa tener lidiar con estas dificultades en el a\u00f1o electoral,\u00a0<\/b>cuando el grado de agilidad del plan econ\u00f3mico ser\u00e1 vital para un oficialismo necesitado de mostrar resultados para ampliar, a trav\u00e9s de las urnas, su presencia en las dos C\u00e1maras.<\/p>\n","protected":false},"excerpt":{"rendered":"<p>\u201cNo hay ninguna reuni\u00f3n prevista con gobernadores en los pr\u00f3ximos d\u00edas\u201d, dijeron esta tarde, tajantes, en la Casa Rosada, mientras corren los \u00faltimos d\u00edas de las sesiones ordinarias -cierran el 30 de noviembre-. Luego de la ca\u00edda de la reuni\u00f3n de comisi\u00f3n para sacar dictamen por la falta de acuerdo con las provincias, el Gobierno [&hellip;]<\/p>\n","protected":false},"author":2,"featured_media":22717,"comment_status":"closed","ping_status":"closed","sticky":false,"template":"","format":"standard","meta":{"footnotes":""},"categories":[79],"tags":[],"class_list":{"0":"post-22716","1":"post","2":"type-post","3":"status-publish","4":"format-standard","5":"has-post-thumbnail","7":"category-politica"},"_links":{"self":[{"href":"https:\/\/radiobitacora.com.ar\/web\/wp-json\/wp\/v2\/posts\/22716","targetHints":{"allow":["GET"]}}],"collection":[{"href":"https:\/\/radiobitacora.com.ar\/web\/wp-json\/wp\/v2\/posts"}],"about":[{"href":"https:\/\/radiobitacora.com.ar\/web\/wp-json\/wp\/v2\/types\/post"}],"author":[{"embeddable":true,"href":"https:\/\/radiobitacora.com.ar\/web\/wp-json\/wp\/v2\/users\/2"}],"replies":[{"embeddable":true,"href":"https:\/\/radiobitacora.com.ar\/web\/wp-json\/wp\/v2\/comments?post=22716"}],"version-history":[{"count":0,"href":"https:\/\/radiobitacora.com.ar\/web\/wp-json\/wp\/v2\/posts\/22716\/revisions"}],"wp:featuredmedia":[{"embeddable":true,"href":"https:\/\/radiobitacora.com.ar\/web\/wp-json\/wp\/v2\/media\/22717"}],"wp:attachment":[{"href":"https:\/\/radiobitacora.com.ar\/web\/wp-json\/wp\/v2\/media?parent=22716"}],"wp:term":[{"taxonomy":"category","embeddable":true,"href":"https:\/\/radiobitacora.com.ar\/web\/wp-json\/wp\/v2\/categories?post=22716"},{"taxonomy":"post_tag","embeddable":true,"href":"https:\/\/radiobitacora.com.ar\/web\/wp-json\/wp\/v2\/tags?post=22716"}],"curies":[{"name":"wp","href":"https:\/\/api.w.org\/{rel}","templated":true}]}}