{"id":22731,"date":"2024-11-21T11:15:52","date_gmt":"2024-11-21T14:15:52","guid":{"rendered":"https:\/\/radiobitacora.com.ar\/web\/?p=22731"},"modified":"2024-11-21T11:15:52","modified_gmt":"2024-11-21T14:15:52","slug":"presupuesto-2025-javier-milei-se-endurece-y-rechaza-pedidos-de-los-gobernadores","status":"publish","type":"post","link":"https:\/\/radiobitacora.com.ar\/web\/2024\/11\/21\/presupuesto-2025-javier-milei-se-endurece-y-rechaza-pedidos-de-los-gobernadores\/","title":{"rendered":"Presupuesto 2025: Javier Milei se endurece y rechaza pedidos de los gobernadores"},"content":{"rendered":"<article class=\"article-body article-body--first-paragraph content-protected-false\" data-td-script-src=\"https:\/\/www.ambito.com\/td\/modulos\/encuestas\/js\/function-embeds-min-version-1732075647.js\">Rechazo frontal: &#8220;El d\u00e9ficit cero no se negocia&#8221;. La\u00a0<strong>Casa Rosada<\/strong>\u00a0endurece su postura y no parece dispuesta a ceder luego del zoom de\u00a0<strong>gobernadores<\/strong>\u00a0dialoguistas que reclaman\u00a0<a href=\"https:\/\/www.ambito.com\/politica\/presupuesto-frenan-llamado-extraordinarias-y-gobernadores-convocan-un-zoom-urgencia-n6084158\" target=\"_blank\" rel=\"follow noopener\">un men\u00fa de 5 puntos en la negociaci\u00f3n por el Presupuesto 2025<\/a>\u00a0en la C\u00e1mara de\u00a0<strong>Diputados<\/strong>.<\/p>\n<\/article>\n<article class=\"article-body article-body--second-paragraph content-protected-false\">&#8220;Los cinco puntos que reclaman os gobernadores son inaceptables, el d\u00e9ficit cero no se negocia&#8221;, fue la tajante respuesta de un funcionario con despacho en Casa Rosada luego del anuncio de los mandatarios provinciales de solicitar ante el jefe de Gabinete, Guillermo Francos, y el ministro de Econom\u00eda,\u00a0<strong>Luis Caputo<\/strong>, la conformaci\u00f3n de &#8220;una mesa de negociaci\u00f3n para acordar el Presupuesto en sesiones extraordinarias&#8221;.<\/p>\n<\/article>\n<article class=\"article-body article-body--third-paragraph content-protected-false\">\n<h2>Tensi\u00f3n por el Presupuesto 2025<\/h2>\n<p>Sin embargo el\u00a0<strong>Poder Ejecutivo Nacional\u00a0<\/strong>no tiene previsto convocar a sesiones extraordinarias si no hay un apoyo previo de los gobernadores al proyecto de Presupuesto confeccionado por\u00a0<strong>La Libertad Avanza<\/strong>\u00a0y que no incluye las demandas de las provincias en relaci\u00f3n a fondos de la coparticipaci\u00f3n, coparticipaci\u00f3n del impuesto a los combustibles y el pago de la deuda de Naci\u00f3n con las cajas jubilatorias provinciales no transferidas, entre otros \u00edtems.<\/p>\n<\/article>\n<article class=\"article-body article-body--fourth-paragraph content-protected-false\">Luego del apoyo casi incondicional de los gobernadores a los proyectos del Ejecutivo en el\u00a0<strong>Congreso<\/strong>\u00a0incluyendo el sostenimiento del\u00a0<strong>veto a la ley de movilidad jubilatoria, a la ley de financiamiento a las universidades<\/strong>, la aprobaci\u00f3n de la l<strong>ey Bases<\/strong>\u00a0y la defensa del decreto 70\/2023 en la C\u00e1mara de Diputados, la\u00a0<strong>oposici\u00f3n dialoguista del PRO y la UCR<\/strong>, a trav\u00e9s de sus mandatarios provinciales, tambi\u00e9n levant\u00f3 una sesi\u00f3n especial donde se iba a limitar el alcance y vigencia de los DNU, el principal instrumento de gobierno de Javier Milei ante la minor\u00eda parlamentaria que ostenta en ambas C\u00e1maras.<\/p>\n<\/article>\n<article class=\"article-body article-body--remaining-paragraph content-protected-false\">\n<div id=\"7993277-Libre-1348807751_wrap\" class=\"embed_cont type_imagen\" contenteditable=\"false\">\n<div id=\"7993277-Libre-1348807751_content\" class=\"embed_content\"><img decoding=\"async\" id=\"7993277-Libre-1348807751_embed\" title=\"Comisi\u00f3n de Presupuesto, en el ojo de la tormenta por la discusi\u00f3n del proyecto de la \" src=\"https:\/\/media.ambito.com\/p\/b7faac6b91c18b842368846ee89f9c92\/adjuntos\/239\/imagenes\/041\/888\/0041888845\/730x0\/smart\/espert-martinez-bullrich-comision-presupuesto-y-hacienda.jpeg\" alt=\"Comisi\u00f3n de Presupuesto, en el ojo de la tormenta por la discusi\u00f3n del proyecto de la \" width=\"730\" height=\"undefined\" data-td-src-property=\"https:\/\/media.ambito.com\/p\/b7faac6b91c18b842368846ee89f9c92\/adjuntos\/239\/imagenes\/041\/888\/0041888845\/730x0\/smart\/espert-martinez-bullrich-comision-presupuesto-y-hacienda.jpeg\" \/><\/div>\n<div id=\"7993277-Libre-1348807751_epigrafe\" class=\"embed_epigrafe\">\n<p>Comisi\u00f3n de Presupuesto, en el ojo de la tormenta por la discusi\u00f3n del proyecto de la &#8220;Ley de leyes&#8221;.<\/p>\n<\/div>\n<div id=\"7993277-Libre-1348807751_copyright\" class=\"embed_copyright\">Mariano Fuchila<\/div>\n<\/div>\n<p>Pero ese sumario de gentilezas no fue suficiente y la Casa Rosada, despu\u00e9s de todos esas muestras de fe de los gobernadores, por ahora los deja sin Presupuesto 2025. En el oficialismo estiman que el costo fiscal de los pedidos de las provincias ronda los u$s4.000 millones y no est\u00e1n dispuestos a ceder en esos reclamos puntuales de las provincias.<\/p>\n<h2>Reclamo de los gobernadores<\/h2>\n<p>En el zoom de anoche entre jefes de bloque y los gobernadores del PRO, la UCR y los partidos provinciales, se resolvi\u00f3 designar a Rogelio Frigerio (Entre R\u00edos) y a Alfredo Cornejo (Mendoza) como interlocutores con\u00a0<strong>Francos y Caputo<\/strong>. Pero la mesa de negociaci\u00f3n que plantean los mandatarios provinciales empez\u00f3 torcida ante el rechazo preliminar de la Casa Rosada al men\u00fa de demandas de las provincias:<\/p>\n<ul>\n<li>Financiamiento del d\u00e9ficit de las cajas provisionales provinciales no transferidas de acuerdo con los pactos fiscales. El Gobierno , por ahora, no se mueve de los $254 millones asignados.<\/li>\n<li>Financiamiento de la compensaci\u00f3n del Pacto Fiscal 2017<\/li>\n<li>Eliminar las afectaciones especificas del impuesto a los combustibles cuyos fondos, a juicio de los gobernadores, est\u00e1n subejecutados. Pretenden que se coparticipen<\/li>\n<li>Reducci\u00f3n del aporte que realizan las provincias de los fondos coparticipables para financiar a la AFIP (ahora ARCA)<\/li>\n<li>Coparticipaci\u00f3n de los Aportes del Tesoro (ATN) no distribuidos<\/li>\n<\/ul>\n<p>Desde la \u00f3ptica de los gobernadores, la aprobaci\u00f3n del Presupuesto 2025 es crucial no solo para las provincias sino tambi\u00e9n para el gobierno nacional. Mauricio Macri considera que el apoyo del PRO fue determinante para la sostenibilidad pol\u00edtica del ajuste fiscal y permiti\u00f3 consolidad la baja de la inflaci\u00f3n, del riesgo pa\u00eds y la estabilidad cambiaria. Los gobernadores aliados no solo padecen la asfixia financiera derivada de la ca\u00edda de la actividad que deriva en la baja de la recaudaci\u00f3n sino que tambi\u00e9n deber\u00e1n enfrentar un a\u00f1o electoral en plena expansi\u00f3n territorial de<strong>\u00a0La Libertad Avanza<\/strong>.<\/p>\n<p>Sin convocatoria a sesiones extraordinarias, que solo puede ser realizada por el Presidente quien adem\u00e1s es el encargado de fijar la agenda parlamentaria, la oposici\u00f3n se queda sin herramientas de presi\u00f3n y\/o negociaci\u00f3n pol\u00edtica.\u00a0<a href=\"https:\/\/www.ambito.com\/politica\/presupuesto-2025-se-agota-plazo-el-dictamen-y-aun-no-hay-acuerdo-n6083416\" target=\"_blank\" rel=\"follow noopener\">La sesiones ordinarias finalizan el mi\u00e9rcoles de la semana pr\u00f3xima<\/a>.<\/p>\n<p>Por eso Encuentro Federal de\u00a0<strong>Miguel Pichetto<\/strong>, y los radicales de Democracia para Siempre, donde est\u00e1n los diputados de los gobernadores Maximiliano Pullaro (Santa Fe) y Carlos Nadir (Jujuy), solicitaron una sesi\u00f3n especial para intentar voltear el DNU que autoriza al gobierno nacional a avanzar con el canje de deuda sin autorizaci\u00f3n del Congreso.<\/p>\n<\/article>\n","protected":false},"excerpt":{"rendered":"<p>Rechazo frontal: &#8220;El d\u00e9ficit cero no se negocia&#8221;. La\u00a0Casa Rosada\u00a0endurece su postura y no parece dispuesta a ceder luego del zoom de\u00a0gobernadores\u00a0dialoguistas que reclaman\u00a0un men\u00fa de 5 puntos en la negociaci\u00f3n por el Presupuesto 2025\u00a0en la C\u00e1mara de\u00a0Diputados. &#8220;Los cinco puntos que reclaman os gobernadores son inaceptables, el d\u00e9ficit cero no se negocia&#8221;, fue la [&hellip;]<\/p>\n","protected":false},"author":2,"featured_media":22732,"comment_status":"closed","ping_status":"closed","sticky":false,"template":"","format":"standard","meta":{"footnotes":""},"categories":[79],"tags":[],"class_list":{"0":"post-22731","1":"post","2":"type-post","3":"status-publish","4":"format-standard","5":"has-post-thumbnail","7":"category-politica"},"_links":{"self":[{"href":"https:\/\/radiobitacora.com.ar\/web\/wp-json\/wp\/v2\/posts\/22731","targetHints":{"allow":["GET"]}}],"collection":[{"href":"https:\/\/radiobitacora.com.ar\/web\/wp-json\/wp\/v2\/posts"}],"about":[{"href":"https:\/\/radiobitacora.com.ar\/web\/wp-json\/wp\/v2\/types\/post"}],"author":[{"embeddable":true,"href":"https:\/\/radiobitacora.com.ar\/web\/wp-json\/wp\/v2\/users\/2"}],"replies":[{"embeddable":true,"href":"https:\/\/radiobitacora.com.ar\/web\/wp-json\/wp\/v2\/comments?post=22731"}],"version-history":[{"count":0,"href":"https:\/\/radiobitacora.com.ar\/web\/wp-json\/wp\/v2\/posts\/22731\/revisions"}],"wp:featuredmedia":[{"embeddable":true,"href":"https:\/\/radiobitacora.com.ar\/web\/wp-json\/wp\/v2\/media\/22732"}],"wp:attachment":[{"href":"https:\/\/radiobitacora.com.ar\/web\/wp-json\/wp\/v2\/media?parent=22731"}],"wp:term":[{"taxonomy":"category","embeddable":true,"href":"https:\/\/radiobitacora.com.ar\/web\/wp-json\/wp\/v2\/categories?post=22731"},{"taxonomy":"post_tag","embeddable":true,"href":"https:\/\/radiobitacora.com.ar\/web\/wp-json\/wp\/v2\/tags?post=22731"}],"curies":[{"name":"wp","href":"https:\/\/api.w.org\/{rel}","templated":true}]}}