{"id":22740,"date":"2024-11-22T07:23:33","date_gmt":"2024-11-22T10:23:33","guid":{"rendered":"https:\/\/radiobitacora.com.ar\/web\/?p=22740"},"modified":"2024-11-22T07:23:33","modified_gmt":"2024-11-22T10:23:33","slug":"batallon-de-ingeniero-de-monte-12-realizara-ejercitaciones-militares-en-cercanias-de-la-ciudad-del-23-al-28-de-noviembre","status":"publish","type":"post","link":"https:\/\/radiobitacora.com.ar\/web\/2024\/11\/22\/batallon-de-ingeniero-de-monte-12-realizara-ejercitaciones-militares-en-cercanias-de-la-ciudad-del-23-al-28-de-noviembre\/","title":{"rendered":"Batall\u00f3n de Ingeniero de Monte 12 realizara ejercitaciones militares en cercan\u00edas de la ciudad del 23 al 28 de noviembre."},"content":{"rendered":"<p>Todas estas actividades sin alterar el funcionamiento de la ciudad por supuesto, la intenci\u00f3n es que est\u00e9n informados y que no se vean preocupados, son simplemente desplazamientos por esos lugares que de ninguna manera perturbaran el normal accionar de la ciudad<\/p>\n<p>En tal sentido el Batall\u00f3n del Ej\u00e9rcito con asiento en nuestra ciudad dio a conocer el siguiente comunicado<\/p>\n<p>&nbsp;<\/p>\n<p><strong>COMUNICADO DE PRENSA<\/strong><\/p>\n<p>Se comunica a la ciudad de goya y localidades vecinas, que, desde el 23 al 28 de noviembre del presente a\u00f1o, se estar\u00e1n llevando a cabo ejercitaciones militares programadas en cercan\u00edas a la ciudad, sector de islas y principales v\u00edas fluviales de la zona.<\/p>\n<p>El \u00e1rea de ejercitaciones comprender\u00e1:<\/p>\n<p>\u2013\u00a0\u00a0\u00a0\u00a0\u00a0\u00a0\u00a0\u00a0\u00a0\u00a0\u00a0\u00a0\u00a0 sector de camping Do\u00f1a Goya.<\/p>\n<p>\u2013\u00a0\u00a0\u00a0\u00a0\u00a0\u00a0\u00a0\u00a0\u00a0\u00a0\u00a0\u00a0\u00a0 Riacho Goya.<\/p>\n<p>\u2013\u00a0\u00a0\u00a0\u00a0\u00a0\u00a0\u00a0\u00a0\u00a0\u00a0\u00a0\u00a0\u00a0 R\u00edo Paran\u00e1.<\/p>\n<p>\u2013\u00a0\u00a0\u00a0\u00a0\u00a0\u00a0\u00a0\u00a0\u00a0\u00a0\u00a0\u00a0\u00a0 canal Mozambique<\/p>\n<p>\u2013\u00a0\u00a0\u00a0\u00a0\u00a0\u00a0\u00a0\u00a0\u00a0\u00a0\u00a0\u00a0\u00a0 zona de camping R\u00edo Bonito.<\/p>\n<p>\u2013\u00a0\u00a0\u00a0\u00a0\u00a0\u00a0\u00a0\u00a0\u00a0\u00a0\u00a0\u00a0\u00a0 Colonia Ferre.<\/p>\n<p>\u2013\u00a0\u00a0\u00a0\u00a0\u00a0\u00a0\u00a0\u00a0\u00a0\u00a0\u00a0\u00a0\u00a0 Ruta Provincial N\u00famero 27.<\/p>\n<p>\u2013\u00a0\u00a0\u00a0\u00a0\u00a0\u00a0\u00a0\u00a0\u00a0\u00a0\u00a0\u00a0\u00a0 aeropuerto internacional Dr. Diego Nicol\u00e1s D\u00edaz Colodrero.<\/p>\n<p>&nbsp;<\/p>\n<p>Dichos ejercicios comprenden el desplazamiento de personal y material por las principales v\u00edas de acceso terrestres y fluviales a la ciudad, actividades de tiro con munici\u00f3n de fogueo, entre otras.<\/p>\n<p>Se difunde dicha informaci\u00f3n a los fines de mantener informada a la poblaci\u00f3n sobre los desplazamientos y la presencia de las fuerzas militares en la zona.<\/p>\n<p>Reiterando en la informaci\u00f3n: estas actividades no alterar\u00e1n el funcionamiento de la ciudad.<\/p>\n","protected":false},"excerpt":{"rendered":"<p>Todas estas actividades sin alterar el funcionamiento de la ciudad por supuesto, la intenci\u00f3n es que est\u00e9n informados y que no se vean preocupados, son simplemente desplazamientos por esos lugares que de ninguna manera perturbaran el normal accionar de la ciudad En tal sentido el Batall\u00f3n del Ej\u00e9rcito con asiento en nuestra ciudad dio a [&hellip;]<\/p>\n","protected":false},"author":2,"featured_media":22741,"comment_status":"closed","ping_status":"closed","sticky":false,"template":"","format":"standard","meta":{"footnotes":""},"categories":[56],"tags":[],"class_list":{"0":"post-22740","1":"post","2":"type-post","3":"status-publish","4":"format-standard","5":"has-post-thumbnail","7":"category-locales"},"_links":{"self":[{"href":"https:\/\/radiobitacora.com.ar\/web\/wp-json\/wp\/v2\/posts\/22740","targetHints":{"allow":["GET"]}}],"collection":[{"href":"https:\/\/radiobitacora.com.ar\/web\/wp-json\/wp\/v2\/posts"}],"about":[{"href":"https:\/\/radiobitacora.com.ar\/web\/wp-json\/wp\/v2\/types\/post"}],"author":[{"embeddable":true,"href":"https:\/\/radiobitacora.com.ar\/web\/wp-json\/wp\/v2\/users\/2"}],"replies":[{"embeddable":true,"href":"https:\/\/radiobitacora.com.ar\/web\/wp-json\/wp\/v2\/comments?post=22740"}],"version-history":[{"count":0,"href":"https:\/\/radiobitacora.com.ar\/web\/wp-json\/wp\/v2\/posts\/22740\/revisions"}],"wp:featuredmedia":[{"embeddable":true,"href":"https:\/\/radiobitacora.com.ar\/web\/wp-json\/wp\/v2\/media\/22741"}],"wp:attachment":[{"href":"https:\/\/radiobitacora.com.ar\/web\/wp-json\/wp\/v2\/media?parent=22740"}],"wp:term":[{"taxonomy":"category","embeddable":true,"href":"https:\/\/radiobitacora.com.ar\/web\/wp-json\/wp\/v2\/categories?post=22740"},{"taxonomy":"post_tag","embeddable":true,"href":"https:\/\/radiobitacora.com.ar\/web\/wp-json\/wp\/v2\/tags?post=22740"}],"curies":[{"name":"wp","href":"https:\/\/api.w.org\/{rel}","templated":true}]}}