{"id":22756,"date":"2024-11-22T07:52:25","date_gmt":"2024-11-22T10:52:25","guid":{"rendered":"https:\/\/radiobitacora.com.ar\/web\/?p=22756"},"modified":"2024-11-22T07:52:25","modified_gmt":"2024-11-22T10:52:25","slug":"reabren-hoy-el-paso-fronterizo-ituzaingo-ayolas","status":"publish","type":"post","link":"https:\/\/radiobitacora.com.ar\/web\/2024\/11\/22\/reabren-hoy-el-paso-fronterizo-ituzaingo-ayolas\/","title":{"rendered":"Reabren hoy el paso fronterizo Ituzaing\u00f3-Ayolas"},"content":{"rendered":"<p>Se reuni\u00f3 el Comit\u00e9 de Integraci\u00f3n Argentina-Paraguay, en Ituzaing\u00f3, donde se desarrollaron diferentes tem\u00e1ticas de inter\u00e9s para ambos pa\u00edses en materia de seguridad, tr\u00e1nsito migratorio, transporte, trabajo y comercio.<br \/>\nLos funcionarios nacionales en Corrientes fueron representados por la directora Regional del Norte de la Secretar\u00eda de Trabajo Empleo y Seguridad Social, Laura Oderda Marcore; Isidoro Gapel, jefe de Agencia Territorial Corrientes de la Secretar\u00eda de Trabajo Empleo y Seguridad Social y \u00a0Angel Kofman, delegado en Corrientes \u00a0y Chaco de la Direcci\u00f3n Nacional de Migraciones.<br \/>\nEl punto m\u00e1s relevante trabajado fue que, desde Marzo del 2020 en el inicio de la Pandemia, todos los pasos fronterizos internacionales se cerraron.<br \/>\nSi bien paulatinamente las restricciones fueron levant\u00e1ndose, ocurri\u00f3 un hecho singular, el Paso Fronterizo Internacional ubicado en la Entidad Nacional Yacyreta, permaneci\u00f3 cerrado.<br \/>\n\u201cConsultado los motivos, nunca se pudo acceder a informaci\u00f3n oficial, solo a trascendidos, algunos apuntaban a cuestiones t\u00e9cnicas de infraestructura y otros a cuestiones pol\u00edticas internas propias del kirchnerismo, la \u00fanica certeza es que durante cuatro a\u00f1os el Paso Internacional estuvo cerrado y las voces de distintos sectores sociales tanto argentinos como paraguayos expresaban las dificultades generadas por qu\u00e9 el mismo permanezca cerrado, imposibilitando la integraci\u00f3n social y comercial\u201d, explicaron.<br \/>\n\u201cA partir de que asumi\u00f3 la nueva administraci\u00f3n nacional y se designaron los funcionarios nacionales en Corrientes, uno de los objetivos trazados fue impulsar la reapertura de este Paso Fronterizo Internacional\u201d, informaron.<br \/>\nEl inicio de estas gestiones fue realizado por el diputado nacional por Corrientes, \u00a0Lisandro Almir\u00f3n ante la Vice Jefatura de Gabinete a trav\u00e9s de la Comisi\u00f3n Nacional de Fronteras, organismo encargado de los Pasos Fronterizos internacionales.<br \/>\nEsta gesti\u00f3n inicial permiti\u00f3 que tanto el Ministerio de Seguridad de la Naci\u00f3n, quien tiene a su cargo la coordinaci\u00f3n del Paso Fronterizo Internacional Ituzaingo-Ayolas, como el Ministerio de Relaciones Exteriores de la Naci\u00f3n y la Jefatura de Gabinete resuelvan reabrir el paso Fronterizo este viernes 22 de noviembre de 2024 el cual sera a trav\u00e9s de una prueba piloto de una semana, dejando en clara evidencia que la gesti\u00f3n de gobierno del Presidente de la Naci\u00f3n Javier Milei resolvi\u00f3 en tan solo 10 meses una problem\u00e1tica que fue arrastrada durante 4 a\u00f1os, priorizando as\u00ed la integraci\u00f3n social, cultural, desarrollo, la comercializaci\u00f3n y la competencia entre ambos pa\u00edses.<\/p>\n","protected":false},"excerpt":{"rendered":"<p>Se reuni\u00f3 el Comit\u00e9 de Integraci\u00f3n Argentina-Paraguay, en Ituzaing\u00f3, donde se desarrollaron diferentes tem\u00e1ticas de inter\u00e9s para ambos pa\u00edses en materia de seguridad, tr\u00e1nsito migratorio, transporte, trabajo y comercio. Los funcionarios nacionales en Corrientes fueron representados por la directora Regional del Norte de la Secretar\u00eda de Trabajo Empleo y Seguridad Social, Laura Oderda Marcore; Isidoro [&hellip;]<\/p>\n","protected":false},"author":2,"featured_media":22757,"comment_status":"closed","ping_status":"closed","sticky":false,"template":"","format":"standard","meta":{"footnotes":""},"categories":[79],"tags":[],"class_list":{"0":"post-22756","1":"post","2":"type-post","3":"status-publish","4":"format-standard","5":"has-post-thumbnail","7":"category-politica"},"_links":{"self":[{"href":"https:\/\/radiobitacora.com.ar\/web\/wp-json\/wp\/v2\/posts\/22756","targetHints":{"allow":["GET"]}}],"collection":[{"href":"https:\/\/radiobitacora.com.ar\/web\/wp-json\/wp\/v2\/posts"}],"about":[{"href":"https:\/\/radiobitacora.com.ar\/web\/wp-json\/wp\/v2\/types\/post"}],"author":[{"embeddable":true,"href":"https:\/\/radiobitacora.com.ar\/web\/wp-json\/wp\/v2\/users\/2"}],"replies":[{"embeddable":true,"href":"https:\/\/radiobitacora.com.ar\/web\/wp-json\/wp\/v2\/comments?post=22756"}],"version-history":[{"count":0,"href":"https:\/\/radiobitacora.com.ar\/web\/wp-json\/wp\/v2\/posts\/22756\/revisions"}],"wp:featuredmedia":[{"embeddable":true,"href":"https:\/\/radiobitacora.com.ar\/web\/wp-json\/wp\/v2\/media\/22757"}],"wp:attachment":[{"href":"https:\/\/radiobitacora.com.ar\/web\/wp-json\/wp\/v2\/media?parent=22756"}],"wp:term":[{"taxonomy":"category","embeddable":true,"href":"https:\/\/radiobitacora.com.ar\/web\/wp-json\/wp\/v2\/categories?post=22756"},{"taxonomy":"post_tag","embeddable":true,"href":"https:\/\/radiobitacora.com.ar\/web\/wp-json\/wp\/v2\/tags?post=22756"}],"curies":[{"name":"wp","href":"https:\/\/api.w.org\/{rel}","templated":true}]}}