{"id":22780,"date":"2024-11-25T08:44:45","date_gmt":"2024-11-25T11:44:45","guid":{"rendered":"https:\/\/radiobitacora.com.ar\/web\/?p=22780"},"modified":"2024-11-25T08:44:45","modified_gmt":"2024-11-25T11:44:45","slug":"lacalle-pou-reconocio-el-triunfo-de-yamandu-orsi","status":"publish","type":"post","link":"https:\/\/radiobitacora.com.ar\/web\/2024\/11\/25\/lacalle-pou-reconocio-el-triunfo-de-yamandu-orsi\/","title":{"rendered":"Lacalle Pou reconoci\u00f3 el triunfo de Yamand\u00fa Orsi"},"content":{"rendered":"<article class=\"articulo\" data-id=\"6743c6b2c7ec48001486f925\">\n<div class=\"articulo__container\">\n<div class=\"articulo__body\">\n<div class=\"articulo__cuerpo\">\n<p>El presidente de Uruguay, Luis Lacalle Pou, llam\u00f3 a Yamand\u00fa Orsi, mandatario electo este domingo 24 de noviembre. &#8220;Llam\u00e9 a Yamand\u00fa Orsi para felicitarlo como presidente electo de nuestro pa\u00eds y para ponerme a las \u00f3rdenes y empezar la transici\u00f3n apenas lo entienda pertinente&#8221;, asegur\u00f3 en su cuenta de X.<br \/>\nEl candidato opositor Yamand\u00fa Orsi ser\u00e1 el pr\u00f3ximo presidente de Uruguay, seg\u00fan las proyecciones a boca de urna, en una elecci\u00f3n en la que habr\u00eda superado al candidato del oficialismo, \u00c1lvaro Delgado, y que representar\u00eda el regreso del Frente Amplio al gobierno.<br \/>\nOrsi, de 57 a\u00f1os, del izquierdista Frente Amplio, qued\u00f3 adelante con el 49,5% de los votos, seg\u00fan la consultora Cifra, contra el 45,9 de Delgado, del Partido Nacional que lideraba la alianza oficialista. Era un duelo de dos experimentados dirigentes, considerados de tendencia moderada y dialoguista. Por su parte, la encuestadora Equipos le daba 49% a Orsi y 46,6% para Delgado.<br \/>\nEn la primera vuelta, celebrada el pasado 27 de octubre, el Frente Amplio de Orsi logr\u00f3 un 44% de los votos, lo que representa una recuperaci\u00f3n de alrededor del 5,5% entre la primera vuelta y el balotaje, confirmando una tendencia hist\u00f3rica de la agrupaci\u00f3n de izquierda, siempre m\u00e1s efectiva en la segunda votaci\u00f3n.<br \/>\nOrsi asumir\u00e1 el gobierno por los pr\u00f3ximos cinco a\u00f1os -hasta 2030, en el bicentenario de la Rep\u00fablica- en una de las democracias m\u00e1s estables de la regi\u00f3n, con claras reglas de juego en materia econ\u00f3mica, lo que le ha permitido al pa\u00eds sobrellevar fuertes crisis como la pandemia y la sequ\u00eda y recuperar el crecimiento del PBI, estimado en un 3%.<\/p>\n<div class=\"container-spot\" data-tipo=\"tipo_todo\" data-pos=\"NEW_P1_cuerpo\"><\/div>\n<p>El triunfador deber\u00e1 sin embargo afrontar desde el primer d\u00eda los principales reclamos de la sociedad, que pasan entre otras cosas por el costo de vida y la seguridad p\u00fablica, apostando a mejorar la eficiencia del Estado para potenciar la calidad de los servicios p\u00fablicos y la competitividad de la econom\u00eda.<br \/>\nLos candidatos y referentes de la pol\u00edtica uruguaya votaron desde temprano en sus circuitos electorales, abriendo el juego de una jornada bajo un sol implacable marcando la pauta de lo que fue un inmenso flujo de votantes. Casi el 90% del padr\u00f3n se acerc\u00f3 a las urnas, seg\u00fan Ana L\u00eda Pi\u00f1eyr\u00faa, ministra de la Corte Electoral, en una cifra similar a la de la primera vuelta de octubre.<\/p>\n<\/div>\n<\/div>\n<\/div>\n<\/article>\n","protected":false},"excerpt":{"rendered":"<p>El presidente de Uruguay, Luis Lacalle Pou, llam\u00f3 a Yamand\u00fa Orsi, mandatario electo este domingo 24 de noviembre. &#8220;Llam\u00e9 a Yamand\u00fa Orsi para felicitarlo como presidente electo de nuestro pa\u00eds y para ponerme a las \u00f3rdenes y empezar la transici\u00f3n apenas lo entienda pertinente&#8221;, asegur\u00f3 en su cuenta de X. El candidato opositor Yamand\u00fa Orsi [&hellip;]<\/p>\n","protected":false},"author":2,"featured_media":22781,"comment_status":"closed","ping_status":"closed","sticky":false,"template":"","format":"standard","meta":{"footnotes":""},"categories":[80],"tags":[],"class_list":{"0":"post-22780","1":"post","2":"type-post","3":"status-publish","4":"format-standard","5":"has-post-thumbnail","7":"category-internacionales"},"_links":{"self":[{"href":"https:\/\/radiobitacora.com.ar\/web\/wp-json\/wp\/v2\/posts\/22780","targetHints":{"allow":["GET"]}}],"collection":[{"href":"https:\/\/radiobitacora.com.ar\/web\/wp-json\/wp\/v2\/posts"}],"about":[{"href":"https:\/\/radiobitacora.com.ar\/web\/wp-json\/wp\/v2\/types\/post"}],"author":[{"embeddable":true,"href":"https:\/\/radiobitacora.com.ar\/web\/wp-json\/wp\/v2\/users\/2"}],"replies":[{"embeddable":true,"href":"https:\/\/radiobitacora.com.ar\/web\/wp-json\/wp\/v2\/comments?post=22780"}],"version-history":[{"count":0,"href":"https:\/\/radiobitacora.com.ar\/web\/wp-json\/wp\/v2\/posts\/22780\/revisions"}],"wp:featuredmedia":[{"embeddable":true,"href":"https:\/\/radiobitacora.com.ar\/web\/wp-json\/wp\/v2\/media\/22781"}],"wp:attachment":[{"href":"https:\/\/radiobitacora.com.ar\/web\/wp-json\/wp\/v2\/media?parent=22780"}],"wp:term":[{"taxonomy":"category","embeddable":true,"href":"https:\/\/radiobitacora.com.ar\/web\/wp-json\/wp\/v2\/categories?post=22780"},{"taxonomy":"post_tag","embeddable":true,"href":"https:\/\/radiobitacora.com.ar\/web\/wp-json\/wp\/v2\/tags?post=22780"}],"curies":[{"name":"wp","href":"https:\/\/api.w.org\/{rel}","templated":true}]}}