{"id":22801,"date":"2024-11-26T09:05:02","date_gmt":"2024-11-26T12:05:02","guid":{"rendered":"https:\/\/radiobitacora.com.ar\/web\/?p=22801"},"modified":"2024-11-26T09:05:02","modified_gmt":"2024-11-26T12:05:02","slug":"miguel-lombardo-esto-no-es-desregular-es-un-plan-de-negocios","status":"publish","type":"post","link":"https:\/\/radiobitacora.com.ar\/web\/2024\/11\/26\/miguel-lombardo-esto-no-es-desregular-es-un-plan-de-negocios\/","title":{"rendered":"Miguel Lombardo: &#8220;Esto no es desregular, es un plan de negocios&#8221;"},"content":{"rendered":"<p>Hace poco menos de una semana, el Gobierno nacional puso su eje &#8220;desregulador&#8221; en los medicamentos de venta libre. Seg\u00fan lo contenido en el Decreto 1024\/2024, ese tipo de medicinas &#8220;podr\u00e1n ser exhibidas en las g\u00f3ndolas de establecimientos habilitados como farmacias, de modo tal que conserven inalteradas sus propiedades fisicoqu\u00edmicas y el p\u00fablico general pueda acceder directamente a ellos sin necesidad de intermediarios&#8221;.<\/p>\n<p>Adem\u00e1s, la normativa prefij\u00f3 que en los establecimientos &#8220;que no est\u00e9n habilitados como farmacias, la comercializaci\u00f3n de medicamentos de condici\u00f3n de expendio de venta libre estar\u00e1 limitada a los anti\u00e1cidos y los analg\u00e9sicos&#8221;, allanando de esta manera la posibilidad oficial de que puedan venderse en kioscos, supermercados y otros negocios.<\/p>\n<p>Conocida esa decisi\u00f3n, r\u00e1pidamente desde la Federaci\u00f3n Argentina de C\u00e1maras de Farmacias (FACAF), que es presidida por el correntino Miguel Lombardo, salieron al cruce de esa medida y, entre otros conceptos puntualizaron en que &#8220;la farmacia argentina es un modelo de eficacia sanitaria a nivel mundial, pero este decreto busca transformarla en un simple negocio al servicio de los intereses econ\u00f3micos de unos pocos, del modelo sanitario al &#8220;farmashopping&#8221;, convirtiendo al medicamento de un bien social a un objeto de consumo al que solo algunos argentinos podr\u00e1n acceder&#8221;.<\/p>\n<div class=\"center medium m_image\">\n<figure><picture><source srcset=\"https:\/\/www.diarioepoca.com\/content\/bucket\/3\/1398183w380h219c.jpg.webp\" type=\"image\/webp\" media=\"(min-width: 640px)\" \/><source srcset=\"https:\/\/www.diarioepoca.com\/content\/bucket\/3\/1398183w440h254c.jpg.webp\" type=\"image\/webp\" media=\"(min-width: 300px)\" \/><source srcset=\"https:\/\/www.diarioepoca.com\/content\/bucket\/3\/1398183w380h219c.jpg\" media=\"(min-width: 300px)\" \/><img loading=\"lazy\" decoding=\"async\" class=\"pic\" src=\"https:\/\/www.diarioepoca.com\/content\/bucket\/3\/1398183w380h219c.jpg.webp\" alt=\"\" width=\"380\" height=\"219\" \/><\/picture><\/figure>\n<\/div>\n<p>A fin de tener conceptos del propio referente de la citada Federaci\u00f3n, \u00e9poca dialog\u00f3 con Lombardo, quien se explay\u00f3 sobre esta tem\u00e1tica y tambi\u00e9n habl\u00f3 acerca de lo que deja este a\u00f1o en materia de ventas, inflaci\u00f3n y dem\u00e1s aspectos econ\u00f3micos.<\/p>\n<p>&#8220;Entendemos que los lineamientos del decreto de los medicamentos de venta libre ser\u00edan implementados en Capital Federal, porque en esta materia, Naci\u00f3n no tiene jurisdicci\u00f3n sobre las provincias. No s\u00e9 que postura tendr\u00e1 el Ministerio de Salud en Corrientes, pero si analizan sumarse a esa iniciativa deber\u00e1n modificar la reglamentaci\u00f3n de la Ley que hoy regula aqu\u00ed esta actividad&#8221;, postul\u00f3.<\/p>\n<p>De igual modo, Lombardo agreg\u00f3 que &#8220;esto de los decretos sobre los medicamentos de venta libre no es nuevo, ya que hubo dos anteriores desde diciembre \u00faltimo. Al respecto, hay un antecedente en Mendoza en el que un juez con jurisdicci\u00f3n nacional le hizo lugar a un amparo presentado en esa provincia, y a\u00fan as\u00ed el Gobierno nacional hizo caso omiso sobre esto que llaman desregulaci\u00f3n, que para m\u00ed no es tal, sino que es un plan de negocios que tiene de un lado a un grupo de personas que quieren avanzar para cambiar la forma de venta de las farmacias&#8221;.<\/p>\n<p>En esa tesitura, el correntino profundiz\u00f3 en que &#8220;quieren llevar a las farmacias a un modelo que no es el tradicional de nuestro pa\u00eds y que no funciona en casi ning\u00fan pa\u00eds del mundo&#8221;.<\/p>\n<p>Con el mismo rigor, puntualiz\u00f3 en que &#8220;hay que tener presente tambi\u00e9n que con el decreto 70\/23 promovieron la venta digital, un avance complaciente sobre las plataformas que venden medicamentos sin participaci\u00f3n de nadie. No se sabe qui\u00e9n pide, ni qui\u00e9n vende&#8221;.<\/p>\n<div class=\"center medium m_image\">\n<figure><picture><source srcset=\"https:\/\/www.diarioepoca.com\/content\/bucket\/4\/1398184w380h396c.jpg.webp\" type=\"image\/webp\" media=\"(min-width: 640px)\" \/><source srcset=\"https:\/\/www.diarioepoca.com\/content\/bucket\/4\/1398184w440h459c.jpg.webp\" type=\"image\/webp\" media=\"(min-width: 300px)\" \/><source srcset=\"https:\/\/www.diarioepoca.com\/content\/bucket\/4\/1398184w380h396c.jpg\" media=\"(min-width: 300px)\" \/><img loading=\"lazy\" decoding=\"async\" class=\"pic\" src=\"https:\/\/www.diarioepoca.com\/content\/bucket\/4\/1398184w380h396c.jpg.webp\" alt=\"\" width=\"380\" height=\"396\" \/><\/picture><\/figure>\n<\/div>\n<h2>El soslayo del rol del profesional<\/h2>\n<p>El Presidente de FACAF dijo que este tipo de iniciativas fijadas por decreto soslayan la labor de los profesionales farmac\u00e9uticos. &#8220;El farmac\u00e9utico sabe d\u00f3nde debe comprar su stock, conserva los medicamentos tal como aprendi\u00f3 en la Facultad y adem\u00e1s sabe dispensarlos. La de las farmacias no es una venta com\u00fan. La dispensa est\u00e1 acompa\u00f1ada de una orden m\u00e9dica y en caso de que sea sin receta, debe haber siempre una verificaci\u00f3n y gu\u00eda del profesional. Los remedios de venta libre pueden tener consecuencias y efectos adversos graves si no se usan correctamente&#8221;, especific\u00f3.<\/p>\n<p>En su an\u00e1lisis, Lombardo tambi\u00e9n dijo que &#8220;el Gobierno plantea que el precio de los medicamentos debe transparentarse. Nosotros entendemos que no es en la farmacia donde debe plantearse eso. Si el Ejecutivo quiere dar esa discusi\u00f3n, el organismo correspondiente es la Secretaria de Comercio de la Naci\u00f3n. No definimos los importes de las medicinas&#8221;.<\/p>\n<h2>Inflaci\u00f3n y balance del a\u00f1o<\/h2>\n<p>&#8220;Al inicio del a\u00f1o hubo un aumento de los medicamentos que estuvo acorde a la devaluaci\u00f3n efectivizada en los \u00faltimos d\u00edas de 2023. No obstante, los acuerdos de precios entre la seguridad social y las farmacias permitieron que la inflaci\u00f3n en el rubro no supere al promedio nacional del \u00cdndice de Precios al Consumidor (IPC). Podemos decir que los formadores de precios cumplieron lo que plantearon&#8221;, esboz\u00f3 el mencionado.<\/p>\n<p>El titular de FACAF dijo que tambi\u00e9n hubo algunos traspi\u00e9s: &#8220;Si bien se ajust\u00f3 el precio de los medicamentos al porcentual del IPC, tambi\u00e9n se ajust\u00f3 la condici\u00f3n de compra y eso gener\u00f3 una menor rentabilidad&#8221;.<\/p>\n<p>Al circunscribirse a la realidad correntina, dijo que aqu\u00ed no hubo desfasaje y que los principales actores son las obras sociales (primordialmente IOSCOR y PAMI) y algunas prepagas.<\/p>\n<p>&#8220;IOSCOR nunca dej\u00f3 de pagar, hubo algunos atrasos circunstanciales en PAMI pero en l\u00edneas generales no hubo mayores sobresaltos&#8221;, grafic\u00f3. Con respecto a las ventas, sostuvo que en todo el pa\u00eds el sector de las farmacias promedi\u00f3 un nivel de ventas que marca una ca\u00edda del 10% a nivel interanual.<\/p>\n<p>Por \u00faltimo, Lombardo desliz\u00f3 que &#8220;queremos cerrar el a\u00f1o en un marco de concordia y di\u00e1logo, porque desde las farmacias alentamos a que el paciente tenga el mejor acceso posible al medicamento. No creemos que la manera de fijar las pol\u00edticas sea a trav\u00e9s de decretos&#8221;.<\/p>\n","protected":false},"excerpt":{"rendered":"<p>Hace poco menos de una semana, el Gobierno nacional puso su eje &#8220;desregulador&#8221; en los medicamentos de venta libre. Seg\u00fan lo contenido en el Decreto 1024\/2024, ese tipo de medicinas &#8220;podr\u00e1n ser exhibidas en las g\u00f3ndolas de establecimientos habilitados como farmacias, de modo tal que conserven inalteradas sus propiedades fisicoqu\u00edmicas y el p\u00fablico general pueda [&hellip;]<\/p>\n","protected":false},"author":2,"featured_media":22802,"comment_status":"closed","ping_status":"closed","sticky":false,"template":"","format":"standard","meta":{"footnotes":""},"categories":[79],"tags":[],"class_list":{"0":"post-22801","1":"post","2":"type-post","3":"status-publish","4":"format-standard","5":"has-post-thumbnail","7":"category-politica"},"_links":{"self":[{"href":"https:\/\/radiobitacora.com.ar\/web\/wp-json\/wp\/v2\/posts\/22801","targetHints":{"allow":["GET"]}}],"collection":[{"href":"https:\/\/radiobitacora.com.ar\/web\/wp-json\/wp\/v2\/posts"}],"about":[{"href":"https:\/\/radiobitacora.com.ar\/web\/wp-json\/wp\/v2\/types\/post"}],"author":[{"embeddable":true,"href":"https:\/\/radiobitacora.com.ar\/web\/wp-json\/wp\/v2\/users\/2"}],"replies":[{"embeddable":true,"href":"https:\/\/radiobitacora.com.ar\/web\/wp-json\/wp\/v2\/comments?post=22801"}],"version-history":[{"count":0,"href":"https:\/\/radiobitacora.com.ar\/web\/wp-json\/wp\/v2\/posts\/22801\/revisions"}],"wp:featuredmedia":[{"embeddable":true,"href":"https:\/\/radiobitacora.com.ar\/web\/wp-json\/wp\/v2\/media\/22802"}],"wp:attachment":[{"href":"https:\/\/radiobitacora.com.ar\/web\/wp-json\/wp\/v2\/media?parent=22801"}],"wp:term":[{"taxonomy":"category","embeddable":true,"href":"https:\/\/radiobitacora.com.ar\/web\/wp-json\/wp\/v2\/categories?post=22801"},{"taxonomy":"post_tag","embeddable":true,"href":"https:\/\/radiobitacora.com.ar\/web\/wp-json\/wp\/v2\/tags?post=22801"}],"curies":[{"name":"wp","href":"https:\/\/api.w.org\/{rel}","templated":true}]}}