{"id":22819,"date":"2024-11-27T08:10:33","date_gmt":"2024-11-27T11:10:33","guid":{"rendered":"https:\/\/radiobitacora.com.ar\/web\/?p=22819"},"modified":"2024-11-27T08:10:33","modified_gmt":"2024-11-27T11:10:33","slug":"integrantes-de-la-escuela-municipal-de-atletismo-encaran-ultimos-desafios-del-ano","status":"publish","type":"post","link":"https:\/\/radiobitacora.com.ar\/web\/2024\/11\/27\/integrantes-de-la-escuela-municipal-de-atletismo-encaran-ultimos-desafios-del-ano\/","title":{"rendered":"INTEGRANTES DE LA ESCUELA MUNICIPAL DE ATLETISMO ENCARAN \u00daLTIMOS DESAF\u00cdOS DEL A\u00d1O"},"content":{"rendered":"<p>\u201cEste es un trabajo de hace muchos a\u00f1os que iniciamos con el atletismo y llegamos a un punto donde pudimos tener en nuestra ciudad atletas de los mejores del pa\u00eds\u2026adem\u00e1s elogiaron nuestro c\u00edrculo de lanzamiento\u201d cont\u00f3 S\u00e1nchez, responsable de la Escuela de atletismo y uno de los organizadores de este \u00faltimo encuentro nacional, donde participaron j\u00f3venes de Corrientes, Entre R\u00edos, Chaco, Misiones, Rosario y Buenos Aires.<\/p>\n<p>Arribaron a nuestra ciudad invitados atletas que conforman el staff de las selecciones nacionales que compitieron en los \u00faltimos juegos ol\u00edmpicos de Par\u00eds 2024.<\/p>\n<p>El encuentro fue jerarquizado con la presencia de dos entrenadores ol\u00edmpicos: el profesor Alfonsini con su atleta Nazareno Sasia, y Daniel G\u00f3mez, experimentados entrenadores de Martillo y Bala quienes ofrecieron una cl\u00ednica sobre estas disciplinas.<img loading=\"lazy\" decoding=\"async\" class=\"size-medium wp-image-71480 alignleft entered lazyloaded\" src=\"https:\/\/883radiociudad.gob.ar\/wp-content\/uploads\/2024\/11\/nota-German-Sanchez-3-169x300.jpeg.webp\" sizes=\"auto, (max-width: 169px) 100vw, 169px\" srcset=\"https:\/\/883radiociudad.gob.ar\/wp-content\/uploads\/2024\/11\/nota-German-Sanchez-3-169x300.jpeg.webp 169w, https:\/\/883radiociudad.gob.ar\/wp-content\/uploads\/2024\/11\/nota-German-Sanchez-3-577x1024.jpeg.webp 577w, https:\/\/883radiociudad.gob.ar\/wp-content\/uploads\/2024\/11\/nota-German-Sanchez-3-768x1364.jpeg.webp 768w, https:\/\/883radiociudad.gob.ar\/wp-content\/uploads\/2024\/11\/nota-German-Sanchez-3-865x1536.jpeg.webp 865w, https:\/\/883radiociudad.gob.ar\/wp-content\/uploads\/2024\/11\/nota-German-Sanchez-3-1024x1819.jpeg.webp 1024w, https:\/\/883radiociudad.gob.ar\/wp-content\/uploads\/2024\/11\/nota-German-Sanchez-3.jpeg.webp 1081w\" alt=\"\" width=\"169\" height=\"300\" data-lazy-srcset=\"https:\/\/883radiociudad.gob.ar\/wp-content\/uploads\/2024\/11\/nota-German-Sanchez-3-169x300.jpeg.webp 169w, https:\/\/883radiociudad.gob.ar\/wp-content\/uploads\/2024\/11\/nota-German-Sanchez-3-577x1024.jpeg.webp 577w, https:\/\/883radiociudad.gob.ar\/wp-content\/uploads\/2024\/11\/nota-German-Sanchez-3-768x1364.jpeg.webp 768w, https:\/\/883radiociudad.gob.ar\/wp-content\/uploads\/2024\/11\/nota-German-Sanchez-3-865x1536.jpeg.webp 865w, https:\/\/883radiociudad.gob.ar\/wp-content\/uploads\/2024\/11\/nota-German-Sanchez-3-1024x1819.jpeg.webp 1024w, https:\/\/883radiociudad.gob.ar\/wp-content\/uploads\/2024\/11\/nota-German-Sanchez-3.jpeg.webp 1081w\" data-lazy-sizes=\"(max-width: 169px) 100vw, 169px\" data-lazy-src=\"https:\/\/883radiociudad.gob.ar\/wp-content\/uploads\/2024\/11\/nota-German-Sanchez-3-169x300.jpeg.webp\" data-lazy-src-webp=\"https:\/\/883radiociudad.gob.ar\/wp-content\/uploads\/2024\/11\/nota-German-Sanchez-3-169x300.jpeg.webp\" data-lazy-srcset-webp=\"https:\/\/883radiociudad.gob.ar\/wp-content\/uploads\/2024\/11\/nota-German-Sanchez-3-169x300.jpeg.webp 169w, https:\/\/883radiociudad.gob.ar\/wp-content\/uploads\/2024\/11\/nota-German-Sanchez-3-577x1024.jpeg.webp 577w, https:\/\/883radiociudad.gob.ar\/wp-content\/uploads\/2024\/11\/nota-German-Sanchez-3-768x1364.jpeg.webp 768w, https:\/\/883radiociudad.gob.ar\/wp-content\/uploads\/2024\/11\/nota-German-Sanchez-3-865x1536.jpeg.webp 865w, https:\/\/883radiociudad.gob.ar\/wp-content\/uploads\/2024\/11\/nota-German-Sanchez-3-1024x1819.jpeg.webp 1024w, https:\/\/883radiociudad.gob.ar\/wp-content\/uploads\/2024\/11\/nota-German-Sanchez-3.jpeg.webp 1081w\" data-ll-status=\"loaded\" \/><\/p>\n<p>La municipalidad de Goya, en el predio del gimnasio construy\u00f3 una infraestructura con los requerimientos necesarios, para que se puedan realizar este tipo de actividades y las competencias correspondientes, como sucedi\u00f3 el pasado fin de semana.<\/p>\n<p>\u201cLa jaula que hizo la Municipalidad funcion\u00f3 muy bien, aparte nos va a cambiar el entrenamiento con m\u00e1s seguridad, antes no pod\u00edamos entrenar con los chicos en martillo por el peligro de que salga mal y le pod\u00eda pegar al compa\u00f1ero\u201d.<\/p>\n<p>\u201cAs\u00ed que fue un logro muy importante para nosotros este cierre del a\u00f1o, estamos muy contentos de lo que logramos\u201d dijo S\u00e1nchez.<img loading=\"lazy\" decoding=\"async\" class=\"size-medium wp-image-71477 alignright entered lazyloaded\" src=\"https:\/\/883radiociudad.gob.ar\/wp-content\/uploads\/2024\/11\/nota-German-Sanchez-7-225x300.jpeg.webp\" sizes=\"auto, (max-width: 225px) 100vw, 225px\" srcset=\"https:\/\/883radiociudad.gob.ar\/wp-content\/uploads\/2024\/11\/nota-German-Sanchez-7-225x300.jpeg.webp 225w, https:\/\/883radiociudad.gob.ar\/wp-content\/uploads\/2024\/11\/nota-German-Sanchez-7-768x1024.jpeg.webp 768w, https:\/\/883radiociudad.gob.ar\/wp-content\/uploads\/2024\/11\/nota-German-Sanchez-7.jpeg.webp 960w\" alt=\"\" width=\"225\" height=\"300\" data-lazy-srcset=\"https:\/\/883radiociudad.gob.ar\/wp-content\/uploads\/2024\/11\/nota-German-Sanchez-7-225x300.jpeg.webp 225w, https:\/\/883radiociudad.gob.ar\/wp-content\/uploads\/2024\/11\/nota-German-Sanchez-7-768x1024.jpeg.webp 768w, https:\/\/883radiociudad.gob.ar\/wp-content\/uploads\/2024\/11\/nota-German-Sanchez-7.jpeg.webp 960w\" data-lazy-sizes=\"(max-width: 225px) 100vw, 225px\" data-lazy-src=\"https:\/\/883radiociudad.gob.ar\/wp-content\/uploads\/2024\/11\/nota-German-Sanchez-7-225x300.jpeg.webp\" data-lazy-src-webp=\"https:\/\/883radiociudad.gob.ar\/wp-content\/uploads\/2024\/11\/nota-German-Sanchez-7-225x300.jpeg.webp\" data-lazy-srcset-webp=\"https:\/\/883radiociudad.gob.ar\/wp-content\/uploads\/2024\/11\/nota-German-Sanchez-7-225x300.jpeg.webp 225w, https:\/\/883radiociudad.gob.ar\/wp-content\/uploads\/2024\/11\/nota-German-Sanchez-7-768x1024.jpeg.webp 768w, https:\/\/883radiociudad.gob.ar\/wp-content\/uploads\/2024\/11\/nota-German-Sanchez-7.jpeg.webp 960w\" data-ll-status=\"loaded\" \/><\/p>\n<p>Cabe se\u00f1alar la importancia de esta inversi\u00f3n en seguridad deportiva por parte de la comuna local, en el sentido que no s\u00f3lo se dise\u00f1\u00f3 y construy\u00f3 pensando en este \u00faltimo encuentro del fin de semana, sino que va a dotar de mayor seguridad a los deportistas que asisten a los entrenamientos en lanzamientos.<\/p>\n<p>En este sentido, agradeci\u00f3 a la Municipalidad de Goya y al Gobierno local a trav\u00e9s del \u00e1rea de Servicios cuyo personal trabajo contrarreloj para tener lista la jaula, a Deportes por la colaboraci\u00f3n de siempre, padres, profes y los sponsors.<\/p>\n<p>&nbsp;<\/p>\n<p><strong>NAZARENO SASIA<\/strong><\/p>\n<p>Nazareno Sasia, viene pisando fuerte en atletismo y con muy buena proyecci\u00f3n, la gente de la escuelita y la familia de los deportistas locales lo recibieron muy bien al olimpista entrerriano, a la vez que recibi\u00f3 el reconocimiento de toda la localidad junto a Sergio Alfonsini, entrenador nacional de lanzamientos.<\/p>\n<p>\u201cEs una persona muy sencilla y humilde y cuando lleg\u00f3 los chicos le pidieron fotos, aut\u00f3grafos, firm\u00f3 medallas y remeras para nosotros es el mayor representante que tenemos en el pa\u00eds actualmente\u201d enfatiz\u00f3.<\/p>\n<p>\u201cLa jornada del domingo estuvo personalmente ense\u00f1ando lanzamiento de bala, explicando y corrigiendo as\u00ed que todav\u00eda no lo podemos creer\u201d sum\u00f3.<\/p>\n<p><img loading=\"lazy\" decoding=\"async\" class=\"size-medium wp-image-71479 alignleft entered lazyloaded\" src=\"https:\/\/883radiociudad.gob.ar\/wp-content\/uploads\/2024\/11\/nota-German-Sanchez-1-225x300.jpeg.webp\" sizes=\"auto, (max-width: 225px) 100vw, 225px\" srcset=\"https:\/\/883radiociudad.gob.ar\/wp-content\/uploads\/2024\/11\/nota-German-Sanchez-1-225x300.jpeg.webp 225w, https:\/\/883radiociudad.gob.ar\/wp-content\/uploads\/2024\/11\/nota-German-Sanchez-1-768x1024.jpeg.webp 768w, https:\/\/883radiociudad.gob.ar\/wp-content\/uploads\/2024\/11\/nota-German-Sanchez-1-1152x1536.jpeg.webp 1152w, https:\/\/883radiociudad.gob.ar\/wp-content\/uploads\/2024\/11\/nota-German-Sanchez-1-1024x1365.jpeg.webp 1024w, https:\/\/883radiociudad.gob.ar\/wp-content\/uploads\/2024\/11\/nota-German-Sanchez-1.jpeg.webp 1200w\" alt=\"\" width=\"225\" height=\"300\" data-lazy-srcset=\"https:\/\/883radiociudad.gob.ar\/wp-content\/uploads\/2024\/11\/nota-German-Sanchez-1-225x300.jpeg.webp 225w, https:\/\/883radiociudad.gob.ar\/wp-content\/uploads\/2024\/11\/nota-German-Sanchez-1-768x1024.jpeg.webp 768w, https:\/\/883radiociudad.gob.ar\/wp-content\/uploads\/2024\/11\/nota-German-Sanchez-1-1152x1536.jpeg.webp 1152w, https:\/\/883radiociudad.gob.ar\/wp-content\/uploads\/2024\/11\/nota-German-Sanchez-1-1024x1365.jpeg.webp 1024w, https:\/\/883radiociudad.gob.ar\/wp-content\/uploads\/2024\/11\/nota-German-Sanchez-1.jpeg.webp 1200w\" data-lazy-sizes=\"(max-width: 225px) 100vw, 225px\" data-lazy-src=\"https:\/\/883radiociudad.gob.ar\/wp-content\/uploads\/2024\/11\/nota-German-Sanchez-1-225x300.jpeg.webp\" data-lazy-src-webp=\"https:\/\/883radiociudad.gob.ar\/wp-content\/uploads\/2024\/11\/nota-German-Sanchez-1-225x300.jpeg.webp\" data-lazy-srcset-webp=\"https:\/\/883radiociudad.gob.ar\/wp-content\/uploads\/2024\/11\/nota-German-Sanchez-1-225x300.jpeg.webp 225w, https:\/\/883radiociudad.gob.ar\/wp-content\/uploads\/2024\/11\/nota-German-Sanchez-1-768x1024.jpeg.webp 768w, https:\/\/883radiociudad.gob.ar\/wp-content\/uploads\/2024\/11\/nota-German-Sanchez-1-1152x1536.jpeg.webp 1152w, https:\/\/883radiociudad.gob.ar\/wp-content\/uploads\/2024\/11\/nota-German-Sanchez-1-1024x1365.jpeg.webp 1024w, https:\/\/883radiociudad.gob.ar\/wp-content\/uploads\/2024\/11\/nota-German-Sanchez-1.jpeg.webp 1200w\" data-ll-status=\"loaded\" \/><\/p>\n<p><strong>JORNADA DE CIERRE ANUAL DE ESCUELAS DEPORTIVAS MUNICIPALES<\/strong><\/p>\n<p>El pr\u00f3ximo 14 de diciembre se realizar\u00e1 una Jornada de cierre anual de Escuelas Deportivas Municipales en la comuna de Bella Vista. All\u00ed participar\u00e1n integrantes de la Escuela Municipal de Atletismo de Goya quienes ya confirmaron su participaci\u00f3n al organizador de este encuentro, el atleta Mat\u00edas Robledo.<\/p>\n<p>Ser\u00e1 un cierre de las escuelas municipales en el espacio del Polideportivo Municipal, en las categor\u00edas menores de 6 a 11 a\u00f1os, pero se disputar\u00e1n algunas pruebas para las categor\u00edas juveniles \u201cla idea es hacer una juntada y cierre de fin de a\u00f1o en Bella Vista\u201d.<\/p>\n<p>Ser\u00e1 de car\u00e1cter recreativa la jornada para la categor\u00eda de mini atletismo as\u00ed que desde ya que est\u00e1n todos invitados a participar.<\/p>\n<p>&nbsp;<\/p>\n<p><strong>PR\u00d3XIMOS COMPROMISOS<\/strong><img loading=\"lazy\" decoding=\"async\" class=\"size-medium wp-image-71478 alignright entered lazyloaded\" src=\"https:\/\/883radiociudad.gob.ar\/wp-content\/uploads\/2024\/11\/nota-German-Sanchez-2-169x300.jpeg.webp\" sizes=\"auto, (max-width: 169px) 100vw, 169px\" srcset=\"https:\/\/883radiociudad.gob.ar\/wp-content\/uploads\/2024\/11\/nota-German-Sanchez-2-169x300.jpeg.webp 169w, https:\/\/883radiociudad.gob.ar\/wp-content\/uploads\/2024\/11\/nota-German-Sanchez-2-576x1024.jpeg.webp 576w, https:\/\/883radiociudad.gob.ar\/wp-content\/uploads\/2024\/11\/nota-German-Sanchez-2-768x1365.jpeg.webp 768w, https:\/\/883radiociudad.gob.ar\/wp-content\/uploads\/2024\/11\/nota-German-Sanchez-2-864x1536.jpeg.webp 864w, https:\/\/883radiociudad.gob.ar\/wp-content\/uploads\/2024\/11\/nota-German-Sanchez-2-1024x1820.jpeg.webp 1024w, https:\/\/883radiociudad.gob.ar\/wp-content\/uploads\/2024\/11\/nota-German-Sanchez-2.jpeg.webp 1080w\" alt=\"\" width=\"169\" height=\"300\" data-lazy-srcset=\"https:\/\/883radiociudad.gob.ar\/wp-content\/uploads\/2024\/11\/nota-German-Sanchez-2-169x300.jpeg.webp 169w, https:\/\/883radiociudad.gob.ar\/wp-content\/uploads\/2024\/11\/nota-German-Sanchez-2-576x1024.jpeg.webp 576w, https:\/\/883radiociudad.gob.ar\/wp-content\/uploads\/2024\/11\/nota-German-Sanchez-2-768x1365.jpeg.webp 768w, https:\/\/883radiociudad.gob.ar\/wp-content\/uploads\/2024\/11\/nota-German-Sanchez-2-864x1536.jpeg.webp 864w, https:\/\/883radiociudad.gob.ar\/wp-content\/uploads\/2024\/11\/nota-German-Sanchez-2-1024x1820.jpeg.webp 1024w, https:\/\/883radiociudad.gob.ar\/wp-content\/uploads\/2024\/11\/nota-German-Sanchez-2.jpeg.webp 1080w\" data-lazy-sizes=\"(max-width: 169px) 100vw, 169px\" data-lazy-src=\"https:\/\/883radiociudad.gob.ar\/wp-content\/uploads\/2024\/11\/nota-German-Sanchez-2-169x300.jpeg.webp\" data-lazy-src-webp=\"https:\/\/883radiociudad.gob.ar\/wp-content\/uploads\/2024\/11\/nota-German-Sanchez-2-169x300.jpeg.webp\" data-lazy-srcset-webp=\"https:\/\/883radiociudad.gob.ar\/wp-content\/uploads\/2024\/11\/nota-German-Sanchez-2-169x300.jpeg.webp 169w, https:\/\/883radiociudad.gob.ar\/wp-content\/uploads\/2024\/11\/nota-German-Sanchez-2-576x1024.jpeg.webp 576w, https:\/\/883radiociudad.gob.ar\/wp-content\/uploads\/2024\/11\/nota-German-Sanchez-2-768x1365.jpeg.webp 768w, https:\/\/883radiociudad.gob.ar\/wp-content\/uploads\/2024\/11\/nota-German-Sanchez-2-864x1536.jpeg.webp 864w, https:\/\/883radiociudad.gob.ar\/wp-content\/uploads\/2024\/11\/nota-German-Sanchez-2-1024x1820.jpeg.webp 1024w, https:\/\/883radiociudad.gob.ar\/wp-content\/uploads\/2024\/11\/nota-German-Sanchez-2.jpeg.webp 1080w\" data-ll-status=\"loaded\" \/><\/p>\n<p>Los integrantes de esta escuelita aguardan expectantes los \u00faltimos compromisos deportivos.<\/p>\n<p>Se correr\u00e1 la \u00faltima fecha del Circuito Correntino de Running. \u00danica carrera de trail running que permite al corredor vivir una experiencia en los Esteros del Iber\u00e1. El gran cierre ser\u00e1 el 7 de diciembre en Loreto, con la \u201cSan Antonio Trail\u201d.<\/p>\n<p>El r\u00e1nking general de la temporada se determinar\u00e1 por distancia y sexo en las categor\u00edas juveniles, mayores, intermedia y media.<\/p>\n<p>\u201cEl 7 nos vamos para Loreto, el domingo 8 es la premiaci\u00f3n y el fin de semana siguiente es el encuentro de mini atletismo\u201d finaliz\u00f3 el profe Germ\u00e1n S\u00e1nchez.<\/p>\n","protected":false},"excerpt":{"rendered":"<p>\u201cEste es un trabajo de hace muchos a\u00f1os que iniciamos con el atletismo y llegamos a un punto donde pudimos tener en nuestra ciudad atletas de los mejores del pa\u00eds\u2026adem\u00e1s elogiaron nuestro c\u00edrculo de lanzamiento\u201d cont\u00f3 S\u00e1nchez, responsable de la Escuela de atletismo y uno de los organizadores de este \u00faltimo encuentro nacional, donde participaron [&hellip;]<\/p>\n","protected":false},"author":2,"featured_media":22820,"comment_status":"closed","ping_status":"closed","sticky":false,"template":"","format":"standard","meta":{"footnotes":""},"categories":[56],"tags":[],"class_list":{"0":"post-22819","1":"post","2":"type-post","3":"status-publish","4":"format-standard","5":"has-post-thumbnail","7":"category-locales"},"_links":{"self":[{"href":"https:\/\/radiobitacora.com.ar\/web\/wp-json\/wp\/v2\/posts\/22819","targetHints":{"allow":["GET"]}}],"collection":[{"href":"https:\/\/radiobitacora.com.ar\/web\/wp-json\/wp\/v2\/posts"}],"about":[{"href":"https:\/\/radiobitacora.com.ar\/web\/wp-json\/wp\/v2\/types\/post"}],"author":[{"embeddable":true,"href":"https:\/\/radiobitacora.com.ar\/web\/wp-json\/wp\/v2\/users\/2"}],"replies":[{"embeddable":true,"href":"https:\/\/radiobitacora.com.ar\/web\/wp-json\/wp\/v2\/comments?post=22819"}],"version-history":[{"count":0,"href":"https:\/\/radiobitacora.com.ar\/web\/wp-json\/wp\/v2\/posts\/22819\/revisions"}],"wp:featuredmedia":[{"embeddable":true,"href":"https:\/\/radiobitacora.com.ar\/web\/wp-json\/wp\/v2\/media\/22820"}],"wp:attachment":[{"href":"https:\/\/radiobitacora.com.ar\/web\/wp-json\/wp\/v2\/media?parent=22819"}],"wp:term":[{"taxonomy":"category","embeddable":true,"href":"https:\/\/radiobitacora.com.ar\/web\/wp-json\/wp\/v2\/categories?post=22819"},{"taxonomy":"post_tag","embeddable":true,"href":"https:\/\/radiobitacora.com.ar\/web\/wp-json\/wp\/v2\/tags?post=22819"}],"curies":[{"name":"wp","href":"https:\/\/api.w.org\/{rel}","templated":true}]}}