{"id":22825,"date":"2024-11-27T08:19:37","date_gmt":"2024-11-27T11:19:37","guid":{"rendered":"https:\/\/radiobitacora.com.ar\/web\/?p=22825"},"modified":"2024-11-27T08:19:37","modified_gmt":"2024-11-27T11:19:37","slug":"inauguracion-pavimento-en-calle-gendarmeria-nacional-con-recursos-municipales","status":"publish","type":"post","link":"https:\/\/radiobitacora.com.ar\/web\/2024\/11\/27\/inauguracion-pavimento-en-calle-gendarmeria-nacional-con-recursos-municipales\/","title":{"rendered":"INAUGURACI\u00d3N PAVIMENTO EN CALLE GENDARMER\u00cdA NACIONAL CON RECURSOS MUNICIPALES"},"content":{"rendered":"<h3><strong>El Intendente Mariano Hormaechea a trav\u00e9s de su cuenta oficial, invita a los vecinos al acto de inauguraci\u00f3n de la calle Gendarmer\u00eda Nacional, este mi\u00e9rcoles 27 a las 20 horas, obra que comprende 700 metros de hormig\u00f3n armado, con recursos municipales, por administraci\u00f3n propia.<\/strong><\/h3>\n<p><i>En el texto correspondiente Mariano Hormaechea, dice:<\/i><\/p>\n<p><i>\u201c\u00a1Queridos vecinos! Los invitamos el d\u00eda mi\u00e9rcoles 27 de noviembre a la inauguraci\u00f3n de 700 metros de pavimento de la calle Gendarmer\u00eda Nacional.<\/i><\/p>\n<p><i>Obra realizada por administraci\u00f3n municipal.<\/i><\/p>\n<p><i>Ubicaci\u00f3n: intersecci\u00f3n con calle Jujuy.<\/i><\/p>\n<p><i>Horario: 20 horas.<\/i><\/p>\n<p><i>\u00a1Los Esperamos!\u201d<\/i><\/p>\n","protected":false},"excerpt":{"rendered":"<p>El Intendente Mariano Hormaechea a trav\u00e9s de su cuenta oficial, invita a los vecinos al acto de inauguraci\u00f3n de la calle Gendarmer\u00eda Nacional, este mi\u00e9rcoles 27 a las 20 horas, obra que comprende 700 metros de hormig\u00f3n armado, con recursos municipales, por administraci\u00f3n propia. En el texto correspondiente Mariano Hormaechea, dice: \u201c\u00a1Queridos vecinos! Los invitamos [&hellip;]<\/p>\n","protected":false},"author":2,"featured_media":22826,"comment_status":"closed","ping_status":"closed","sticky":false,"template":"","format":"standard","meta":{"footnotes":""},"categories":[56],"tags":[],"class_list":{"0":"post-22825","1":"post","2":"type-post","3":"status-publish","4":"format-standard","5":"has-post-thumbnail","7":"category-locales"},"_links":{"self":[{"href":"https:\/\/radiobitacora.com.ar\/web\/wp-json\/wp\/v2\/posts\/22825","targetHints":{"allow":["GET"]}}],"collection":[{"href":"https:\/\/radiobitacora.com.ar\/web\/wp-json\/wp\/v2\/posts"}],"about":[{"href":"https:\/\/radiobitacora.com.ar\/web\/wp-json\/wp\/v2\/types\/post"}],"author":[{"embeddable":true,"href":"https:\/\/radiobitacora.com.ar\/web\/wp-json\/wp\/v2\/users\/2"}],"replies":[{"embeddable":true,"href":"https:\/\/radiobitacora.com.ar\/web\/wp-json\/wp\/v2\/comments?post=22825"}],"version-history":[{"count":0,"href":"https:\/\/radiobitacora.com.ar\/web\/wp-json\/wp\/v2\/posts\/22825\/revisions"}],"wp:featuredmedia":[{"embeddable":true,"href":"https:\/\/radiobitacora.com.ar\/web\/wp-json\/wp\/v2\/media\/22826"}],"wp:attachment":[{"href":"https:\/\/radiobitacora.com.ar\/web\/wp-json\/wp\/v2\/media?parent=22825"}],"wp:term":[{"taxonomy":"category","embeddable":true,"href":"https:\/\/radiobitacora.com.ar\/web\/wp-json\/wp\/v2\/categories?post=22825"},{"taxonomy":"post_tag","embeddable":true,"href":"https:\/\/radiobitacora.com.ar\/web\/wp-json\/wp\/v2\/tags?post=22825"}],"curies":[{"name":"wp","href":"https:\/\/api.w.org\/{rel}","templated":true}]}}