{"id":22847,"date":"2024-11-27T09:06:08","date_gmt":"2024-11-27T12:06:08","guid":{"rendered":"https:\/\/radiobitacora.com.ar\/web\/?p=22847"},"modified":"2024-11-27T09:06:08","modified_gmt":"2024-11-27T12:06:08","slug":"violencia-de-genero-una-mujer-es-asesinada-cada-10-minutos-por-su-pareja-u-otro-familiar-segun-un-informe-de-la-onu","status":"publish","type":"post","link":"https:\/\/radiobitacora.com.ar\/web\/2024\/11\/27\/violencia-de-genero-una-mujer-es-asesinada-cada-10-minutos-por-su-pareja-u-otro-familiar-segun-un-informe-de-la-onu\/","title":{"rendered":"Violencia de g\u00e9nero: una mujer es asesinada cada 10 minutos por su pareja u otro familiar, seg\u00fan un informe de la ONU"},"content":{"rendered":"<p>El 25 de noviembre se conmemora el D\u00eda Internacional de la Eliminaci\u00f3n de la\u00a0<a href=\"https:\/\/chequeado.com\/el-explicador\/linea-144-y-acompanar-los-datos-que-demuestran-el-ajuste-en-ambos-programas-contra-la-violencia-de-genero\/\" target=\"_blank\" rel=\"noopener\">Violencia contra la Mujer<\/a>.<\/p>\n<p>La fecha fue\u00a0<a href=\"https:\/\/www.un.org\/es\/observances\/ending-violence-against-women-day\" target=\"_blank\" rel=\"noopener\">declarada<\/a>\u00a0por la Organizaci\u00f3n de las Naciones Unidas (ONU) en memoria del asesinato de las hermanas Mirabal en 1960 en Rep\u00fablica Dominicana, durante el r\u00e9gimen de Rafael Trujillo, con el fin de visibilizar la violencia contra las mujeres y ni\u00f1as a nivel mundial.<\/p>\n<p>\u00bfQu\u00e9 dicen los \u00faltimos datos sobre la violencia de g\u00e9nero en la Argentina y en el mundo? Te lo contamos en esta nota.<\/p>\n<h2><b>Una mujer o ni\u00f1a muere cada 10 minutos a manos de su pareja o un familiar<\/b><\/h2>\n<p>Un nuevo<a href=\"https:\/\/www.unwomen.org\/sites\/default\/files\/2024-11\/femicides-in-2023-global-estimates-of-intimate-partner-family-member-femicides-en.pdf\" target=\"_blank\" rel=\"noopener\">\u00a0informe<\/a>\u00a0de ONU Mujeres y la Oficina de Naciones Unidas contra la Droga y el Delito (UNODC) revela que,\u00a0<b>en 2023, un total de 85 mil mujeres y ni\u00f1as fueron asesinadas intencionadamente.<\/b><\/p>\n<p>El 60% de estos homicidios -aproximadamente 51 mil- fueron cometidos por una pareja \u00edntima o alguien m\u00e1s de su entorno familiar. De este modo,\u00a0<a href=\"https:\/\/www.unwomen.org\/es\/noticias\/comunicado-de-prensa\/2024\/11\/cada-diez-minutos-una-mujer-o-nina-muere-a-manos-de-su-pareja-u-otro-miembro-de-la-familia\" target=\"_blank\" rel=\"noopener\">cada d\u00eda 140 mujeres y ni\u00f1as fueron asesinadas<\/a>\u00a0por su pareja o por un miembro de su familia. Esto representa un femicidio cada 10 minutos.<\/p>\n<p>\u00c1frica es el continente con las tasas m\u00e1s altas de femicidios, seguido por Am\u00e9rica y Ocean\u00eda. En el continente europeo y americano, la mayor\u00eda de las mujeres asesinadas en el \u00e1mbito dom\u00e9stico murieron a manos de sus parejas: fueron entre el 64 y el 58%, respectivamente.<\/p>\n<p>\u201cLa violencia contra las mujeres y ni\u00f1as puede evitarse. Necesitamos leyes s\u00f3lidas, mejor recopilaci\u00f3n de datos, mayor responsabilidad gubernamental, una cultura de tolerancia cero y m\u00e1s financiamiento para las organizaciones por los derechos de las mujeres y los organismos institucionales\u201d, se\u00f1al\u00f3 la directora ejecutiva de ONU Mujeres, Sima Bahous.<\/p>\n<h2><b>M\u00e1s de 2 mil denuncias por violencia dom\u00e9stica en la Ciudad de Buenos Aires<\/b><\/h2>\n<p>En el segundo trimestre de 2024,\u00a0<a href=\"https:\/\/www.ovd.gov.ar\/ovd\/novedades\/detalle\/8862\" target=\"_blank\" rel=\"noopener\">m\u00e1s de 2 mil personas denunciaron un hecho de violencia dom\u00e9stica<\/a>\u00a0en la Ciudad de Buenos Aires. El dato surge del\u00a0<a href=\"https:\/\/www.ovd.gov.ar\/ovd\/estadisticas\/detalle\/8863\" target=\"_blank\" rel=\"noopener\">\u00faltimo informe<\/a>\u00a0de la Oficina de Violencia Dom\u00e9stica (OVD), que depende de la Corte Suprema de Justicia de la Naci\u00f3n (CSJN).<\/p>\n<p>Seg\u00fan las estad\u00edsticas oficiales, el organismo atendi\u00f3 en total a 3.836 personas durante este per\u00edodo, un promedio de 42 ciudadanos por d\u00eda. De ellos,<b>\u00a02.210 realizaron denuncias por violencia dom\u00e9stica y 1.626 hicieron consultas.<\/b><\/p>\n<p><b>El 75% de las denuncias por violencia dom\u00e9stica fueron realizadas por mujeres.<\/b>\u00a0Casi la mitad (el 45%) ten\u00eda un v\u00ednculo de pareja o ex pareja con su agresor, mientras que el 36% ten\u00eda un v\u00ednculo filial.<\/p>\n<p><b>La violencia psicol\u00f3gica estuvo presente en el 96% de los casos<\/b>. La violencia simb\u00f3lica apareci\u00f3 en el 43% y la violencia f\u00edsica, en el 42%.<\/p>\n<p>Como contamos en\u00a0<a href=\"https:\/\/chequeado.com\/el-explicador\/linea-144-y-acompanar-los-datos-que-demuestran-el-ajuste-en-ambos-programas-contra-la-violencia-de-genero\/\" target=\"_blank\" rel=\"noopener\">esta nota<\/a>, ONGs especializadas advierten sobre el desfinanciamiento de las pol\u00edticas p\u00fablicas contra la violencia de g\u00e9nero por parte de la gesti\u00f3n de Javier Milei (La Libertad Avanza).<\/p>\n<p>La L\u00ednea 144, una l\u00ednea telef\u00f3nica que ofrece asistencia en casos de violencia de g\u00e9nero los 365 d\u00edas del a\u00f1o, tuvo una reducci\u00f3n del 28% en su ejecuci\u00f3n presupuestaria en el primer semestre de 2024, de acuerdo a\u00a0<a href=\"https:\/\/drive.google.com\/file\/d\/1jIzT-dddpaDwJRaFC9_rGfXG1_UdbZXB\/view\" target=\"_blank\" rel=\"noopener\">datos disponibles<\/a>\u00a0en el sitio oficial de Presupuesto Abierto, dependiente del Ministerio de Econom\u00eda de la Naci\u00f3n. Por su parte, el Programa Acompa\u00f1ar -destinado a brindar apoyo econ\u00f3mico a personas violentadas- muestra una ca\u00edda del 82% en su ejecuci\u00f3n.<\/p>\n<h2><b>Hubo 1 femicidio cada 35 horas en la Argentina durante 2023<\/b><\/h2>\n<p>En 2023 (\u00faltimo dato disponible), 272 personas murieron v\u00edctimas de violencia de g\u00e9nero en la Argentina. Hubo 250 v\u00edctimas directas: 245 fueron mujeres cis (es decir, personas cuya identidad de g\u00e9nero y sexo de nacimiento son el mismo) y 5 mujeres trans o travestis.<\/p>\n<p>Por su parte, 22 fueron v\u00edctimas de femicidio vinculado (ni\u00f1os, ni\u00f1as o adolescentes que tambi\u00e9n fueron asesinados en contexto de femicidio), seg\u00fan se\u00f1ala el\u00a0<a href=\"https:\/\/om.csjn.gob.ar\/consultaTalleresWeb\/public\/documentoConsulta\/verDocumentoById?idDocumento=242\" target=\"_blank\" rel=\"noopener\">Registro Nacional de Femicidios<\/a>\u00a0de la CSJN.<\/p>\n<p>Si se consideran s\u00f3lo las v\u00edctimas directas de femicidio (250),\u00a0<b>en 2023<\/b>\u00a0<b>hubo 1 femicidio cada 35 horas.<\/b>\u00a0Esto representa un\u00a0<a href=\"https:\/\/chequeado.com\/el-explicador\/ni-una-menos-en-2022-se-produjo-un-femicidio-cada-39-horas-en-la-argentina\/\" target=\"_blank\" rel=\"noopener\">11% de aumento respecto de 2022<\/a>.<\/p>\n<p><b>En el 88% de los casos, la v\u00edctima directa de femicidio ten\u00eda alg\u00fan v\u00ednculo con el victimario<\/b>. El 64% eran parejas, ex parejas o ten\u00edan otro tipo de relaci\u00f3n sexo-afectiva, y el 12% eran familiares. Otro 12% ten\u00eda otro tipo de v\u00ednculo, que puede ser amigos, compa\u00f1eros de trabajo, vecinos o conocidos.<\/p>\n<p><b>Al menos 55 v\u00edctimas ya hab\u00edan denunciado a su victimario con anterioridad.<\/b>\u00a017 de ellas ten\u00edan medidas de protecci\u00f3n vigentes al momento del asesinato. 16 hab\u00edan tenido medidas de protecci\u00f3n, pero se les hab\u00edan vencido.<\/p>\n<h2><b>C\u00f3mo y d\u00f3nde denunciar casos de violencia de g\u00e9nero<\/b><\/h2>\n<p>Adem\u00e1s del llamado a la L\u00ednea 144,\u00a0<strong>las personas que se encuentran en una emergencia pueden\u00a0<\/strong><strong><a href=\"https:\/\/www.gba.gob.ar\/linea144\" target=\"_blank\" rel=\"noopener\">llamar<\/a>\u00a0al 911 o acercarse a alg\u00fan hospital o centro de salud.<\/strong><\/p>\n<p>Tambi\u00e9n es posible denunciar en la\u00a0<a href=\"https:\/\/www.ovd.gov.ar\/ovd\/\" target=\"_blank\" rel=\"noopener\">Oficina de Violencia Dom\u00e9stica (OVD)\u00a0<\/a>o en la\u00a0<a href=\"https:\/\/www.mpf.gob.ar\/ufem\/\" target=\"_blank\" rel=\"noopener\">Unidad Fiscal Especializada en Violencia contra las Mujeres (UFEM)<\/a>.<\/p>\n<p>Para los casos en la Ciudad de Buenos Aires, la denuncia se puede hacer frente a la\u00a0<a href=\"https:\/\/oficinadegenero.tsjbaires.gov.ar\/\" target=\"_blank\" rel=\"noopener\">Oficina de G\u00e9nero del Tribunal Superior de Justicia de la Ciudad<\/a>, el\u00a0<a href=\"https:\/\/cjmujer.gob.ar\/\" target=\"_blank\" rel=\"noopener\">Centro de Justicia de la Mujer<\/a>\u00a0dependiente del Consejo de la Magistratura,\u00a0y las\u00a0<a href=\"https:\/\/mpfciudad.gob.ar\/denuncias\" target=\"_blank\" rel=\"noopener\">fiscal\u00edas de g\u00e9nero<\/a>\u00a0y\u00a0<a href=\"https:\/\/mpfciudad.gob.ar\/tematicas\/2020-03-09-21-42-38-violencia-de-genero\" target=\"_blank\" rel=\"noopener\">equipos<\/a>\u00a0especializados de violencia de g\u00e9nero porte\u00f1os.<\/p>\n","protected":false},"excerpt":{"rendered":"<p>El 25 de noviembre se conmemora el D\u00eda Internacional de la Eliminaci\u00f3n de la\u00a0Violencia contra la Mujer. La fecha fue\u00a0declarada\u00a0por la Organizaci\u00f3n de las Naciones Unidas (ONU) en memoria del asesinato de las hermanas Mirabal en 1960 en Rep\u00fablica Dominicana, durante el r\u00e9gimen de Rafael Trujillo, con el fin de visibilizar la violencia contra las [&hellip;]<\/p>\n","protected":false},"author":2,"featured_media":22848,"comment_status":"closed","ping_status":"closed","sticky":false,"template":"","format":"standard","meta":{"footnotes":""},"categories":[86],"tags":[],"class_list":{"0":"post-22847","1":"post","2":"type-post","3":"status-publish","4":"format-standard","5":"has-post-thumbnail","7":"category-sociedad"},"_links":{"self":[{"href":"https:\/\/radiobitacora.com.ar\/web\/wp-json\/wp\/v2\/posts\/22847","targetHints":{"allow":["GET"]}}],"collection":[{"href":"https:\/\/radiobitacora.com.ar\/web\/wp-json\/wp\/v2\/posts"}],"about":[{"href":"https:\/\/radiobitacora.com.ar\/web\/wp-json\/wp\/v2\/types\/post"}],"author":[{"embeddable":true,"href":"https:\/\/radiobitacora.com.ar\/web\/wp-json\/wp\/v2\/users\/2"}],"replies":[{"embeddable":true,"href":"https:\/\/radiobitacora.com.ar\/web\/wp-json\/wp\/v2\/comments?post=22847"}],"version-history":[{"count":0,"href":"https:\/\/radiobitacora.com.ar\/web\/wp-json\/wp\/v2\/posts\/22847\/revisions"}],"wp:featuredmedia":[{"embeddable":true,"href":"https:\/\/radiobitacora.com.ar\/web\/wp-json\/wp\/v2\/media\/22848"}],"wp:attachment":[{"href":"https:\/\/radiobitacora.com.ar\/web\/wp-json\/wp\/v2\/media?parent=22847"}],"wp:term":[{"taxonomy":"category","embeddable":true,"href":"https:\/\/radiobitacora.com.ar\/web\/wp-json\/wp\/v2\/categories?post=22847"},{"taxonomy":"post_tag","embeddable":true,"href":"https:\/\/radiobitacora.com.ar\/web\/wp-json\/wp\/v2\/tags?post=22847"}],"curies":[{"name":"wp","href":"https:\/\/api.w.org\/{rel}","templated":true}]}}