{"id":22871,"date":"2024-11-28T10:18:27","date_gmt":"2024-11-28T13:18:27","guid":{"rendered":"https:\/\/radiobitacora.com.ar\/web\/?p=22871"},"modified":"2024-11-28T10:18:27","modified_gmt":"2024-11-28T13:18:27","slug":"valdes-coincidio-con-sus-pares-del-litoral-sobre-como-debe-licitarse-la-hidrovia-parana-paraguay","status":"publish","type":"post","link":"https:\/\/radiobitacora.com.ar\/web\/2024\/11\/28\/valdes-coincidio-con-sus-pares-del-litoral-sobre-como-debe-licitarse-la-hidrovia-parana-paraguay\/","title":{"rendered":"VALD\u00c9S COINCIDI\u00d3 CON SUS PARES DEL LITORAL SOBRE C\u00d3MO DEBE LICITARSE LA HIDROV\u00cdA PARAN\u00c1 \u2013 PARAGUAY"},"content":{"rendered":"<p>En este marco, se pidi\u00f3 que \u201cel Gobierno nacional convoque a una mesa de di\u00e1logo y revise el pliego actual para que podamos tener una Hidrov\u00eda que contemple a todas las provincias del Litoral y sea estrat\u00e9gica para nuestra competitividad\u201d, inform\u00f3 Vald\u00e9s. Mientras tanto, cont\u00f3 que \u201cdesde Corrientes estamos avanzando con grandes obras como el puerto de Ituzaing\u00f3, que generar\u00e1 enormes oportunidades para la regi\u00f3n\u201d.<\/p>\n<p>Insisti\u00f3 entonces que \u201cpor eso, es fundamental que nuestra visi\u00f3n sea escuchada para que la Hidrov\u00eda sea una herramienta de desarrollo para todas las provincias\u201d.<\/p>\n<p>Tras el encuentro, el ministro de Hacienda y Finanzas de la Provincia, Marcelo Rivas Piasentini, brind\u00f3 detalles de la mesa de trabajo se\u00f1alando que \u201cera necesaria la reuni\u00f3n de manera virtual para avanzar sobre la problem\u00e1tica de la Hidrovia\u201d, donde \u201cCorrientes plantea la injerencia dentro de la pr\u00f3xima licitaci\u00f3n que propone el Gobierno nacional\u201d. Remarc\u00f3 que en la ocasi\u00f3n manifestaron \u201cla necesidad de la incorporaci\u00f3n de la totalidad y no solo la confluencia al sur, sino tambi\u00e9n la del norte\u201d, ya que \u201ceso ata\u00f1e la necesidad de contar con dragado y balizamiento e inversiones que tambi\u00e9n beneficiar\u00e1n a las provincias de Corrientes, Formosa y Misiones\u201d.<\/p>\n<p>\u201cEntendemos que es necesario la interacci\u00f3n con el Gobierno nacional, porque hay un pliego de licitaci\u00f3n que no nos completa, porque eso solo resuelve algunos puertos de la Hidrov\u00eda al sur\u201d, subray\u00f3 sobre el pedido que buscan apuntalar y a\u00f1adi\u00f3 que \u201cvenimos trabajando y analizando estrategias, opciones y alternativas, porque es necesario seguir en este camino ya que la Regi\u00f3n Litoral cada vez se posiciona m\u00e1s as\u00ed que esperamos que se resuelvan estas demandas\u201d.<\/p>\n<p><strong>Respuestas a Naci\u00f3n<img loading=\"lazy\" decoding=\"async\" class=\"size-medium wp-image-71547 alignright entered lazyloaded\" src=\"https:\/\/883radiociudad.gob.ar\/wp-content\/uploads\/2024\/11\/imagen-93712-300x200.jpg.webp\" sizes=\"auto, (max-width: 300px) 100vw, 300px\" srcset=\"https:\/\/883radiociudad.gob.ar\/wp-content\/uploads\/2024\/11\/imagen-93712-300x200.jpg.webp 300w, https:\/\/883radiociudad.gob.ar\/wp-content\/uploads\/2024\/11\/imagen-93712-1024x683.jpg.webp 1024w, https:\/\/883radiociudad.gob.ar\/wp-content\/uploads\/2024\/11\/imagen-93712-768x512.jpg.webp 768w, https:\/\/883radiociudad.gob.ar\/wp-content\/uploads\/2024\/11\/imagen-93712-1536x1024.jpg.webp 1536w, https:\/\/883radiociudad.gob.ar\/wp-content\/uploads\/2024\/11\/imagen-93712.jpg.webp 1920w\" alt=\"\" width=\"300\" height=\"200\" data-lazy-srcset=\"https:\/\/883radiociudad.gob.ar\/wp-content\/uploads\/2024\/11\/imagen-93712-300x200.jpg.webp 300w, https:\/\/883radiociudad.gob.ar\/wp-content\/uploads\/2024\/11\/imagen-93712-1024x683.jpg.webp 1024w, https:\/\/883radiociudad.gob.ar\/wp-content\/uploads\/2024\/11\/imagen-93712-768x512.jpg.webp 768w, https:\/\/883radiociudad.gob.ar\/wp-content\/uploads\/2024\/11\/imagen-93712-1536x1024.jpg.webp 1536w, https:\/\/883radiociudad.gob.ar\/wp-content\/uploads\/2024\/11\/imagen-93712.jpg.webp 1920w\" data-lazy-sizes=\"(max-width: 300px) 100vw, 300px\" data-lazy-src=\"https:\/\/883radiociudad.gob.ar\/wp-content\/uploads\/2024\/11\/imagen-93712-300x200.jpg.webp\" data-lazy-src-webp=\"https:\/\/883radiociudad.gob.ar\/wp-content\/uploads\/2024\/11\/imagen-93712-300x200.jpg.webp\" data-lazy-srcset-webp=\"https:\/\/883radiociudad.gob.ar\/wp-content\/uploads\/2024\/11\/imagen-93712-300x200.jpg.webp 300w, https:\/\/883radiociudad.gob.ar\/wp-content\/uploads\/2024\/11\/imagen-93712-1024x683.jpg.webp 1024w, https:\/\/883radiociudad.gob.ar\/wp-content\/uploads\/2024\/11\/imagen-93712-768x512.jpg.webp 768w, https:\/\/883radiociudad.gob.ar\/wp-content\/uploads\/2024\/11\/imagen-93712-1536x1024.jpg.webp 1536w, https:\/\/883radiociudad.gob.ar\/wp-content\/uploads\/2024\/11\/imagen-93712.jpg.webp 1920w\" data-ll-status=\"loaded\" \/><\/strong><\/p>\n<p>Por otro lado, Rivas Piasentini hizo menci\u00f3n a que esperan apertura de di\u00e1logo con Naci\u00f3n, \u201cdonde todos los equipos t\u00e9cnicos se pongan de acuerdo y tengamos la posibilidad de que la Regi\u00f3n sea contenida y contemplada en los pliegos de licitaci\u00f3n\u201d. Advirti\u00f3 que se debe tener en cuenta que el plazo es prolongado, pero \u201ccon negociaciones podemos tener un buen acuerdo, ya que contar con dragado y balizamiento nos va a permitir a Corrientes ser m\u00e1s competitivos\u201d.<\/p>\n<p><strong>Visi\u00f3n en com\u00fan en la Regi\u00f3n<\/strong><\/p>\n<p>Finalmente, el Ministro destac\u00f3 el trabajo articulado entre las provincias: \u201cTodos plantean el mismo objetivo porque entendemos que es una oportunidad que tenemos y nos corresponde\u201d. En lo que respecta a Corrientes, indic\u00f3 que los beneficios ser\u00e1n poder \u201cdar respuestas al puerto de Ituzaing\u00f3 que avanza a un gran ritmo y estar\u00eda habilitado el a\u00f1o que viene, lo cual nos brindar\u00e1 mayor competitividad a Corrientes y Misiones que seguramente har\u00e1 uso de las instalaciones\u201d.<\/p>\n<p>Vale recordar que la regi\u00f3n Litoral est\u00e1 conformada por las provincias de Corrientes, Chaco, Misiones, Formosa, Entre R\u00edos y Santa Fe, y se materializ\u00f3 formalmente en octubre \u00faltimo tras la firma del Tratado de Integraci\u00f3n en la Capital santafecina.<\/p>\n","protected":false},"excerpt":{"rendered":"<p>En este marco, se pidi\u00f3 que \u201cel Gobierno nacional convoque a una mesa de di\u00e1logo y revise el pliego actual para que podamos tener una Hidrov\u00eda que contemple a todas las provincias del Litoral y sea estrat\u00e9gica para nuestra competitividad\u201d, inform\u00f3 Vald\u00e9s. Mientras tanto, cont\u00f3 que \u201cdesde Corrientes estamos avanzando con grandes obras como el [&hellip;]<\/p>\n","protected":false},"author":2,"featured_media":22872,"comment_status":"closed","ping_status":"closed","sticky":false,"template":"","format":"standard","meta":{"footnotes":""},"categories":[79],"tags":[],"class_list":{"0":"post-22871","1":"post","2":"type-post","3":"status-publish","4":"format-standard","5":"has-post-thumbnail","7":"category-politica"},"_links":{"self":[{"href":"https:\/\/radiobitacora.com.ar\/web\/wp-json\/wp\/v2\/posts\/22871","targetHints":{"allow":["GET"]}}],"collection":[{"href":"https:\/\/radiobitacora.com.ar\/web\/wp-json\/wp\/v2\/posts"}],"about":[{"href":"https:\/\/radiobitacora.com.ar\/web\/wp-json\/wp\/v2\/types\/post"}],"author":[{"embeddable":true,"href":"https:\/\/radiobitacora.com.ar\/web\/wp-json\/wp\/v2\/users\/2"}],"replies":[{"embeddable":true,"href":"https:\/\/radiobitacora.com.ar\/web\/wp-json\/wp\/v2\/comments?post=22871"}],"version-history":[{"count":0,"href":"https:\/\/radiobitacora.com.ar\/web\/wp-json\/wp\/v2\/posts\/22871\/revisions"}],"wp:featuredmedia":[{"embeddable":true,"href":"https:\/\/radiobitacora.com.ar\/web\/wp-json\/wp\/v2\/media\/22872"}],"wp:attachment":[{"href":"https:\/\/radiobitacora.com.ar\/web\/wp-json\/wp\/v2\/media?parent=22871"}],"wp:term":[{"taxonomy":"category","embeddable":true,"href":"https:\/\/radiobitacora.com.ar\/web\/wp-json\/wp\/v2\/categories?post=22871"},{"taxonomy":"post_tag","embeddable":true,"href":"https:\/\/radiobitacora.com.ar\/web\/wp-json\/wp\/v2\/tags?post=22871"}],"curies":[{"name":"wp","href":"https:\/\/api.w.org\/{rel}","templated":true}]}}