{"id":22877,"date":"2024-11-28T10:47:41","date_gmt":"2024-11-28T13:47:41","guid":{"rendered":"https:\/\/radiobitacora.com.ar\/web\/?p=22877"},"modified":"2024-11-28T10:47:41","modified_gmt":"2024-11-28T13:47:41","slug":"por-la-ausencia-de-diputados-libertarios-fracaso-la-sesion-para-aprobar-el-proyecto-que-le-impide-a-cristina-kirchner-ser-candidata","status":"publish","type":"post","link":"https:\/\/radiobitacora.com.ar\/web\/2024\/11\/28\/por-la-ausencia-de-diputados-libertarios-fracaso-la-sesion-para-aprobar-el-proyecto-que-le-impide-a-cristina-kirchner-ser-candidata\/","title":{"rendered":"Por la ausencia de diputados libertarios, fracas\u00f3 la sesi\u00f3n para aprobar el proyecto que le impide a Cristina Kirchner ser candidata"},"content":{"rendered":"<div class=\"body-blogging-article\">\n<p class=\"paragraph\">La sesi\u00f3n especial convocada para tratar en Diputados el proyecto de ley de\u00a0<a href=\"https:\/\/www.infobae.com\/tag\/ficha-limpia\/\" target=\"_blank\" rel=\"noopener\"><i><b>Ficha Limpia<\/b><\/i><\/a><i><b>\u00a0fracas\u00f3 al no lograr el qu\u00f3rum necesario.\u00a0<\/b><\/i>Este debate hab\u00eda sido solicitado por el diputado\u00a0<b>Cristian Ritondo<\/b>, jefe del bloque del PRO.<\/p>\n<\/div>\n<div class=\"body-blogging-top-line\"><\/div>\n<div class=\"body-blogging\">\n<div id=\"parrafo_0\" class=\"body-blogging-container\">\n<div class=\"body-blogging-time-line\">\n<div class=\"body-blogging-time\"><span class=\"body-blogging-time-hour\">10:33\u00a0hs<\/span><span class=\"body-blogging-time-date\">Hoy<\/span><\/div>\n<div class=\"body-blogging-figures\">\n<div class=\"body-blogging-figures-big-circle live-blogging-blinker-white\">\n<div class=\"body-blogging-figures-sm-circle live-blogging-blinker-yellow\"><\/div>\n<\/div>\n<div class=\"body-blogging-figures-line\"><\/div>\n<\/div>\n<\/div>\n<div class=\"body-blogging-article body-blogging-article-title\">\n<h2 id=\"otra-vez-fracaso-la-sesion-para-tratar-ficha-limpia\" class=\"header body-blogging-sub-header\">Otra vez, fracas\u00f3 la sesi\u00f3n para tratar Ficha Limpia<\/h2>\n<\/div>\n<div class=\"body-blogging-article \">\n<p class=\"paragraph\">El PRO no logr\u00f3 reunir el qu\u00f3rum necesario.\u00a0<b>Hubo importantes ausencias en el bloque de La Libertad Avanza<\/b>.<\/p>\n<div class=\"body-blogging-btm-line\"><\/div>\n<\/div>\n<\/div>\n<div id=\"parrafo_1\" class=\"body-blogging-container\">\n<div class=\"body-blogging-time-line\">\n<div class=\"body-blogging-time\"><span class=\"body-blogging-time-hour\">10:20\u00a0hs<\/span><span class=\"body-blogging-time-date\">Hoy<\/span><\/div>\n<div class=\"body-blogging-figures\">\n<div class=\"body-blogging-figures-big-circle\">\n<div class=\"body-blogging-figures-sm-circle\"><\/div>\n<\/div>\n<div class=\"body-blogging-figures-line\"><\/div>\n<\/div>\n<\/div>\n<div class=\"body-blogging-article body-blogging-article-title\">\n<h2 id=\"un-ausente-en-el-pro-que-busca-alcanzar-el-quorum\" class=\"header body-blogging-sub-header\">Un ausente en el PRO, que busca alcanzar el qu\u00f3rum<\/h2>\n<\/div>\n<div class=\"body-blogging-article \">\n<div class=\" visual-image\"><picture><source srcset=\"https:\/\/www.infobae.com\/resizer\/v2\/R7PSGAG7JRGMXHJQ2FMRGLANZQ.jpg?auth=56336ec93edab13cdbb9099bae483ed2cc1722b9650e2ce9a58374dd4b9c90f0&amp;smart=true&amp;width=992&amp;height=558&amp;quality=85\" media=\"(min-width: 1000px)\" \/><source srcset=\"https:\/\/www.infobae.com\/resizer\/v2\/R7PSGAG7JRGMXHJQ2FMRGLANZQ.jpg?auth=56336ec93edab13cdbb9099bae483ed2cc1722b9650e2ce9a58374dd4b9c90f0&amp;smart=true&amp;width=768&amp;height=432&amp;quality=85\" media=\"(min-width: 768px)\" \/><source srcset=\"https:\/\/www.infobae.com\/resizer\/v2\/R7PSGAG7JRGMXHJQ2FMRGLANZQ.jpg?auth=56336ec93edab13cdbb9099bae483ed2cc1722b9650e2ce9a58374dd4b9c90f0&amp;smart=true&amp;width=577&amp;height=325&amp;quality=85\" media=\"(min-width: 580px)\" \/><source srcset=\"https:\/\/www.infobae.com\/resizer\/v2\/R7PSGAG7JRGMXHJQ2FMRGLANZQ.jpg?auth=56336ec93edab13cdbb9099bae483ed2cc1722b9650e2ce9a58374dd4b9c90f0&amp;smart=true&amp;width=420&amp;height=236&amp;quality=85\" media=\"(min-width: 350px)\" \/><source srcset=\"https:\/\/www.infobae.com\/resizer\/v2\/R7PSGAG7JRGMXHJQ2FMRGLANZQ.jpg?auth=56336ec93edab13cdbb9099bae483ed2cc1722b9650e2ce9a58374dd4b9c90f0&amp;smart=true&amp;width=350&amp;height=197&amp;quality=85\" media=\"(min-width: 80px)\" \/><img loading=\"lazy\" decoding=\"async\" class=\"global-image\" src=\"https:\/\/www.infobae.com\/resizer\/v2\/R7PSGAG7JRGMXHJQ2FMRGLANZQ.jpg?auth=56336ec93edab13cdbb9099bae483ed2cc1722b9650e2ce9a58374dd4b9c90f0&amp;smart=true&amp;width=350&amp;height=197&amp;quality=85\" alt=\"Los diputados del PRO, en la previa de la sesi\u00f3n por Ficha Limpia\" width=\"1920\" height=\"1079\" \/><\/picture>Los diputados del PRO, en la previa de la sesi\u00f3n por Ficha Limpia<\/div>\n<\/div>\n<div class=\"body-blogging-article \">\n<p class=\"paragraph\">El bloque PRO se encuentra en el recinto con una ausencia:\u00a0<b>An\u00edbal Tortoriello<\/b>. Seg\u00fan se inform\u00f3, est\u00e1 enfermo. Por otro lado, La Libertad Avanza registra muchos legisladores ausentes.<\/p>\n<div class=\"body-blogging-btm-line\"><\/div>\n<\/div>\n<\/div>\n<div id=\"parrafo_2\" class=\"body-blogging-container\">\n<div class=\"body-blogging-time-line\">\n<div class=\"body-blogging-time\"><span class=\"body-blogging-time-hour\">10:01\u00a0hs<\/span><span class=\"body-blogging-time-date\">Hoy<\/span><\/div>\n<div class=\"body-blogging-figures\">\n<div class=\"body-blogging-figures-big-circle\">\n<div class=\"body-blogging-figures-sm-circle\"><\/div>\n<\/div>\n<div class=\"body-blogging-figures-line\"><\/div>\n<\/div>\n<\/div>\n<div class=\"body-blogging-article body-blogging-article-title\">\n<h2 id=\"moderado-optimismo\" class=\"header body-blogging-sub-header\">Moderado optimismo<\/h2>\n<\/div>\n<div class=\"body-blogging-article \">\n<p class=\"paragraph\">Fuentes parlamentarias, consultadas por\u00a0<b>Infobae<\/b>, afirmaron que hay un \u201c<b>moderado optimismo<\/b>\u201d para alcanzar el qu\u00f3rum necesario para iniciar el debate del proyecto de Ficha Limpia.<\/p>\n<div class=\"body-blogging-btm-line\"><\/div>\n<\/div>\n<\/div>\n<div id=\"parrafo_3\" class=\"body-blogging-container\">\n<div class=\"body-blogging-time-line\">\n<div class=\"body-blogging-time\"><span class=\"body-blogging-time-hour\">09:34\u00a0hs<\/span><span class=\"body-blogging-time-date\">Hoy<\/span><\/div>\n<div class=\"body-blogging-figures\">\n<div class=\"body-blogging-figures-big-circle\">\n<div class=\"body-blogging-figures-sm-circle\"><\/div>\n<\/div>\n<div class=\"body-blogging-figures-line\"><\/div>\n<\/div>\n<\/div>\n<div class=\"body-blogging-article body-blogging-article-title\">\n<h2 id=\"ficha-limpia-tambien-en-caba\" class=\"header body-blogging-sub-header\">Ficha Limpia tambi\u00e9n en CABA<\/h2>\n<\/div>\n<div class=\"body-blogging-article \">\n<div class=\" visual-image\"><picture><source srcset=\"https:\/\/www.infobae.com\/resizer\/v2\/6ADQEX4ERNFHLHEJS7LOYSA2SI.jpeg?auth=2fc213952f53b2a2ba6cf4581b89d6b67bbcd4848438d47e75aad2073fe7c011&amp;smart=true&amp;width=992&amp;height=661&amp;quality=85\" media=\"(min-width: 1000px)\" \/><source srcset=\"https:\/\/www.infobae.com\/resizer\/v2\/6ADQEX4ERNFHLHEJS7LOYSA2SI.jpeg?auth=2fc213952f53b2a2ba6cf4581b89d6b67bbcd4848438d47e75aad2073fe7c011&amp;smart=true&amp;width=768&amp;height=512&amp;quality=85\" media=\"(min-width: 768px)\" \/><source srcset=\"https:\/\/www.infobae.com\/resizer\/v2\/6ADQEX4ERNFHLHEJS7LOYSA2SI.jpeg?auth=2fc213952f53b2a2ba6cf4581b89d6b67bbcd4848438d47e75aad2073fe7c011&amp;smart=true&amp;width=577&amp;height=385&amp;quality=85\" media=\"(min-width: 580px)\" \/><source srcset=\"https:\/\/www.infobae.com\/resizer\/v2\/6ADQEX4ERNFHLHEJS7LOYSA2SI.jpeg?auth=2fc213952f53b2a2ba6cf4581b89d6b67bbcd4848438d47e75aad2073fe7c011&amp;smart=true&amp;width=420&amp;height=280&amp;quality=85\" media=\"(min-width: 350px)\" \/><source srcset=\"https:\/\/www.infobae.com\/resizer\/v2\/6ADQEX4ERNFHLHEJS7LOYSA2SI.jpeg?auth=2fc213952f53b2a2ba6cf4581b89d6b67bbcd4848438d47e75aad2073fe7c011&amp;smart=true&amp;width=350&amp;height=233&amp;quality=85\" media=\"(min-width: 80px)\" \/><img loading=\"lazy\" decoding=\"async\" class=\"global-image\" src=\"https:\/\/www.infobae.com\/resizer\/v2\/6ADQEX4ERNFHLHEJS7LOYSA2SI.jpeg?auth=2fc213952f53b2a2ba6cf4581b89d6b67bbcd4848438d47e75aad2073fe7c011&amp;smart=true&amp;width=350&amp;height=233&amp;quality=85\" alt=\"El recinto de sesiones de la Legislatura porte\u00f1a\" width=\"1170\" height=\"769\" \/><\/picture>El recinto de sesiones de la Legislatura porte\u00f1a<\/div>\n<\/div>\n<div class=\"body-blogging-article \">\n<p class=\"paragraph\">La Legislatura porte\u00f1a tratar\u00e1 este jueves la Ley de Enfermer\u00eda Profesional del Sistema P\u00fablico de Salud y<a href=\"https:\/\/www.infobae.com\/politica\/2024\/11\/28\/caba-la-legislatura-portena-tratara-un-proyecto-local-de-ficha-limpia-y-la-ley-de-enfermeria\/\" target=\"_blank\" rel=\"noopener\">\u00a0una iniciativa local de Ficha Limpia<\/a>. El proyecto de ley, que tiene la firma de la legisladora<b>\u00a0Aldana Crucitta<\/b>\u00a0(Uni\u00f3n C\u00edvica Radical), establece que no podr\u00e1n ser precandidatos a cargos electivos (desde la Jefatura de Gobierno hasta las juntas comunales) aquellas personas \u201cque se encuentren condenadas con penas privativas de la libertad, aunque la sentencia no se encuentre firme y la pena fuera de cumplimiento en suspenso\u201d.<\/p>\n<\/div>\n<div class=\"body-blogging-article \">\n<p class=\"paragraph\">Los delitos enumerados son cohecho y tr\u00e1fico de influencias, malversaci\u00f3n de caudales p\u00fablicos, negociaciones incompatibles con el ejercicio de funciones p\u00fablicas, exacciones ilegales, enriquecimiento il\u00edcito de funcionarios y empleados, encubrimiento, delito de fraude en perjuicio de la administraci\u00f3n p\u00fablica.<\/p>\n<\/div>\n<div class=\"body-blogging-article \">\n<p class=\"paragraph\">Tambi\u00e9n, delitos contra la seguridad de la naci\u00f3n, delitos contra la integridad sexual, delitos contra el estado civil de las personas, los delitos contra la libertad y deudores alimentarios incorporados en el Registro previsto en la Ley 269. Adem\u00e1s de aquellas infracciones que se incorporen a futuro en el C\u00f3digo Penal de la naci\u00f3n o por leyes especiales.<\/p>\n<\/div>\n<div class=\"body-blogging-article \">\n<p class=\"paragraph\">La inhabilitaci\u00f3n se extiende desde la existencia de la sentencia condenatoria en primera instancia hasta su eventual revocaci\u00f3n posterior. O hasta el cumplimiento de la pena correspondiente.<\/p>\n<div class=\"body-blogging-btm-line\"><\/div>\n<\/div>\n<\/div>\n<div id=\"parrafo_4\" class=\"body-blogging-container\">\n<div class=\"body-blogging-time-line\">\n<div class=\"body-blogging-time\"><span class=\"body-blogging-time-hour\">07:38\u00a0hs<\/span><span class=\"body-blogging-time-date\">Hoy<\/span><\/div>\n<div class=\"body-blogging-figures\">\n<div class=\"body-blogging-figures-big-circle\">\n<div class=\"body-blogging-figures-sm-circle\"><\/div>\n<\/div>\n<div class=\"body-blogging-figures-line\"><\/div>\n<\/div>\n<\/div>\n<div class=\"body-blogging-article \">\n<div class=\"article-header article-headline-live-blogging\">\n<h2 id=\"ficha-limpia:-que-dice-el-proyecto-de-ley-que-les-impide-a-los-politicos-condenados-ser-candidatos\" class=\"article-headline left article-headline-live-blogging\">Ficha Limpia: qu\u00e9 dice el proyecto de ley que les impide a los pol\u00edticos condenados ser candidatos<\/h2>\n<h3 class=\"article-subheadline left article-subheadline-live-blogging\">La C\u00e1mara de Diputados de la Naci\u00f3n sesionar\u00e1 este jueves para abordar el proyecto de ley de la diputada del PRO Silvia Lospennato. Qu\u00e9 delitos contempla la norma y c\u00f3mo podr\u00eda impactar en el tablero pol\u00edtico de cara a las elecciones legislativas del a\u00f1o pr\u00f3ximo<\/h3>\n<div class=\"byline byline-live-blogging\">\n<p class=\"authors-name-txt-ctn\">Por<a class=\"author-name\" href=\"https:\/\/www.infobae.com\/autor\/alejandro-caminos\/\" aria-label=\"Alejandro Caminos\">Alejandro Caminos<\/a><\/p>\n<\/div>\n<\/div>\n<div class=\"sharebar-container\">\n<div class=\"share-bar-article-date-container \"><\/div>\n<div class=\"sharebar-buttons-container\"><\/div>\n<\/div>\n<div class=\" visual-image\"><picture><source srcset=\"https:\/\/www.infobae.com\/resizer\/v2\/JQIEVTXRT5FNRLYXGWNAXEVWZI.jpg?auth=7cbcef4ac52d0574b314f8766acde220224982d48250d66fbe939f7e99a9c0c5&amp;smart=true&amp;width=992&amp;height=661&amp;quality=85\" media=\"(min-width: 1000px)\" \/><source srcset=\"https:\/\/www.infobae.com\/resizer\/v2\/JQIEVTXRT5FNRLYXGWNAXEVWZI.jpg?auth=7cbcef4ac52d0574b314f8766acde220224982d48250d66fbe939f7e99a9c0c5&amp;smart=true&amp;width=768&amp;height=512&amp;quality=85\" media=\"(min-width: 768px)\" \/><source srcset=\"https:\/\/www.infobae.com\/resizer\/v2\/JQIEVTXRT5FNRLYXGWNAXEVWZI.jpg?auth=7cbcef4ac52d0574b314f8766acde220224982d48250d66fbe939f7e99a9c0c5&amp;smart=true&amp;width=577&amp;height=385&amp;quality=85\" media=\"(min-width: 580px)\" \/><source srcset=\"https:\/\/www.infobae.com\/resizer\/v2\/JQIEVTXRT5FNRLYXGWNAXEVWZI.jpg?auth=7cbcef4ac52d0574b314f8766acde220224982d48250d66fbe939f7e99a9c0c5&amp;smart=true&amp;width=420&amp;height=280&amp;quality=85\" media=\"(min-width: 350px)\" \/><source srcset=\"https:\/\/www.infobae.com\/resizer\/v2\/JQIEVTXRT5FNRLYXGWNAXEVWZI.jpg?auth=7cbcef4ac52d0574b314f8766acde220224982d48250d66fbe939f7e99a9c0c5&amp;smart=true&amp;width=350&amp;height=233&amp;quality=85\" media=\"(min-width: 80px)\" \/><img loading=\"lazy\" decoding=\"async\" class=\"global-image\" src=\"https:\/\/www.infobae.com\/resizer\/v2\/JQIEVTXRT5FNRLYXGWNAXEVWZI.jpg?auth=7cbcef4ac52d0574b314f8766acde220224982d48250d66fbe939f7e99a9c0c5&amp;smart=true&amp;width=350&amp;height=233&amp;quality=85\" alt=\"Fotograf\u00eda de archivo del 27 de junio de 2024 donde se observa la C\u00e1mara de Diputados durante un debate en Buenos Aires (Argentina). EFE\/ Juan Ignacio Roncoroni\n\" width=\"5864\" height=\"3909\" \/><\/picture>Fotograf\u00eda de archivo del 27 de junio de 2024 donde se observa la C\u00e1mara de Diputados durante un debate en Buenos Aires (Argentina). EFE\/ Juan Ignacio Roncoroni<\/div>\n<p class=\"paragraph\">En una intensa semana de actividad parlamentaria \u2013y a pocos d\u00edas para la finalizaci\u00f3n del per\u00edodo de sesiones ordinarias-, el proyecto de ley\u00a0<a href=\"https:\/\/www.infobae.com\/tag\/ficha-limpia\/\" target=\"_blank\" rel=\"noopener\"><b>Ficha Limpia<\/b><\/a>\u00a0se tratar\u00e1 este jueves en la\u00a0<b>C\u00e1mara de Diputados<\/b>, en lo que ser\u00e1 un segundo intento para darle media sanci\u00f3n.<\/p>\n<div class=\"text-element\"><a class=\"paragraph\" href=\"https:\/\/www.infobae.com\/politica\/2024\/11\/26\/ficha-limpia-que-dice-el-proyecto-de-ley-que-les-impide-a-los-politicos-condenados-ser-candidatos\/\" target=\"_blank\" rel=\"noopener noreferrer\" aria-label=\"Ficha Limpia: qu\u00e9 dice el proyecto de ley que les impide a los pol\u00edticos condenados ser candidatos\"><b class=\"read-full-note\">Leer la nota completa<\/b><\/a><\/div>\n<div class=\"body-blogging-btm-line\"><\/div>\n<\/div>\n<\/div>\n<div id=\"parrafo_5\" class=\"body-blogging-container\">\n<div class=\"body-blogging-time-line\">\n<div class=\"body-blogging-time\"><span class=\"body-blogging-time-hour\">07:37\u00a0hs<\/span><span class=\"body-blogging-time-date\">Hoy<\/span><\/div>\n<div class=\"body-blogging-figures\">\n<div class=\"body-blogging-figures-big-circle\">\n<div class=\"body-blogging-figures-sm-circle\"><\/div>\n<\/div>\n<div class=\"body-blogging-figures-line\"><\/div>\n<\/div>\n<\/div>\n<div class=\"body-blogging-article \">\n<div class=\"article-header article-headline-live-blogging\">\n<h2 id=\"no-hay-dudas:-el-proyecto-de-ficha-limpia-alcanzaria-a-cristina-kirchner\" class=\"article-headline left article-headline-live-blogging\">No hay dudas: el proyecto de Ficha Limpia alcanzar\u00eda a Cristina Kirchner<\/h2>\n<h3 class=\"article-subheadline left article-subheadline-live-blogging\">El abogado constitucionalista y profesor de la Universidad de Buenos Aires (UBA) analiza el proyecto de ley que el Congreso de la Naci\u00f3n tratar\u00eda este jueves, en Diputados. Y en c\u00f3mo podr\u00eda afectar a la exvicepresidente<\/h3>\n<div class=\"byline byline-live-blogging\">\n<div class=\"byline-image-ctn\">\n<div class=\"author-image-header\">\n<div class=\"\"><picture><source srcset=\"https:\/\/www.infobae.com\/resizer\/v2\/https%3A%2F%2Fs3.amazonaws.com%2Farc-authors%2Finfobae%2F35b39f86-21e7-4c66-9136-98028993ffd6.jpg?auth=f4f7124a11be49a66899ca1a003c9d131891171d7c40a9d63a054021c49fd033&amp;smart=true&amp;width=40&amp;height=40&amp;quality=85\" media=\"(min-width: 80px)\" \/><img loading=\"lazy\" decoding=\"async\" class=\"global-image byline-author-image\" src=\"https:\/\/www.infobae.com\/resizer\/v2\/https%3A%2F%2Fs3.amazonaws.com%2Farc-authors%2Finfobae%2F35b39f86-21e7-4c66-9136-98028993ffd6.jpg?auth=f4f7124a11be49a66899ca1a003c9d131891171d7c40a9d63a054021c49fd033&amp;smart=true&amp;width=40&amp;height=40&amp;quality=85\" alt=\"F\u00e9lix  V. Lonigro\" width=\"1\" height=\"1\" \/><\/picture><\/div>\n<\/div>\n<\/div>\n<p class=\"authors-name-txt-ctn\">Por<a class=\"author-name\" href=\"https:\/\/www.infobae.com\/autor\/felix-v-lonigro\/\" aria-label=\"F\u00e9lix  V. Lonigro\">F\u00e9lix V. Lonigro<\/a><\/p>\n<\/div>\n<\/div>\n<div class=\"sharebar-container\">\n<div class=\"share-bar-article-date-container \"><\/div>\n<div class=\"sharebar-buttons-container\"><\/div>\n<\/div>\n<div class=\" visual-image\"><picture><source srcset=\"https:\/\/www.infobae.com\/resizer\/v2\/LXZLF3WFGHXV3N2QZAAYFQSO54.jpg?auth=78d5949f9819c66712c0ceeb5e4d9d480bc9f74c09e8d3e07e171c1200bdc478&amp;smart=true&amp;width=992&amp;height=661&amp;quality=85\" media=\"(min-width: 1000px)\" \/><source srcset=\"https:\/\/www.infobae.com\/resizer\/v2\/LXZLF3WFGHXV3N2QZAAYFQSO54.jpg?auth=78d5949f9819c66712c0ceeb5e4d9d480bc9f74c09e8d3e07e171c1200bdc478&amp;smart=true&amp;width=768&amp;height=512&amp;quality=85\" media=\"(min-width: 768px)\" \/><source srcset=\"https:\/\/www.infobae.com\/resizer\/v2\/LXZLF3WFGHXV3N2QZAAYFQSO54.jpg?auth=78d5949f9819c66712c0ceeb5e4d9d480bc9f74c09e8d3e07e171c1200bdc478&amp;smart=true&amp;width=577&amp;height=385&amp;quality=85\" media=\"(min-width: 580px)\" \/><source srcset=\"https:\/\/www.infobae.com\/resizer\/v2\/LXZLF3WFGHXV3N2QZAAYFQSO54.jpg?auth=78d5949f9819c66712c0ceeb5e4d9d480bc9f74c09e8d3e07e171c1200bdc478&amp;smart=true&amp;width=420&amp;height=280&amp;quality=85\" media=\"(min-width: 350px)\" \/><source srcset=\"https:\/\/www.infobae.com\/resizer\/v2\/LXZLF3WFGHXV3N2QZAAYFQSO54.jpg?auth=78d5949f9819c66712c0ceeb5e4d9d480bc9f74c09e8d3e07e171c1200bdc478&amp;smart=true&amp;width=350&amp;height=233&amp;quality=85\" media=\"(min-width: 80px)\" \/><img loading=\"lazy\" decoding=\"async\" class=\"global-image\" src=\"https:\/\/www.infobae.com\/resizer\/v2\/LXZLF3WFGHXV3N2QZAAYFQSO54.jpg?auth=78d5949f9819c66712c0ceeb5e4d9d480bc9f74c09e8d3e07e171c1200bdc478&amp;smart=true&amp;width=350&amp;height=233&amp;quality=85\" alt=\"ARCHIVO - La expresidenta argentina Cristina Fern\u00e1ndez habla durante la ceremonia de inauguraci\u00f3n del Microestadio N\u00e9stor Kirchner en Quilmes, Buenos Aires, Argentina, el 27 de abril de 2024. (AP Foto\/Gustavo Garello, Archivo)\" width=\"4500\" height=\"3000\" \/><\/picture>ARCHIVO &#8211; La expresidenta argentina Cristina Fern\u00e1ndez habla durante la ceremonia de inauguraci\u00f3n del Microestadio N\u00e9stor Kirchner en Quilmes, Buenos Aires, Argentina, el 27 de abril de 2024. (AP Foto\/Gustavo Garello, Archivo)<\/div>\n<p class=\"paragraph\">Una de las pol\u00e9micas de la coyuntura, es la que gira en derredor de lo que ocurrir\u00eda con\u00a0<b>Cristina Kirchner<\/b>, y su posibilidad de ser candidata en 2025, en el caso de que el Congreso sancionara la ley de\u00a0<b>Ficha Limpia<\/b>.<\/p>\n<div class=\"text-element\"><a class=\"paragraph\" href=\"https:\/\/www.infobae.com\/opinion\/2024\/11\/26\/no-hay-dudas-el-proyecto-de-ficha-limpia-alcanzaria-a-cristina-kirchner\/\" target=\"_blank\" rel=\"noopener noreferrer\" aria-label=\"No hay dudas: el proyecto de Ficha Limpia alcanzar\u00eda a Cristina Kirchner\"><b class=\"read-full-note\">Leer la nota completa<\/b><\/a><\/div>\n<div class=\"body-blogging-btm-line\"><\/div>\n<\/div>\n<\/div>\n<div id=\"parrafo_6\" class=\"body-blogging-container\">\n<div class=\"body-blogging-time-line\">\n<div class=\"body-blogging-time\"><span class=\"body-blogging-time-hour\">07:37\u00a0hs<\/span><span class=\"body-blogging-time-date\">Hoy<\/span><\/div>\n<div class=\"body-blogging-figures\">\n<div class=\"body-blogging-figures-big-circle\">\n<div class=\"body-blogging-figures-sm-circle\"><\/div>\n<\/div>\n<div class=\"body-blogging-figures-line\"><\/div>\n<\/div>\n<\/div>\n<div class=\"body-blogging-article \">\n<div class=\"article-header article-headline-live-blogging\">\n<h2 id=\"ficha-limpia:-confirmaron-el-pedido-de-sesion-para-el-jueves-y-el-pro-sale-a-buscar-los-votos\" class=\"article-headline left article-headline-live-blogging\">Ficha limpia: confirmaron el pedido de sesi\u00f3n para el jueves y el PRO sale a buscar los votos<\/h2>\n<h3 class=\"article-subheadline left article-subheadline-live-blogging\">De ser aprobado, el proyecto impedir\u00eda que las personas con condenas confirmadas por Casaci\u00f3n se presenten a competir en elecciones. Diputados tendr\u00e1 actividad todo el resto de la semana<\/h3>\n<div class=\"byline byline-live-blogging\">\n<div class=\"byline-image-ctn\">\n<div class=\"author-image-header\">\n<div class=\"\"><picture><source srcset=\"https:\/\/www.infobae.com\/resizer\/v2\/https%3A%2F%2Fauthor-service-images-prod-us-east-1.publishing.aws.arc.pub%2Finfobae%2F2a73d324-d57f-474f-ba9b-7de0a6cbe4ef.png?auth=987832b9bd1a6b2c035fbd13bb2a24a1dd5cebd6a69d0f2f1e74005fed2a4918&amp;smart=true&amp;width=40&amp;height=40&amp;quality=85\" media=\"(min-width: 80px)\" \/><img loading=\"lazy\" decoding=\"async\" class=\"global-image byline-author-image\" src=\"https:\/\/www.infobae.com\/resizer\/v2\/https%3A%2F%2Fauthor-service-images-prod-us-east-1.publishing.aws.arc.pub%2Finfobae%2F2a73d324-d57f-474f-ba9b-7de0a6cbe4ef.png?auth=987832b9bd1a6b2c035fbd13bb2a24a1dd5cebd6a69d0f2f1e74005fed2a4918&amp;smart=true&amp;width=40&amp;height=40&amp;quality=85\" alt=\"David Cay\u00f3n\" width=\"1\" height=\"1\" \/><\/picture><\/div>\n<\/div>\n<\/div>\n<p class=\"authors-name-txt-ctn\">Por<a class=\"author-name\" href=\"https:\/\/www.infobae.com\/autor\/david-cayon\/\" aria-label=\"David Cay\u00f3n\">David Cay\u00f3n<\/a><\/p>\n<\/div>\n<\/div>\n<div class=\"sharebar-container\">\n<div class=\"share-bar-article-date-container \"><\/div>\n<div class=\"sharebar-buttons-container\"><\/div>\n<\/div>\n<div class=\" visual-image\"><picture><source srcset=\"https:\/\/www.infobae.com\/resizer\/v2\/YVT43WW65RHZTMRLUUY7VVXX7A.jpg?auth=a2d91a05c3c8cf487fbb9a6c8d81068f985454fc44b46468d290247b6d293ec3&amp;smart=true&amp;width=992&amp;height=744&amp;quality=85\" media=\"(min-width: 1000px)\" \/><source srcset=\"https:\/\/www.infobae.com\/resizer\/v2\/YVT43WW65RHZTMRLUUY7VVXX7A.jpg?auth=a2d91a05c3c8cf487fbb9a6c8d81068f985454fc44b46468d290247b6d293ec3&amp;smart=true&amp;width=768&amp;height=576&amp;quality=85\" media=\"(min-width: 768px)\" \/><source srcset=\"https:\/\/www.infobae.com\/resizer\/v2\/YVT43WW65RHZTMRLUUY7VVXX7A.jpg?auth=a2d91a05c3c8cf487fbb9a6c8d81068f985454fc44b46468d290247b6d293ec3&amp;smart=true&amp;width=577&amp;height=433&amp;quality=85\" media=\"(min-width: 580px)\" \/><source srcset=\"https:\/\/www.infobae.com\/resizer\/v2\/YVT43WW65RHZTMRLUUY7VVXX7A.jpg?auth=a2d91a05c3c8cf487fbb9a6c8d81068f985454fc44b46468d290247b6d293ec3&amp;smart=true&amp;width=420&amp;height=315&amp;quality=85\" media=\"(min-width: 350px)\" \/><source srcset=\"https:\/\/www.infobae.com\/resizer\/v2\/YVT43WW65RHZTMRLUUY7VVXX7A.jpg?auth=a2d91a05c3c8cf487fbb9a6c8d81068f985454fc44b46468d290247b6d293ec3&amp;smart=true&amp;width=350&amp;height=263&amp;quality=85\" media=\"(min-width: 80px)\" \/><img loading=\"lazy\" decoding=\"async\" class=\"global-image\" src=\"https:\/\/www.infobae.com\/resizer\/v2\/YVT43WW65RHZTMRLUUY7VVXX7A.jpg?auth=a2d91a05c3c8cf487fbb9a6c8d81068f985454fc44b46468d290247b6d293ec3&amp;smart=true&amp;width=350&amp;height=263&amp;quality=85\" alt=\"El PRO quiere darle media sanci\u00f3n al proyecto de ficha limpia el pr\u00f3ximo jueves\" width=\"3762\" height=\"2693\" \/><\/picture>El PRO quiere darle media sanci\u00f3n al proyecto de ficha limpia el pr\u00f3ximo jueves<\/div>\n<p class=\"paragraph\">Una semana m\u00e1s tarde de la fallida sesi\u00f3n en la que el\u00a0<b>PRO<\/b>, la\u00a0<b>UCR<\/b>,\u00a0<b>Democracia para Siempre<\/b>, la\u00a0<b>Coalici\u00f3n C\u00edvica<\/b>,\u00a0<b>Encuentro Federal<\/b>\u00a0y\u00a0<b>La Libertad Avanza<\/b>\u00a0no alcanzaron el qu\u00f3rum para sesionar y tratar la\u00a0<a href=\"https:\/\/www.infobae.com\/tag\/ficha-limpia\/\" target=\"_blank\" rel=\"noopener\">ley de\u00a0<b>Ficha Limpia<\/b><\/a>, el partido presidido por Mauricio Macri realizar\u00e1 un nuevo intento para sesionar en Diputados, alcanzar los votos y darle media sanci\u00f3n a la norma.<\/p>\n<\/div>\n<\/div>\n<\/div>\n","protected":false},"excerpt":{"rendered":"<p>La sesi\u00f3n especial convocada para tratar en Diputados el proyecto de ley de\u00a0Ficha Limpia\u00a0fracas\u00f3 al no lograr el qu\u00f3rum necesario.\u00a0Este debate hab\u00eda sido solicitado por el diputado\u00a0Cristian Ritondo, jefe del bloque del PRO. 10:33\u00a0hsHoy Otra vez, fracas\u00f3 la sesi\u00f3n para tratar Ficha Limpia El PRO no logr\u00f3 reunir el qu\u00f3rum necesario.\u00a0Hubo importantes ausencias en el [&hellip;]<\/p>\n","protected":false},"author":2,"featured_media":22878,"comment_status":"closed","ping_status":"closed","sticky":false,"template":"","format":"standard","meta":{"footnotes":""},"categories":[79],"tags":[],"class_list":{"0":"post-22877","1":"post","2":"type-post","3":"status-publish","4":"format-standard","5":"has-post-thumbnail","7":"category-politica"},"_links":{"self":[{"href":"https:\/\/radiobitacora.com.ar\/web\/wp-json\/wp\/v2\/posts\/22877","targetHints":{"allow":["GET"]}}],"collection":[{"href":"https:\/\/radiobitacora.com.ar\/web\/wp-json\/wp\/v2\/posts"}],"about":[{"href":"https:\/\/radiobitacora.com.ar\/web\/wp-json\/wp\/v2\/types\/post"}],"author":[{"embeddable":true,"href":"https:\/\/radiobitacora.com.ar\/web\/wp-json\/wp\/v2\/users\/2"}],"replies":[{"embeddable":true,"href":"https:\/\/radiobitacora.com.ar\/web\/wp-json\/wp\/v2\/comments?post=22877"}],"version-history":[{"count":0,"href":"https:\/\/radiobitacora.com.ar\/web\/wp-json\/wp\/v2\/posts\/22877\/revisions"}],"wp:featuredmedia":[{"embeddable":true,"href":"https:\/\/radiobitacora.com.ar\/web\/wp-json\/wp\/v2\/media\/22878"}],"wp:attachment":[{"href":"https:\/\/radiobitacora.com.ar\/web\/wp-json\/wp\/v2\/media?parent=22877"}],"wp:term":[{"taxonomy":"category","embeddable":true,"href":"https:\/\/radiobitacora.com.ar\/web\/wp-json\/wp\/v2\/categories?post=22877"},{"taxonomy":"post_tag","embeddable":true,"href":"https:\/\/radiobitacora.com.ar\/web\/wp-json\/wp\/v2\/tags?post=22877"}],"curies":[{"name":"wp","href":"https:\/\/api.w.org\/{rel}","templated":true}]}}