{"id":22889,"date":"2024-11-28T11:19:34","date_gmt":"2024-11-28T14:19:34","guid":{"rendered":"https:\/\/radiobitacora.com.ar\/web\/?p=22889"},"modified":"2024-11-28T11:19:34","modified_gmt":"2024-11-28T14:19:34","slug":"el-presidente-milei-encabeza-la-reunion-de-gabinete-en-casa-rosada-en-medio-de-la-incertidumbre-por-el-presupuesto-2025","status":"publish","type":"post","link":"https:\/\/radiobitacora.com.ar\/web\/2024\/11\/28\/el-presidente-milei-encabeza-la-reunion-de-gabinete-en-casa-rosada-en-medio-de-la-incertidumbre-por-el-presupuesto-2025\/","title":{"rendered":"El presidente Milei encabeza la reuni\u00f3n de Gabinete en Casa Rosada, en medio de la incertidumbre por el Presupuesto 2025"},"content":{"rendered":"<p class=\"paragraph\" data-mrf-recirculation=\"Links inline\">El presidente\u00a0<b>Javier Milei encabeza en la Casa Rosada una reuni\u00f3n con su gabinete de ministros<\/b>, en medio de la incertidumbre sobre si el Gobierno convocar\u00e1 o no a sesiones extraordinarias en el Congreso Nacional y, si lo hace, con que temario ser\u00e1.<\/p>\n<p class=\"paragraph\" data-mrf-recirculation=\"Links inline\">La mayor expectativa gira alrededor de si incluir\u00e1 el Presupuesto 2025 en esa serie de temas a discutir en el Parlamento durante el mes de diciembre.<\/p>\n<div class=\"inline ad-wrapper\">\n<div class=\"dfpAd ad-inline\"><\/div>\n<\/div>\n<p class=\"paragraph\" data-mrf-recirculation=\"Links inline\">El martes, el Presidente se reuni\u00f3, como es habitual, con su mesa chica -integrada por su hermana y secretaria General de la Presidencia, Karina Milei, el jefe de Gabinete, Guillermo Francos; la ministra de Seguridad, Patricia Bullrich, el asesor presidencial Santiago Caputo, el presidente de la C\u00e1mara de Diputados, Mart\u00edn Menem y el vocero Manuel Adorni-, pero como suele suceder, no se filtr\u00f3 ning\u00fan detalle.<\/p>\n<p class=\"paragraph\" data-mrf-recirculation=\"Links inline\">Del encuentro que se realiza en el Sal\u00f3n Eva Per\u00f3n participan este jueves desde las 9.30, adem\u00e1s del primer mandatario y su hermana, Francos (el \u00faltimo en llegar a Balcarce 50), los ministros Federico Sturzenegger (Desregulaci\u00f3n y Transformaci\u00f3n del Estado), Luis Caputo (Econom\u00eda) Sandra Pettovello (Capital Humano), Mariano C\u00faneo Libarona (Justicia), Patricia Bullrich (Seguridad), Gerardo Werthein (Relaciones Exteriores), Mario Lugones (Salud), el secretario de Gabinete, Jos\u00e9 Rolandi y el del Interior, Lisandro Catal\u00e1n, el secretario de Legal y T\u00e9cnica, Javier Herrera Bravo y el vocero Adorni.<\/p>\n<div class=\"inline_2_DSK ad-wrapper ad-desktop\">\n<div class=\"dfpAd ad-inline\"><\/div>\n<\/div>\n<p class=\"paragraph\" data-mrf-recirculation=\"Links inline\">Est\u00e1n ausentes Luis Petri, quien viaj\u00f3 a Israel donde visitar\u00e1 a v\u00edctimas del ataque que la organizaci\u00f3n terrorista Hamas hizo el 7 de octubre de 2023 y tambi\u00e9n entablar\u00e1 negociaciones destinadas a la incorporaci\u00f3n de tecnolog\u00eda para su cartera de Defensa, el titular de la C\u00e1mara de Diputados, Mart\u00edn Menem -a las 10 ten\u00eda prevista la sesi\u00f3n en el Parlamento donde se iba a tratar el proyecto de Ficha Limpia que finalmente no logr\u00f3 el qu\u00f3rum necesario para su tratamiento- y el asesor Santiago Caputo.<\/p>\n<div class=\" visual__image\"><picture><source srcset=\"https:\/\/www.infobae.com\/resizer\/v2\/G4DUFBJSW5BOJCTIEJJDLA4MOI.jpg?auth=98e92970e390f84228e7e90646ca1cd09138b25064422b0334b3aa455e66d3d4&amp;smart=true&amp;width=992&amp;height=558&amp;quality=85\" media=\"(min-width: 1000px)\" \/><source srcset=\"https:\/\/www.infobae.com\/resizer\/v2\/G4DUFBJSW5BOJCTIEJJDLA4MOI.jpg?auth=98e92970e390f84228e7e90646ca1cd09138b25064422b0334b3aa455e66d3d4&amp;smart=true&amp;width=768&amp;height=432&amp;quality=85\" media=\"(min-width: 768px)\" \/><source srcset=\"https:\/\/www.infobae.com\/resizer\/v2\/G4DUFBJSW5BOJCTIEJJDLA4MOI.jpg?auth=98e92970e390f84228e7e90646ca1cd09138b25064422b0334b3aa455e66d3d4&amp;smart=true&amp;width=577&amp;height=325&amp;quality=85\" media=\"(min-width: 580px)\" \/><source srcset=\"https:\/\/www.infobae.com\/resizer\/v2\/G4DUFBJSW5BOJCTIEJJDLA4MOI.jpg?auth=98e92970e390f84228e7e90646ca1cd09138b25064422b0334b3aa455e66d3d4&amp;smart=true&amp;width=420&amp;height=236&amp;quality=85\" media=\"(min-width: 350px)\" \/><source srcset=\"https:\/\/www.infobae.com\/resizer\/v2\/G4DUFBJSW5BOJCTIEJJDLA4MOI.jpg?auth=98e92970e390f84228e7e90646ca1cd09138b25064422b0334b3aa455e66d3d4&amp;smart=true&amp;width=350&amp;height=197&amp;quality=85\" media=\"(min-width: 80px)\" \/><img loading=\"lazy\" decoding=\"async\" class=\"global-image\" src=\"https:\/\/www.infobae.com\/resizer\/v2\/G4DUFBJSW5BOJCTIEJJDLA4MOI.jpg?auth=98e92970e390f84228e7e90646ca1cd09138b25064422b0334b3aa455e66d3d4&amp;smart=true&amp;width=350&amp;height=197&amp;quality=85\" alt=\"\" width=\"1920\" height=\"1080\" \/><\/picture><\/div>\n<p class=\"paragraph\" data-mrf-recirculation=\"Links inline\">Aunque en la \u00faltima semana el grupo de los 10 gobernadores m\u00e1s cercanos al oficialismo, los enrolados en lo que fuera Juntos por el Cambio, insisti\u00f3 con solicitar encuentros con autoridades nacionales con el objetivo a avanzar en las tratativas para que se traten sus reclamos y se avance con el Presupuesto, desde la Rosada no hubo se\u00f1ales de acercamiento.<\/p>\n<p class=\"paragraph\" data-mrf-recirculation=\"Links inline\">Los mandatarios provinciales resignaron alguno de los puntos a negociar, pero ni as\u00ed consiguieron aflojar las tensiones. Originalmente hab\u00edan pedido que se discutiera la coparticipaci\u00f3n de los Aportes del Tesoro no distribuidos durante esta administraci\u00f3n. Desde el Ejecutivo no hubo respuestas.<\/p>\n<p class=\"paragraph\" data-mrf-recirculation=\"Links inline\">En la Rosada se insiste con que se debe aprobar el Presupuesto tal como lo diagram\u00f3 Milei, con la premisa de mantener \u201cel d\u00e9ficit cero\u201d como emblema principal. Desde esa mirada no existir\u00edan problema en prorrogar una vez m\u00e1s la rendici\u00f3n de gastos del 2023 y disponer de los recursos discrecionalmente. Dicen que quienes m\u00e1s interesados se muestran en contar con la llamada \u201cley de leyes\u201d son los gobernadores, porque con esa herramienta logran mayor previsibilidad y se aseguran ingresos que de otra manera no obtendr\u00edan.<\/p>\n<p class=\"paragraph\" data-mrf-recirculation=\"Links inline\">Sugestivamente, ayer, el jefe de Gabinete concurri\u00f3 al Senado para dar su informe de gesti\u00f3n donde se mostr\u00f3 junto a la vicepresidente Victoria Villarruel y respondi\u00f3 casi 1.100 preguntas de los legisladores pero no hizo menci\u00f3n al tema del Presupuesto.<\/p>\n<p class=\"paragraph\" data-mrf-recirculation=\"Links inline\">Por el momento se mantiene la inc\u00f3gnita sobre si el oficialismo convocar\u00e1 a extraordinarias. Si lo hace se especula que los dos proyectos que incluir\u00e1 ser\u00e1n la eliminaci\u00f3n de las elecciones Primarias, Abiertas, Simult\u00e1neas y Obligatorias (PASO) dentro de su idea de una reforma electoral que es a\u00fan m\u00e1s profunda y los pliegos de los jueces<b>\u00a0<\/b>Ariel Lijo y Manuel Garc\u00eda Mansilla para completar la composici\u00f3n de la Corte Suprema de Justicia por las jubilaciones de Elena Highton de Nolasco y de Juan Carlos Maqueda.<\/p>\n","protected":false},"excerpt":{"rendered":"<p>El presidente\u00a0Javier Milei encabeza en la Casa Rosada una reuni\u00f3n con su gabinete de ministros, en medio de la incertidumbre sobre si el Gobierno convocar\u00e1 o no a sesiones extraordinarias en el Congreso Nacional y, si lo hace, con que temario ser\u00e1. La mayor expectativa gira alrededor de si incluir\u00e1 el Presupuesto 2025 en esa [&hellip;]<\/p>\n","protected":false},"author":2,"featured_media":22890,"comment_status":"closed","ping_status":"closed","sticky":false,"template":"","format":"standard","meta":{"footnotes":""},"categories":[79],"tags":[],"class_list":{"0":"post-22889","1":"post","2":"type-post","3":"status-publish","4":"format-standard","5":"has-post-thumbnail","7":"category-politica"},"_links":{"self":[{"href":"https:\/\/radiobitacora.com.ar\/web\/wp-json\/wp\/v2\/posts\/22889","targetHints":{"allow":["GET"]}}],"collection":[{"href":"https:\/\/radiobitacora.com.ar\/web\/wp-json\/wp\/v2\/posts"}],"about":[{"href":"https:\/\/radiobitacora.com.ar\/web\/wp-json\/wp\/v2\/types\/post"}],"author":[{"embeddable":true,"href":"https:\/\/radiobitacora.com.ar\/web\/wp-json\/wp\/v2\/users\/2"}],"replies":[{"embeddable":true,"href":"https:\/\/radiobitacora.com.ar\/web\/wp-json\/wp\/v2\/comments?post=22889"}],"version-history":[{"count":0,"href":"https:\/\/radiobitacora.com.ar\/web\/wp-json\/wp\/v2\/posts\/22889\/revisions"}],"wp:featuredmedia":[{"embeddable":true,"href":"https:\/\/radiobitacora.com.ar\/web\/wp-json\/wp\/v2\/media\/22890"}],"wp:attachment":[{"href":"https:\/\/radiobitacora.com.ar\/web\/wp-json\/wp\/v2\/media?parent=22889"}],"wp:term":[{"taxonomy":"category","embeddable":true,"href":"https:\/\/radiobitacora.com.ar\/web\/wp-json\/wp\/v2\/categories?post=22889"},{"taxonomy":"post_tag","embeddable":true,"href":"https:\/\/radiobitacora.com.ar\/web\/wp-json\/wp\/v2\/tags?post=22889"}],"curies":[{"name":"wp","href":"https:\/\/api.w.org\/{rel}","templated":true}]}}