{"id":22958,"date":"2024-12-02T09:05:50","date_gmt":"2024-12-02T12:05:50","guid":{"rendered":"https:\/\/radiobitacora.com.ar\/web\/?p=22958"},"modified":"2024-12-02T09:05:50","modified_gmt":"2024-12-02T12:05:50","slug":"el-gobierno-oficializo-los-cambios-para-compras-en-el-exterior","status":"publish","type":"post","link":"https:\/\/radiobitacora.com.ar\/web\/2024\/12\/02\/el-gobierno-oficializo-los-cambios-para-compras-en-el-exterior\/","title":{"rendered":"El Gobierno oficializ\u00f3 los cambios para compras en el exterior"},"content":{"rendered":"<p>El Gobierno elev\u00f3 el l\u00edmite para las compras en el exterior a trav\u00e9s de couriers. \u201cEn el contexto econ\u00f3mico imperante, resulta necesaria la toma de medidas en pos de la libre circulaci\u00f3n de mercader\u00edas a fin de la facilitaci\u00f3n y simplificaci\u00f3n del comercio\u201d, sostiene el decreto publicado este lunes en el Bolet\u00edn Oficial.<\/p>\n<div class=\"container-spot\" data-tipo=\"tipo_todo\" data-pos=\"NEW_P1_cuerpo\"><\/div>\n<p>\u201cEl cumplimiento de esos objetivos permitir\u00e1 adem\u00e1s estabilizar los precios internos a niveles convenientes y mantener un volumen de oferta adecuado a las necesidades de abastecimiento del mercado interno\u201d, destaca.<\/p>\n<p>A trav\u00e9s de un comunicado, la Agencia de Recaudaci\u00f3n y Control Aduanero (ARCA) inform\u00f3 que el l\u00edmite del valor FOB para la importaci\u00f3n de mercader\u00eda pasar\u00e1 de US$1000 a US$3000.<\/p>\n<div class=\"container-spot\" data-tipo=\"tipo_todo\" data-pos=\"NEW_P2_cuerpo\"><\/div>\n<p>La medida derog\u00f3 m\u00e1s de 15 reglamentaciones anteriores. En ese sentido, destacaron: \u201cResponde a la necesidad de facilitar y agilizar el comercio exterior, adaptando las normativas a las demandas actuales del sector\u201d.<\/p>\n<p>Adem\u00e1s, anunciaron que las compras personales menores a US$400 por env\u00edo no pagar\u00e1n aranceles. En estos casos, los usuarios deber\u00e1n pagar solo el IVA de los productos.<\/p>\n<div class=\"container-spot\" data-tipo=\"tipo_todo\" data-pos=\"NEW_P3_cuerpo\"><\/div>\n<p>Desde la ARCA expresaron que \u201ceste cambio busca promover un entorno m\u00e1s din\u00e1mico y accesible para las operaciones comerciales, tanto con fines comerciales como personales\u201d.<\/p>\n<p>El tope de US$3000 lo hab\u00eda establecido la administraci\u00f3n de Mauricio Macri en 2018, pero ante la escasez de d\u00f3lares, el gobierno de Alberto Fern\u00e1ndez decidi\u00f3 volver a restringir las compras en el exterior en septiembre de 2022. En ese entonces el gobierno para justificar la medida dijeron que algunos aprovechaban esta opci\u00f3n para ingresar mercader\u00eda que deb\u00eda entrar por el r\u00e9gimen general de importaciones.<\/p>\n<div class=\"container-spot\" data-tipo=\"tipo_todo\" data-pos=\"NEW_P4_cuerpo\"><\/div>\n<p>Con esta normativa se van a igualar las condiciones con el llamado \u201cpuerta a puerta\u201d del Correo Argentino, que est\u00e1 reservado a las personas humanas para mercader\u00edas con un valor de compra (costo de la mercader\u00eda + seguro + flete) que no supere los US$3000 y los 20 kilos por paquete: deber\u00e1 ser para uso personal y su especie y cantidad no deben tener finalidad comercial.<\/p>\n<p>Adem\u00e1s, la ARCA estableci\u00f3 un marco sancionatorio claro para abordar posibles incumplimientos por parte de los servicios puerta a puerta o courier en el ejercicio de sus actividades. \u201cLa agencia reafirma su compromiso con la modernizaci\u00f3n y mejora continua del sistema aduanero, buscando siempre fomentar un comercio exterior m\u00e1s eficiente y accesible para todos los actores involucrados\u201d, concluye el comunicado.<\/p>\n<div class=\"container-spot\" data-tipo=\"tipo_todo\" data-pos=\"NEW_P5_cuerpo\"><\/div>\n<p><strong>Nuevo l\u00edmite para importaciones a trav\u00e9s de \u201cpuerta a puerta\u201d: los pasos a seguir<\/strong><\/p>\n<p>Seg\u00fan explicaron desde el ente regulador, estos son los pasos a seguir:<\/p>\n<div class=\"container-spot\" data-tipo=\"tipo_todo\" data-pos=\"NEW_P6_cuerpo\"><\/div>\n<ul>\n<li>El tr\u00e1mite puede ser en nombre de una persona humana como jur\u00eddica.<\/li>\n<li>Se necesita tener acceso a un medio de pago habilitado para comprar en el exterior.<\/li>\n<li>Se requiere tener CUIT y la clave fiscal con nivel de seguridad 3.<\/li>\n<li>Luego de efectuar la compra hay que ingresar en la p\u00e1gina de ARCA. Ir a la secci\u00f3n de \u201cEnv\u00edos Postales Internacionales\u201d para declarar la recepci\u00f3n de la mercader\u00eda. Si en los pr\u00f3ximos 30 d\u00edas corridos de recibir la mercader\u00eda no se hace el registro, la persona no podr\u00e1 volver a usar este beneficio.<\/li>\n<li>Finalmente, vale recordar que en octubre se elimin\u00f3 el sistema CUSE, para simplificar normativas y reducir costos asociados a la regulaci\u00f3n.<\/li>\n<\/ul>\n","protected":false},"excerpt":{"rendered":"<p>El Gobierno elev\u00f3 el l\u00edmite para las compras en el exterior a trav\u00e9s de couriers. \u201cEn el contexto econ\u00f3mico imperante, resulta necesaria la toma de medidas en pos de la libre circulaci\u00f3n de mercader\u00edas a fin de la facilitaci\u00f3n y simplificaci\u00f3n del comercio\u201d, sostiene el decreto publicado este lunes en el Bolet\u00edn Oficial. \u201cEl cumplimiento [&hellip;]<\/p>\n","protected":false},"author":2,"featured_media":22959,"comment_status":"closed","ping_status":"closed","sticky":false,"template":"","format":"standard","meta":{"footnotes":""},"categories":[79],"tags":[],"class_list":{"0":"post-22958","1":"post","2":"type-post","3":"status-publish","4":"format-standard","5":"has-post-thumbnail","7":"category-politica"},"_links":{"self":[{"href":"https:\/\/radiobitacora.com.ar\/web\/wp-json\/wp\/v2\/posts\/22958","targetHints":{"allow":["GET"]}}],"collection":[{"href":"https:\/\/radiobitacora.com.ar\/web\/wp-json\/wp\/v2\/posts"}],"about":[{"href":"https:\/\/radiobitacora.com.ar\/web\/wp-json\/wp\/v2\/types\/post"}],"author":[{"embeddable":true,"href":"https:\/\/radiobitacora.com.ar\/web\/wp-json\/wp\/v2\/users\/2"}],"replies":[{"embeddable":true,"href":"https:\/\/radiobitacora.com.ar\/web\/wp-json\/wp\/v2\/comments?post=22958"}],"version-history":[{"count":0,"href":"https:\/\/radiobitacora.com.ar\/web\/wp-json\/wp\/v2\/posts\/22958\/revisions"}],"wp:featuredmedia":[{"embeddable":true,"href":"https:\/\/radiobitacora.com.ar\/web\/wp-json\/wp\/v2\/media\/22959"}],"wp:attachment":[{"href":"https:\/\/radiobitacora.com.ar\/web\/wp-json\/wp\/v2\/media?parent=22958"}],"wp:term":[{"taxonomy":"category","embeddable":true,"href":"https:\/\/radiobitacora.com.ar\/web\/wp-json\/wp\/v2\/categories?post=22958"},{"taxonomy":"post_tag","embeddable":true,"href":"https:\/\/radiobitacora.com.ar\/web\/wp-json\/wp\/v2\/tags?post=22958"}],"curies":[{"name":"wp","href":"https:\/\/api.w.org\/{rel}","templated":true}]}}