{"id":22994,"date":"2024-12-05T09:23:18","date_gmt":"2024-12-05T12:23:18","guid":{"rendered":"https:\/\/radiobitacora.com.ar\/web\/?p=22994"},"modified":"2024-12-05T09:23:18","modified_gmt":"2024-12-05T12:23:18","slug":"la-pobreza-llego-a-casi-el-50-en-octubre-y-sigue-cerca-de-maximos-en-dos-decadas","status":"publish","type":"post","link":"https:\/\/radiobitacora.com.ar\/web\/2024\/12\/05\/la-pobreza-llego-a-casi-el-50-en-octubre-y-sigue-cerca-de-maximos-en-dos-decadas\/","title":{"rendered":"La pobreza lleg\u00f3 a casi el 50% en octubre y sigue cerca de m\u00e1ximos en dos d\u00e9cadas"},"content":{"rendered":"<p>La pobreza se ubic\u00f3 en el 49,9% en octubre pasado, seg\u00fan el relevamiento que hace la Universidad Cat\u00f3lica Argentina (UCA), mientras que la indigencia para el mismo per\u00edodo alcanz\u00f3 al 12,9% de la poblaci\u00f3n. Las cifras representan un incremento importante respecto a los niveles registrados al final del tercer trimestre del a\u00f1o pasado (44,7%), y son inferiores al pico observado durante el primer trimestre de 2024 (55,9%). De todos modos, los valores actuales se mantienen cerca de m\u00e1ximos en las \u00faltimas dos d\u00e9cadas.<\/p>\n<p>Estos datos surgen del informe de investigaci\u00f3n &#8220;Deudas sociales en la Argentina del siglo XXI (2004-2024). Fin de ciclo y futuro abierto&#8221;, que fue presentado por el director del ODSA, Agust\u00edn Salvia, quien asegur\u00f3: &#8220;En estos \u00faltimos 20 a\u00f1os hubo crecimiento, estancamiento y una crisis sist\u00e9mica. Se trata un agotamiento del modelo pol\u00edtico econ\u00f3mico que fue fallido, donde hab\u00eda consumo financiado con d\u00e9ficit y luego endeudamiento&#8221;.<\/p>\n<p>Para Salvia, &#8220;con este proceso agotado era necesario desarmar las trampas que nos llevaron al subdesarrollo y la pobreza&#8221; y mencion\u00f3 que el ajuste (devaluaci\u00f3n, eliminaci\u00f3n de la inversi\u00f3n privada y ca\u00edda del gasto p\u00fablico) que llev\u00f3 a cabo el presidente Javier Milei tuvo fuertes consecuencias en la calidad de vida de la poblaci\u00f3n pero que no tuvo la magnitud que podr\u00eda haber alcanzado. Por ello -se\u00f1al\u00f3- estamos en un &#8220;proceso de transici\u00f3n&#8221;.<\/p>\n<p>Si se toman en cuenta los datos oficiales que publica el Instituto Nacional de Estad\u00edstica y Censos (INDEC), y se los analiza por trimestre, se puede evidenciar que el pico en la tasa de pobreza sucedi\u00f3 en el primer trimestre de este a\u00f1o, cuando la EPH alcanz\u00f3 el 54,9% de la poblaci\u00f3n y la indigencia, el 20,3% producto de las pol\u00edticas de ajuste y devaluaci\u00f3n, pero luego comenz\u00f3 el paulatino descenso.<br \/>\nTambi\u00e9n en base a los datos del INDEC, en el segundo trimestre la pobreza alcanz\u00f3 el 51% y la indigencia el 15,8%, dijo la UCA. A su vez, seg\u00fan proyecciones que realiz\u00f3 el Observatorio en funci\u00f3n a los microdatos de la EPH, la pobreza durante el tercer trimestre estar\u00eda en el 46,8%, mientras que en octubre seguir\u00eda bajando al 44,6% (para la indigencia ser\u00eda del 12,9% y 11,6%, respectivamente), niveles superiores a las cifras que calcula la UCA.<\/p>\n<p>Pese a esto, aclararon que si bien &#8220;las estimaciones dan cuenta de la continuidad de esta tendencia durante el tercer trimestre de este a\u00f1o, todav\u00eda est\u00e1 en niveles superiores de 2022 y 2023&#8221;. &#8220;La ca\u00edda de la inflaci\u00f3n y que no creci\u00f3 el desempleo&#8221;, fueron dos de las causas mencionadas por Salvia en cuando a la mejora de la medici\u00f3n de la pobreza contra el trimestre anterior.<\/p>\n<p>Pero, a pesar de estos guarismos, a\u00fan es preocupante la pobreza y la indigencia en las infancias. Actualmente dos de cada 10 ni\u00f1os viven en pobreza extrema, mientras que el 65,5% de los chicos entre 0 y 17 a\u00f1os son pobres. Quiz\u00e1s el dato m\u00e1s relevante sea que el \u00edndice no para de empeorar desde 2018.<\/p>\n<p><strong>El bolsillo no alcanza: alimentos, servicios, educaci\u00f3n y salud<\/strong><\/p>\n<p>En cuanto a la insuficiencia de ingresos, el relevamiento realizado por el Observatorio de la UCA relev\u00f3 que hay un 47% de los hogares que manifiesta que no le alcanza el dinero para cubrir sus necesidades. Esta cifra se eleva hasta el 75,3% en el caso de los estratos m\u00e1s bajos.<\/p>\n<p>&#8220;La poblaci\u00f3n no siente alivio en el bolsillo porque si bien baj\u00f3 la inflaci\u00f3n cambiaron los gastos fijos en los hogares destinados a pagar servicios como luz o agua. A su vez en el IPC no est\u00e1 bien representada esta ponderaci\u00f3n. La mejora en la inflaci\u00f3n no est\u00e1 yendo al consumo&#8221;, explic\u00f3 Salvia.<\/p>\n<p>Es por eso que, en estos momentos, solo uno de cada 10 hogares urbanos tiene capacidad de ahorro corriente mensual. Pero el dato que prende las alarmas es el de la inseguridad alimentaria: en uno de cada cuatro hogares no se logra comer adecuadamente o se redujo la dieta y en el caso de la inseguridad alimentaria severa sucede en uno de cada diez hogares.<\/p>\n<p>El informe tambi\u00e9n revela que un 36,3% de los hogares recibe asistencia econ\u00f3mica directa o indirecta por parte del Estado Nacional, provincial o municipal. Adem\u00e1s, &#8220;entre 2023 y 2024 se incrementaron los hogares que tuvieron que realizar recortes en atenci\u00f3n m\u00e9dica u odontolog\u00eda, particularmente entre los hogares de nivel socioecon\u00f3mico bajo o muy bajo&#8221;, a\u00f1adieron.<\/p>\n<p>A su vez se observ\u00f3 que en todos los estratos hubo un incremento importante en la dificultad para acceder a medicamentos por motivos econ\u00f3micos, tambi\u00e9n, en este caso, un problema m\u00e1s acentuado entre los hogares de nivel bajo y muy bajo. A su vez, en tres de cada 10 hogares hubo problemas este a\u00f1o para pagar alg\u00fan servicio p\u00fablico, una cifra similar en el caso de las tasas o impuestos.<\/p>\n<p>En cuanto a la calidad del empleo, un 60% de la poblaci\u00f3n tiene trabajo precario o est\u00e1 desempleado (8,9% directamente no trabaja, un 23,6% &#8220;hace changas&#8221;, y un 27,8% tiene empleo precario, o sea no aporta a la seguridad social). De estos datos se puede determinar que si se suma el subempleo inestable a la cifra de desempleo, \u00e9sta alcanzar\u00eda el 32%.<\/p>\n","protected":false},"excerpt":{"rendered":"<p>La pobreza se ubic\u00f3 en el 49,9% en octubre pasado, seg\u00fan el relevamiento que hace la Universidad Cat\u00f3lica Argentina (UCA), mientras que la indigencia para el mismo per\u00edodo alcanz\u00f3 al 12,9% de la poblaci\u00f3n. Las cifras representan un incremento importante respecto a los niveles registrados al final del tercer trimestre del a\u00f1o pasado (44,7%), y [&hellip;]<\/p>\n","protected":false},"author":2,"featured_media":22995,"comment_status":"closed","ping_status":"closed","sticky":false,"template":"","format":"standard","meta":{"footnotes":""},"categories":[86],"tags":[],"class_list":{"0":"post-22994","1":"post","2":"type-post","3":"status-publish","4":"format-standard","5":"has-post-thumbnail","7":"category-sociedad"},"_links":{"self":[{"href":"https:\/\/radiobitacora.com.ar\/web\/wp-json\/wp\/v2\/posts\/22994","targetHints":{"allow":["GET"]}}],"collection":[{"href":"https:\/\/radiobitacora.com.ar\/web\/wp-json\/wp\/v2\/posts"}],"about":[{"href":"https:\/\/radiobitacora.com.ar\/web\/wp-json\/wp\/v2\/types\/post"}],"author":[{"embeddable":true,"href":"https:\/\/radiobitacora.com.ar\/web\/wp-json\/wp\/v2\/users\/2"}],"replies":[{"embeddable":true,"href":"https:\/\/radiobitacora.com.ar\/web\/wp-json\/wp\/v2\/comments?post=22994"}],"version-history":[{"count":0,"href":"https:\/\/radiobitacora.com.ar\/web\/wp-json\/wp\/v2\/posts\/22994\/revisions"}],"wp:featuredmedia":[{"embeddable":true,"href":"https:\/\/radiobitacora.com.ar\/web\/wp-json\/wp\/v2\/media\/22995"}],"wp:attachment":[{"href":"https:\/\/radiobitacora.com.ar\/web\/wp-json\/wp\/v2\/media?parent=22994"}],"wp:term":[{"taxonomy":"category","embeddable":true,"href":"https:\/\/radiobitacora.com.ar\/web\/wp-json\/wp\/v2\/categories?post=22994"},{"taxonomy":"post_tag","embeddable":true,"href":"https:\/\/radiobitacora.com.ar\/web\/wp-json\/wp\/v2\/tags?post=22994"}],"curies":[{"name":"wp","href":"https:\/\/api.w.org\/{rel}","templated":true}]}}