{"id":22997,"date":"2024-12-05T09:31:48","date_gmt":"2024-12-05T12:31:48","guid":{"rendered":"https:\/\/radiobitacora.com.ar\/web\/?p=22997"},"modified":"2024-12-05T09:31:48","modified_gmt":"2024-12-05T12:31:48","slug":"valdes-llamo-a-construir-el-futuro-con-vamos-corrientes","status":"publish","type":"post","link":"https:\/\/radiobitacora.com.ar\/web\/2024\/12\/05\/valdes-llamo-a-construir-el-futuro-con-vamos-corrientes\/","title":{"rendered":"Vald\u00e9s llam\u00f3 a &#8220;construir el futuro con Vamos Corrientes&#8221;"},"content":{"rendered":"<p>El gobernador Gustavo Vald\u00e9s encabez\u00f3 este mi\u00e9rcoles un acto en la ciudad de Curuz\u00fa Cuati\u00e1, junto al intendente local, Jos\u00e9 Irigoyen, instando a &#8220;construir el futuro con Vamos Corrientes&#8221;, de cara a los pr\u00f3ximos desaf\u00edos electorales en la provincia. Tuvo lugar a la noche, luego de varias actividades oficiales durante el d\u00eda con inauguraciones, en el Club Deportivo Curuz\u00fa, donde convocaron a una multitud que expres\u00f3 su apoyo al actual mandatario provincial, quien traz\u00f3 all\u00ed el rumbo a seguir por su sucesor, continuando con la industrializaci\u00f3n de la provincia para generar mayores puestos laborales, la apuesta a la modernizaci\u00f3n de la educaci\u00f3n, mediante la ciencia y la tecnolog\u00eda, la estrategia com\u00fan de las provincias que integran la Regi\u00f3n Litoral para lograr mayor federalismo con la Hidrov\u00eda y la energ\u00eda, la solidaridad con los pa\u00edses vecinos y &#8220;la apuesta al cambio para tener un pa\u00eds ordenado&#8221;.<br \/>\nAl pronunciar su discurso en el club ubicado en ber\u00f3n de Astrada 1050 de la ciudad curuzucuate\u00f1a, el gobernador Vald\u00e9s sostuvo que &#8220;la fortaleza m\u00e1s grande que tiene esta alianza social y pol\u00edtica son sus intendentes y concejales que representan a la inmensa mayor\u00eda de los correntinos&#8221; y aclar\u00f3 que &#8220;nosotros no somos personalistas, el poder no reside en una sola persona, porque si fueramos as\u00ed, con los dos tercios de ambas c\u00e1maras hubi\u00e9semos reformado la Constituci\u00f3n provincial; y no lo hicimos, porque somos un espacio pol\u00edtico conformado por un gran equipo, no por una sola persona que quiere perpetuarse en el poder, por eso lo primero que dijimos es que no queremos la reelecci\u00f3n indefinida de un gobernador&#8221;.<br \/>\nVald\u00e9s tambi\u00e9n valor\u00f3 el rol de los partidos pol\u00edticos en la sociedad, afirmando que &#8220;son fundamentales para construir la provincia que queremos&#8221;, por lo que brind\u00f3 el respectivo reconocimiento a sus dirigentes, porque &#8220;los partidos pol\u00edticos son parte de la construcci\u00f3n de un pueblo que quiere salir adelante y progresar&#8221;.<br \/>\nEl mandatario provincial luego reivindic\u00f3\u00a0a los pr\u00f3ceres correntinos Pedro Ferre y Joaqu\u00edn Madariaga Por sus hist\u00f3ricas luchas contra &#8220;el centralismo porte\u00f1o&#8221;, hasta llegar a la Constituci\u00f3n Nacional\u00a0en 1.853 y el\u00a0Tratado del Cuadril\u00e1tero, entendiendo que &#8220;hoy con la Hidrov\u00eda veo que seguimos peleando por lo mismo&#8221;. En este sentido, indic\u00f3 que &#8220;Corrientes ya se revelaba por los derechos del Puerto de Buenos Aires y acaso no es lo mismo lo que estamos peleando hoy?&#8230; junto al los gobernadores de Entre R\u00edos, Chaco,Misiones, Santa Fe y Formosa, provincias que nos honran a Corrientes Para seguir peleando por lo mismo despu\u00e9s de 200 a\u00f1os&#8221;. Vald\u00e9s se refiri\u00f3 con ello a su designaci\u00f3n como presidente pro t\u00e9mpore de la Regi\u00f3n Litoral.<br \/>\nFue as\u00ed que el mandatario correntino marc\u00f3 que Vamos Corrientes &#8220;tiene que ser una alianza con contenido\u00a0100% federal y la pelea por el federalismo es todos los d\u00edas, porque con nuestros senadores y diputados tenemos que pelear en el Congreso de la Naci\u00f3n, donde se deciden cuestiones m\u00e1s federales o m\u00e1s centralistas&#8221;. En este sentido,ejemplific\u00f3: &#8220;En el Presupuesto Nacional estamos pidiendo que el impuesto al combustible que pagamos no se vaya todo a la Naci\u00f3n&#8221;, adem\u00e1s de mencionar otros impuestos nacionales que se recaudan en las provincias para sentenciar que &#8220;el federalismo y el unitarismo no son cuestiones de historia, sino una lucha que todav\u00eda la seguimos debate&#8221;.<\/p>\n<div class=\"container-spot\" data-tipo=\"tipo_todo\" data-pos=\"NEW_P1_cuerpo\"><\/div>\n<p>&nbsp;<\/p>\n<div class=\"fixed-container direction-center\"><img decoding=\"async\" class=\"i-amphtml-fill-content i-amphtml-replaced-content\" title=\"Vald\u00e9s llam\u00f3 a &quot;construir el futuro con Vamos Corrientes&quot;-\" src=\"https:\/\/pxcdn.ellitoral.com.ar\/litoral\/122024\/1733392333994.jpg?cw=807\" alt=\"Vald\u00e9s llam\u00f3 a &quot;construir el futuro con Vamos Corrientes&quot;\" \/><\/div>\n<p>&nbsp;<\/p>\n<p>&#8220;Tenemos que tener diputados y senadores nacionales que se planten y defiendan los intereses de Corrientes honrando la historia de nuestra provincia&#8221;, exclam\u00f3 para luego reivindicar la figura de Ra\u00fal Alfons\u00edn que &#8220;nos dio la democracia para siempre&#8221;.<\/p>\n<div class=\"container-spot\" data-tipo=\"tipo_todo\" data-pos=\"NEW_P2_cuerpo\"><\/div>\n<p>En tanto sobre el futuro, breg\u00f3 por una provincia y un pa\u00eds que &#8220;le de oportunidades al campo y a la industria d\u00e1ndoles competitividad y puedan generar puestos de trabajo&#8221;, entendiendo que &#8220;tenemos que hacer una patria mejor distribuida, donde todos tengamos la oportunidad de crecer y desarrollarnos&#8221;. As\u00ed fue que advirti\u00f3: &#8220;Si la Naci\u00f3n no corrige su rumbo, las provincias no podremos tener destino justo y tenemos que tener la fortaleza de cambiar a la Argentina&#8221;, agreg\u00f3..<\/p>\n<p>Al respecto, Vald\u00e9s fue preciso al decir que &#8220;nuestro espacio pol\u00edtico apoy\u00f3 y se jug\u00f3 por el cambio, por lo tanto somos lo nuevo y por eso estamos incorporando a muchos nuevos dirigentes para crear lo que se viene&#8221;. Seguidamente defendi\u00f3 el equilibrio fiscal que la provincia de Corrientes sostiene, incluso con super\u00e1vit,\u00a0\u00a0&#8220;hace muchos a\u00f1os y que el pa\u00eds ahora est\u00e1 intentando lograrlo&#8221;. Seguidamente mencion\u00f3 diversas obras que la Provincia viene inaugurando con recursos propios, pero advirtiendo que &#8220;si no tenemos una naci\u00f3n ordenada, a nosotros nos cuesta el doble&#8221;.<br \/>\nPor otra parte, tambi\u00e9n plante\u00f3\u00a0que &#8220;no podemos cambiar ahora el sistema electoral, porque puede salir cualquier cosa y terminamos ama\u00f1ando los sistemas electorales y terminamos con procesos como fue en 1.999&#8221;. Consider\u00f3 as\u00ed que &#8220;tenemos muchos partidos pol\u00edticos y le tenemos que dar a Corrientes sustentabilidad pol\u00edtica, algo que se consigue con un sistema claro y transparente, y ninguno de los partidos pol\u00edticos en los \u00faltimos tiempos denunciaron fraude, porque tuvimos elecciones limpias y transparentes ganando con el 54% en 2017, con el 60% en 2019 y la reelecci\u00f3n en 2021 con m\u00e1s del 70 %, por eso tenemos que seguir poniendo intendentes y gobernadores que siguen este rumbo, transformando la provincia con educaci\u00f3n, ciencia y tecnolog\u00eda&#8221;, reivindicando as\u00ed la Reforma Universitaria de 1918, porque &#8220;tenemos que seguir teniendo educaci\u00f3n p\u00fablica y gratuita para todos los argentinos, seguir invirtiendo, porque cada peso que ponemos en educaci\u00f3n,se abre una esperanza&#8221;.<br \/>\nSe refiri\u00f3 adem\u00e1s a\u00a0la salud\u00a0p\u00fablica,asegurando que desde el Estado provincial se lleva adelante una importante inversi\u00f3n en la materia, afirmando que &#8220;tenemos que tener una salud p\u00fablica moderna al servicio de cada uno de los correntinos, porque es un\u00a0derecho&#8221;. En este marco, fue claro al\u00a0expresar: &#8220;Nosotros no somos xen\u00f3fobos, tenemos hermanos paraguayos, brasileros y uruguayos y si alguno de ellos nos requieren alguna acci\u00f3n\u00a0humanitaria, nosotros como buenos correntinos, desde esta tierra sin mal, le vamos a tender una mano a cada uno que tienen necesidades y no le vamos a dar la espalda a nuestros vecinos, porque construimos y somos una tierra sin mal, por eso tenemos que tener solidaridad, administrando bien, pero tenemos que tener humanidad&#8221;.<br \/>\nVald\u00e9s sigui\u00f3 en su discurso marcando el rumbo que considera para la provincia al referirse a industria, porque &#8220;lo que necesitamos es desarrollo y hoy tenemos 18\u00a0parques industriales, porque somos primeros en el pa\u00eds en forestaci\u00f3n, arroz y trementina, cuartos en ganado,pro primeros en gen\u00e9tica animal, y sobre todo somos primeros en la generaci\u00f3n de energ\u00eda el\u00e9ctrica,por eso tenemos que reclamarle a la Naci\u00f3n lo que nos debe Yacyret\u00e1 a trav\u00e9s de la demanda que interpusimos ante la Corte Suprema de Justicia, lo que a valores de hoy, nos deben alrededor de 150 millones de d\u00f3lares&#8221;.<br \/>\n&#8220;El federalismo es la expoliaci\u00f3n de los recursos naturales, por eso quiero hablar de Hidrov\u00eda, de energ\u00eda, de producci\u00f3n, y es lo que tenemos que defender en la provincia de Corrientes&#8221;, sostuvo, considerando que &#8220;este proceso pol\u00edtico se trata de que los correntinos sepamoshacia d\u00f3nde queremos ir y por eso tenemos que fortalecer este espacio pol\u00edtico convocando a los correntinos de bien&#8221;. Y concluy\u00f3 entendiendo que &#8220;nosotros hoy ac\u00e1 somos la consecuencia de miles de correntinos que depositaron su confianza en nosotros y no vamos a incumplir el contrato social que que es el voto, no vamos a defraudar ese pacto social que depositaron en las urnas los correntinos de\u00a0buena fe, por eso estamos seguros que somos nosotros los que vamos a construir el futuro con Vamos Corrientes&#8221;.<\/p>\n<div class=\"container-spot\" data-tipo=\"tipo_todo\" data-pos=\"NEW_P3_cuerpo\"><\/div>\n<p><strong>Jos\u00e9 Irigoyen: &#8220;Nuestro l\u00edder es Gustavo Vald\u00e9s&#8221;<\/strong><br \/>\nEl intendente de Curuz\u00fa Cuati\u00e1, Jos\u00e9 Irigoyen, en su calidad de anfitri\u00f3n, le dio la bienvenida al gobernador Gustavo Vald\u00e9s en este multitudinario\u00a0acto y a &#8220;todos los intendentes que est\u00e1n acompa\u00f1ando nuestro espacio pol\u00edtico Vamos Corrientes&#8221;.<\/p>\n<p>&nbsp;<\/p>\n<div class=\"fixed-container direction-center\"><img decoding=\"async\" class=\"i-amphtml-fill-content i-amphtml-replaced-content\" title=\"Vald\u00e9s llam\u00f3 a &quot;construir el futuro con Vamos Corrientes&quot;-\" src=\"https:\/\/pxcdn.ellitoral.com.ar\/litoral\/122024\/1733392773351.jpg?cw=807\" alt=\"Vald\u00e9s llam\u00f3 a &quot;construir el futuro con Vamos Corrientes&quot;\" \/><\/div>\n<p>&nbsp;<\/p>\n<div class=\"container-spot\" data-tipo=\"tipo_todo\" data-pos=\"NEW_P4_cuerpo\"><\/div>\n<p>Luego invit\u00f3 a reflexionar &#8220;como gobierno y alianza pol\u00edtica&#8221; y &#8220;la fortaleza&#8221; que ello representa. &#8220;Eso est\u00e1 hoy reflejado en todas las inauguraciones que hicimos en nuestra querida ciudad de Curuz\u00fa Cuati\u00e1, lo cual le estamos agradeciendo totalmente al gobernador Gustavo Vald\u00e9s y a su equipo por el acompa\u00f1amiento&#8221;, agreg\u00f3 Irigoyen, entendiendo que ello se debe a &#8220;la mirada federal hacia los municipios&#8221;.<\/p>\n<p>El jefe comunal pidi\u00f3 cuidar &#8220;este capital pol\u00edtico&#8221; con &#8220;dos valores que los curuzucuate\u00f1os tenemos: por un lado la unidad, sabiendo que con el gobernador Vald\u00e9s todo lo tenemos; y por otro, la amplitud escuchando no s\u00f3lo a los dirigentes, sino a la gente, sobre todo en estos tiempos de cambios de paradigmas&#8221;.<br \/>\n&#8220;Por eso creemos que en este equipo de Vamos Corrientes, todos tenemos que abonar a ese trabajo de unidad, de amplitud y principalmente valorar\u00a0\u00a0que tenemos un l\u00edder desde 2017 y que en 2021 lo reelegimos\u00a0con casi el 80 por ciento, ese l\u00edder es Gustavo Vald\u00e9s, a quien debemos seguir acompa\u00f1\u00e1ndolo, porque\u00a0\u00a0realmente demostr\u00f3 con n\u00fameros claros su capacidad de gesti\u00f3n y liderazgo&#8221;, concluy\u00f3 Irigoyen, remarcando que &#8220;el camino es trabajar juntos, acompa\u00f1ando a este Gobernador y este gran equipo de Vamos Corrientes&#8221;.<\/p>\n","protected":false},"excerpt":{"rendered":"<p>El gobernador Gustavo Vald\u00e9s encabez\u00f3 este mi\u00e9rcoles un acto en la ciudad de Curuz\u00fa Cuati\u00e1, junto al intendente local, Jos\u00e9 Irigoyen, instando a &#8220;construir el futuro con Vamos Corrientes&#8221;, de cara a los pr\u00f3ximos desaf\u00edos electorales en la provincia. Tuvo lugar a la noche, luego de varias actividades oficiales durante el d\u00eda con inauguraciones, en [&hellip;]<\/p>\n","protected":false},"author":2,"featured_media":22998,"comment_status":"closed","ping_status":"closed","sticky":false,"template":"","format":"standard","meta":{"footnotes":""},"categories":[79],"tags":[],"class_list":{"0":"post-22997","1":"post","2":"type-post","3":"status-publish","4":"format-standard","5":"has-post-thumbnail","7":"category-politica"},"_links":{"self":[{"href":"https:\/\/radiobitacora.com.ar\/web\/wp-json\/wp\/v2\/posts\/22997","targetHints":{"allow":["GET"]}}],"collection":[{"href":"https:\/\/radiobitacora.com.ar\/web\/wp-json\/wp\/v2\/posts"}],"about":[{"href":"https:\/\/radiobitacora.com.ar\/web\/wp-json\/wp\/v2\/types\/post"}],"author":[{"embeddable":true,"href":"https:\/\/radiobitacora.com.ar\/web\/wp-json\/wp\/v2\/users\/2"}],"replies":[{"embeddable":true,"href":"https:\/\/radiobitacora.com.ar\/web\/wp-json\/wp\/v2\/comments?post=22997"}],"version-history":[{"count":0,"href":"https:\/\/radiobitacora.com.ar\/web\/wp-json\/wp\/v2\/posts\/22997\/revisions"}],"wp:featuredmedia":[{"embeddable":true,"href":"https:\/\/radiobitacora.com.ar\/web\/wp-json\/wp\/v2\/media\/22998"}],"wp:attachment":[{"href":"https:\/\/radiobitacora.com.ar\/web\/wp-json\/wp\/v2\/media?parent=22997"}],"wp:term":[{"taxonomy":"category","embeddable":true,"href":"https:\/\/radiobitacora.com.ar\/web\/wp-json\/wp\/v2\/categories?post=22997"},{"taxonomy":"post_tag","embeddable":true,"href":"https:\/\/radiobitacora.com.ar\/web\/wp-json\/wp\/v2\/tags?post=22997"}],"curies":[{"name":"wp","href":"https:\/\/api.w.org\/{rel}","templated":true}]}}