{"id":23044,"date":"2025-04-07T11:41:23","date_gmt":"2025-04-07T14:41:23","guid":{"rendered":"https:\/\/radiobitacora.com.ar\/web\/?p=23044"},"modified":"2025-04-07T11:41:23","modified_gmt":"2025-04-07T14:41:23","slug":"48-fns-comupe-anuncio-oficialmente-la-grilla-de-artistas","status":"publish","type":"post","link":"https:\/\/radiobitacora.com.ar\/web\/2025\/04\/07\/48-fns-comupe-anuncio-oficialmente-la-grilla-de-artistas\/","title":{"rendered":"48 FNS | COMUPE anunci\u00f3 oficialmente la grilla de artistas"},"content":{"rendered":"<div>\n<p>La\u00a0<strong>Comisi\u00f3n Municipal de Pesca<\/strong>\u00a0dio a conocer la grilla oficial de artistas que arribaran a Goya para su presentaci\u00f3n en la\u00a0<strong>48\u00b0 Fiesta Nacional del Surub\u00ed<\/strong>. Se destacan figuras de renombre nacional e internacional para las noches de Escenario Mayor, para lo que promete ser una exitosa edici\u00f3n, por los equipos de pescadores participantes confirmados y una nutrida Expo Goya. Conoc\u00e9 todos los detalles de los artistas.<\/p>\n<p><strong>Mi\u00e9rcoles 30 de Abril &#8211; Noche de Apertura &#8211; LOS RATONES PARANOICOS<\/strong><\/p>\n<p>La\u00a0banda de\u00a0<i>rock argentino liderada por\u00a0<\/i>Juanse llegar\u00e1 a Goya para la noche de inicio de la 48\u00b0 Fiesta Nacional del Surub\u00ed.<\/p>\n<p><img decoding=\"async\" src=\"https:\/\/www.goyasurubi.com\/index\/images\/2025\/RATONES.jpg\" alt=\"\" \/><\/p>\n<p>&nbsp;<\/p>\n<p><strong>Jueves 1 de Mayo &#8211; Noche de Pe\u00f1a de Pescadores &#8211; EL MAGO Y LA NUEVA<\/strong><\/p>\n<p><strong>Ram\u00f3n &#8220;<em>El Mago&#8221;<\/em>\u00a0Ben\u00edtez,<\/strong>\u00a0uno de los referentes del grupo tropical\u00a0<strong>La Nueva Luna,<\/strong>\u00a0hoy se encuentra con un nuevo rol en la banda (tras\u00a0la muerte del vocalista<a href=\"https:\/\/www.infobae.com\/teleshow\/2017\/12\/24\/murio-marcelo-chino-gonzalez-cantante-de-la-nueva-luna\/\" target=\"_blank\" rel=\"noopener noreferrer\" data-mrf-link=\"https:\/\/www.infobae.com\/teleshow\/2017\/12\/24\/murio-marcelo-chino-gonzalez-cantante-de-la-nueva-luna\/\">\u00a0<\/a><strong>Marcelo<\/strong><a href=\"https:\/\/www.infobae.com\/teleshow\/2017\/12\/24\/murio-marcelo-chino-gonzalez-cantante-de-la-nueva-luna\/\" target=\"_blank\" rel=\"noopener noreferrer\" data-mrf-link=\"https:\/\/www.infobae.com\/teleshow\/2017\/12\/24\/murio-marcelo-chino-gonzalez-cantante-de-la-nueva-luna\/\"><em>\u00a0<\/em><\/a>&#8220;<strong><em>Chino&#8221;<\/em>\u00a0Gonz\u00e1lez)\u00a0<\/strong>por lo que llegar\u00e1 a Goya como l\u00edder de la agrupaci\u00f3n para el disfrute de todo el p\u00fablico, en la noche de los pescadores.<\/p>\n<p><img decoding=\"async\" src=\"https:\/\/www.goyasurubi.com\/index\/images\/2025\/MAGO.jpg\" alt=\"\" \/><\/p>\n<p>&nbsp;<\/p>\n<p><strong>Viernes 2 de Mayo &#8211; Noche Elecci\u00f3n de Reina &#8211; KE PERSONAJES<\/strong><\/p>\n<p>El grupo formado en 2016 liderado por Emanuel Noir, forma parte de los artistas m\u00e1s pedidos por el p\u00fablico, tomando notoriedad y siendo parte de los m\u00e1s reconocidos por canciones como &#8220;Adios Amor&#8221; y &#8220;Oye Mujer&#8221;. Estar\u00e1 acompa\u00f1ando la noche en que el mundo entero conocer\u00e1 a la nueva soberana de la fiesta mayor de Goya.<\/p>\n<p><img decoding=\"async\" src=\"https:\/\/www.goyasurubi.com\/index\/images\/2025\/KE.jpg\" alt=\"\" \/><\/p>\n<p>&nbsp;<\/p>\n<p><strong>S\u00e1bado 3 de Mayo &#8211; NICKY NICOLE<\/strong><\/p>\n<p><b>Nicole Denise Cucco, la rosarina\u00a0<\/b>conocida art\u00edsticamente como\u00a0<b>Nicki Nicole<\/b>, es una cantante, compositora de\u00a0<i>rhythm and blues<\/i>,\u00a0hip-hop,\u00a0reguet\u00f3n\u00a0y\u00a0pop urbano. En el a\u00f1o 2019 fue mundialmente conocida por su sencillo &#8220;Wapo traketero&#8221; alcanzando presentaciones hist\u00f3ricas para el g\u00e9nero, como la de &#8220;The Tonight Show Starring Jimmy Fallon&#8221;. La multipremiada artista llegar\u00e1 por primera vez a Goya, alcanzando ya en la previa una de las mayores adhesiones de los fan\u00e1ticos.<\/p>\n<p><img decoding=\"async\" src=\"https:\/\/www.goyasurubi.com\/index\/images\/2025\/NICKY.jpg\" alt=\"\" \/><\/p>\n<p>&nbsp;<\/p>\n<p><strong>Domingo 4 de Mayo &#8211; Cierre FNS &#8211; LA T Y LA M<\/strong><\/p>\n<p>El d\u00fao de cumbia argentino, integrado por Tob\u00edas Medrano y Mat\u00edas Rapen, se origin\u00f3 en pandemia, durante la cuarentena del a\u00f1o 2020,\u00a0conocidos en Florencio Varela, Buenos Aires. Pero su salto a la fama y notioriedad surgi\u00f3 con su sencillo &#8220;Pa la Selecci\u00f3n&#8221; tema que lo coreaban no solo los fan\u00e1ticos argentinos durante el Mundial conseguido en Qatar 2022, sino tambi\u00e9n replicado por los propios campeones del mundo. El d\u00fao llegar\u00e1 a la Capital de la Amistad, el pr\u00f3ximo domingo 4 de mayo, cuando acompa\u00f1ados por todos, pondr\u00e1n el broche final a una edici\u00f3n que espera ser hist\u00f3rica.<\/p>\n<p><img decoding=\"async\" src=\"https:\/\/www.goyasurubi.com\/index\/images\/2025\/TYM.jpg\" alt=\"\" \/><\/p>\n<\/div>\n<ul class=\"uk-pagination\">\n<li class=\"uk-pagination-next\"><a href=\"https:\/\/www.goyasurubi.com\/index\/index.php\/1439-prefectura-naval-argentina-invita-a-realizar-visado-de-embarcaciones\">Siguiente\u00a0<i class=\"uk-icon-angle-double-right\"><\/i><\/a><\/li>\n<\/ul>\n","protected":false},"excerpt":{"rendered":"<p>La\u00a0Comisi\u00f3n Municipal de Pesca\u00a0dio a conocer la grilla oficial de artistas que arribaran a Goya para su presentaci\u00f3n en la\u00a048\u00b0 Fiesta Nacional del Surub\u00ed. Se destacan figuras de renombre nacional e internacional para las noches de Escenario Mayor, para lo que promete ser una exitosa edici\u00f3n, por los equipos de pescadores participantes confirmados y una [&hellip;]<\/p>\n","protected":false},"author":2,"featured_media":23046,"comment_status":"closed","ping_status":"closed","sticky":false,"template":"","format":"standard","meta":{"footnotes":""},"categories":[56],"tags":[],"class_list":{"0":"post-23044","1":"post","2":"type-post","3":"status-publish","4":"format-standard","5":"has-post-thumbnail","7":"category-locales"},"_links":{"self":[{"href":"https:\/\/radiobitacora.com.ar\/web\/wp-json\/wp\/v2\/posts\/23044","targetHints":{"allow":["GET"]}}],"collection":[{"href":"https:\/\/radiobitacora.com.ar\/web\/wp-json\/wp\/v2\/posts"}],"about":[{"href":"https:\/\/radiobitacora.com.ar\/web\/wp-json\/wp\/v2\/types\/post"}],"author":[{"embeddable":true,"href":"https:\/\/radiobitacora.com.ar\/web\/wp-json\/wp\/v2\/users\/2"}],"replies":[{"embeddable":true,"href":"https:\/\/radiobitacora.com.ar\/web\/wp-json\/wp\/v2\/comments?post=23044"}],"version-history":[{"count":0,"href":"https:\/\/radiobitacora.com.ar\/web\/wp-json\/wp\/v2\/posts\/23044\/revisions"}],"wp:featuredmedia":[{"embeddable":true,"href":"https:\/\/radiobitacora.com.ar\/web\/wp-json\/wp\/v2\/media\/23046"}],"wp:attachment":[{"href":"https:\/\/radiobitacora.com.ar\/web\/wp-json\/wp\/v2\/media?parent=23044"}],"wp:term":[{"taxonomy":"category","embeddable":true,"href":"https:\/\/radiobitacora.com.ar\/web\/wp-json\/wp\/v2\/categories?post=23044"},{"taxonomy":"post_tag","embeddable":true,"href":"https:\/\/radiobitacora.com.ar\/web\/wp-json\/wp\/v2\/tags?post=23044"}],"curies":[{"name":"wp","href":"https:\/\/api.w.org\/{rel}","templated":true}]}}