{"id":23054,"date":"2025-04-08T08:35:08","date_gmt":"2025-04-08T11:35:08","guid":{"rendered":"https:\/\/radiobitacora.com.ar\/web\/?p=23054"},"modified":"2025-04-08T08:35:08","modified_gmt":"2025-04-08T11:35:08","slug":"48o-fns-la-direccion-de-recursos-naturales-dispone-veda-por-realizacion-del-concurso-de-pesca","status":"publish","type":"post","link":"https:\/\/radiobitacora.com.ar\/web\/2025\/04\/08\/48o-fns-la-direccion-de-recursos-naturales-dispone-veda-por-realizacion-del-concurso-de-pesca\/","title":{"rendered":"48\u00ba  FNS La Direcci\u00f3n de Recursos Naturales dispone veda por realizaci\u00f3n del concurso de pesca"},"content":{"rendered":"<p>La Direcci\u00f3n de Recursos Naturales de la Provincia de Corrientes dispone la Veda en la cancha de pesca donde se desarrollar\u00e1 el concurso de pesca de la Fiesta Nacional del Surub\u00ed.<\/p>\n<p>&nbsp;<\/p>\n<p>En la misma disposici\u00f3n, su Director Agust\u00edn Portela aprueba el reglamento del torneo y autoriza la realizaci\u00f3n del concurso desde el s\u00e1bado 3 de mayo hasta el domingo 4 en los horarios establecidos.<\/p>\n<p>&nbsp;<\/p>\n<p>Conoce todos los detalles ac\u00e1\u00a0\u00a0<a href=\"https:\/\/shorturl.at\/2rNYl\" target=\"_blank\" rel=\"noopener\" data-saferedirecturl=\"https:\/\/www.google.com\/url?q=https:\/\/shorturl.at\/2rNYl&amp;source=gmail&amp;ust=1744156322623000&amp;usg=AOvVaw3J24fjARSnAn_mm3kMvcsE\">https:\/\/shorturl.at\/2rNYl<\/a><\/p>\n","protected":false},"excerpt":{"rendered":"<p>La Direcci\u00f3n de Recursos Naturales de la Provincia de Corrientes dispone la Veda en la cancha de pesca donde se desarrollar\u00e1 el concurso de pesca de la Fiesta Nacional del Surub\u00ed. &nbsp; En la misma disposici\u00f3n, su Director Agust\u00edn Portela aprueba el reglamento del torneo y autoriza la realizaci\u00f3n del concurso desde el s\u00e1bado 3 [&hellip;]<\/p>\n","protected":false},"author":2,"featured_media":23055,"comment_status":"closed","ping_status":"closed","sticky":false,"template":"","format":"standard","meta":{"footnotes":""},"categories":[56],"tags":[],"class_list":{"0":"post-23054","1":"post","2":"type-post","3":"status-publish","4":"format-standard","5":"has-post-thumbnail","7":"category-locales"},"_links":{"self":[{"href":"https:\/\/radiobitacora.com.ar\/web\/wp-json\/wp\/v2\/posts\/23054","targetHints":{"allow":["GET"]}}],"collection":[{"href":"https:\/\/radiobitacora.com.ar\/web\/wp-json\/wp\/v2\/posts"}],"about":[{"href":"https:\/\/radiobitacora.com.ar\/web\/wp-json\/wp\/v2\/types\/post"}],"author":[{"embeddable":true,"href":"https:\/\/radiobitacora.com.ar\/web\/wp-json\/wp\/v2\/users\/2"}],"replies":[{"embeddable":true,"href":"https:\/\/radiobitacora.com.ar\/web\/wp-json\/wp\/v2\/comments?post=23054"}],"version-history":[{"count":0,"href":"https:\/\/radiobitacora.com.ar\/web\/wp-json\/wp\/v2\/posts\/23054\/revisions"}],"wp:featuredmedia":[{"embeddable":true,"href":"https:\/\/radiobitacora.com.ar\/web\/wp-json\/wp\/v2\/media\/23055"}],"wp:attachment":[{"href":"https:\/\/radiobitacora.com.ar\/web\/wp-json\/wp\/v2\/media?parent=23054"}],"wp:term":[{"taxonomy":"category","embeddable":true,"href":"https:\/\/radiobitacora.com.ar\/web\/wp-json\/wp\/v2\/categories?post=23054"},{"taxonomy":"post_tag","embeddable":true,"href":"https:\/\/radiobitacora.com.ar\/web\/wp-json\/wp\/v2\/tags?post=23054"}],"curies":[{"name":"wp","href":"https:\/\/api.w.org\/{rel}","templated":true}]}}