{"id":23084,"date":"2025-04-09T08:55:43","date_gmt":"2025-04-09T11:55:43","guid":{"rendered":"https:\/\/radiobitacora.com.ar\/web\/?p=23084"},"modified":"2025-04-09T08:55:43","modified_gmt":"2025-04-09T11:55:43","slug":"para-la-fiebre-es-mejor-paracetamol-o-ibuprofeno","status":"publish","type":"post","link":"https:\/\/radiobitacora.com.ar\/web\/2025\/04\/09\/para-la-fiebre-es-mejor-paracetamol-o-ibuprofeno\/","title":{"rendered":"\u00bfPara la fiebre es mejor paracetamol o ibuprofeno?"},"content":{"rendered":"<p>En la gesti\u00f3n de la fiebre, tanto el paracetamol como el ibuprofeno son medicamentos ampliamente utilizados gracias a sus propiedades antipir\u00e9ticas. La decisi\u00f3n de usar uno u otro debe basarse en la evaluaci\u00f3n de la eficacia, seguridad y caracter\u00edsticas de cada paciente, as\u00ed como en la evidencia cient\u00edfica disponible.<\/p>\n<p>El paracetamol es un analg\u00e9sico y antipir\u00e9tico recomendado com\u00fanmente para el tratamiento de la fiebre, dado su perfil de seguridad y buen margen terap\u00e9utico cuando se usa en dosis adecuadas. Su acci\u00f3n antipir\u00e9tica se produce principalmente a trav\u00e9s de la inhibici\u00f3n del centro hipotal\u00e1mico que regula la temperatura corporal. Como indica la Agencia Espa\u00f1ola de Medicamentos y Productos Sanitarios (AEMPS), este f\u00e1rmaco es considerado como de primera l\u00ednea para el manejo de la fiebre en diferentes grupos de poblaci\u00f3n, incluyendo ni\u00f1os y adultos.<\/p>\n<p>Por su parte, el ibuprofeno es un antiinflamatorio no esteroideo (AINE) que, adem\u00e1s de reducir la inflamaci\u00f3n, tiene efectos analg\u00e9sicos y antipir\u00e9ticos. La inhibici\u00f3n de las ciclooxigenasas (COX) que realiza el ibuprofeno disminuye la s\u00edntesis de prostaglandinas, lo que ayuda a reducir la fiebre. En condiciones donde la inflamaci\u00f3n es un componente asociado, como puede ser la artritis, el ibuprofeno podr\u00eda ofrecer un beneficio adicional gracias a su propiedad antiinflamatoria.<\/p>\n<p>Si nos preguntamos cu\u00e1l de los dos, paracetamol o ibuprofeno, es m\u00e1s efectivo, algunos estudios publicados en la revista m\u00e9dica Medicina Cl\u00ednica han documentado que ambos f\u00e1rmacos son eficaces en la reducci\u00f3n de la fiebre. Una revisi\u00f3n sistem\u00e1tica y metaan\u00e1lisis publicada en la revista Pediatrics concluye que, en ni\u00f1os, el paracetamol y el ibuprofeno son igualmente eficaces en el control de la fiebre.<\/p>\n<p>Sin embargo, la selecci\u00f3n de uno u otro medicamento no se debe hacer \u00fanicamente por su eficacia antipir\u00e9tica. El paracetamol se considera el f\u00e1rmaco con un perfil de seguridad m\u00e1s favorable para pacientes con un riesgo mayor de sufrir efectos secundarios gastrointestinales, cardiorenovasculares o hipersensibilidad a los antiinflamatorio no esteroideos (AINE). Por otro lado, el ibuprofeno se debe utilizar con precauci\u00f3n en pacientes con antecedentes de enfermedad \u00e1cido-p\u00e9ptica, insuficiencia card\u00edaca, hipertensi\u00f3n arterial o insuficiencia renal, tal y como explica la Sociedad Espa\u00f1ola de Farmacia Cl\u00ednica, Familiar y Comunitaria (SEFAC).<\/p>\n<div class=\"container-spot\" data-tipo=\"tipo_todo\" data-pos=\"NEW_P3_cuerpo\"><\/div>\n<p>Es importante destacar que, en cuanto al paracetamol, su margen de seguridad se reduce significativamente con dosis elevadas, que pueden conducir a hepatotoxicidad, es decir, la lesi\u00f3n del h\u00edgado. Por ello, nunca debemos excedernos de tomar la dosis recomendada por nuestro m\u00e9dico.<\/p>\n<p>Adem\u00e1s, el Consejo General de Colegios Oficiales de Farmac\u00e9uticos en Espa\u00f1a proporciona recomendaciones espec\u00edficas sobre el uso responsable de estos medicamentos. Por ejemplo, aconseja que el paracetamol se debe utilizar a la menor dosis eficaz durante el menor tiempo posible y que el ibuprofeno se administre despu\u00e9s de las comidas para minimizar el riesgo de efectos adversos gastrointestinales.<\/p>\n<div class=\"container-spot\" data-tipo=\"tipo_todo\" data-pos=\"NEW_P4_cuerpo\"><\/div>\n<p>En cualquier caso, la utilizaci\u00f3n de paracetamol o ibuprofeno deber\u00eda ser parte de una estrategia integral para el manejo de la fiebre, considerando tambi\u00e9n el descanso, la hidrataci\u00f3n adecuada y el seguimiento de los s\u00edntomas. Si la fiebre es persistente, elevada o se acompa\u00f1a de otros s\u00edntomas preocupantes, debemos acudir a un centro m\u00e9dico que nos eval\u00fae.<\/p>\n","protected":false},"excerpt":{"rendered":"<p>En la gesti\u00f3n de la fiebre, tanto el paracetamol como el ibuprofeno son medicamentos ampliamente utilizados gracias a sus propiedades antipir\u00e9ticas. La decisi\u00f3n de usar uno u otro debe basarse en la evaluaci\u00f3n de la eficacia, seguridad y caracter\u00edsticas de cada paciente, as\u00ed como en la evidencia cient\u00edfica disponible. El paracetamol es un analg\u00e9sico y [&hellip;]<\/p>\n","protected":false},"author":2,"featured_media":23085,"comment_status":"closed","ping_status":"closed","sticky":false,"template":"","format":"standard","meta":{"footnotes":""},"categories":[69],"tags":[],"class_list":{"0":"post-23084","1":"post","2":"type-post","3":"status-publish","4":"format-standard","5":"has-post-thumbnail","7":"category-salud"},"_links":{"self":[{"href":"https:\/\/radiobitacora.com.ar\/web\/wp-json\/wp\/v2\/posts\/23084","targetHints":{"allow":["GET"]}}],"collection":[{"href":"https:\/\/radiobitacora.com.ar\/web\/wp-json\/wp\/v2\/posts"}],"about":[{"href":"https:\/\/radiobitacora.com.ar\/web\/wp-json\/wp\/v2\/types\/post"}],"author":[{"embeddable":true,"href":"https:\/\/radiobitacora.com.ar\/web\/wp-json\/wp\/v2\/users\/2"}],"replies":[{"embeddable":true,"href":"https:\/\/radiobitacora.com.ar\/web\/wp-json\/wp\/v2\/comments?post=23084"}],"version-history":[{"count":0,"href":"https:\/\/radiobitacora.com.ar\/web\/wp-json\/wp\/v2\/posts\/23084\/revisions"}],"wp:featuredmedia":[{"embeddable":true,"href":"https:\/\/radiobitacora.com.ar\/web\/wp-json\/wp\/v2\/media\/23085"}],"wp:attachment":[{"href":"https:\/\/radiobitacora.com.ar\/web\/wp-json\/wp\/v2\/media?parent=23084"}],"wp:term":[{"taxonomy":"category","embeddable":true,"href":"https:\/\/radiobitacora.com.ar\/web\/wp-json\/wp\/v2\/categories?post=23084"},{"taxonomy":"post_tag","embeddable":true,"href":"https:\/\/radiobitacora.com.ar\/web\/wp-json\/wp\/v2\/tags?post=23084"}],"curies":[{"name":"wp","href":"https:\/\/api.w.org\/{rel}","templated":true}]}}