{"id":23114,"date":"2025-04-10T16:28:35","date_gmt":"2025-04-10T19:28:35","guid":{"rendered":"https:\/\/radiobitacora.com.ar\/web\/?p=23114"},"modified":"2025-04-10T16:28:35","modified_gmt":"2025-04-10T19:28:35","slug":"ignacio-lopez-silva-presentan-cancion-homenaje-a-la-fiesta-del-surubi-en-plataformas-digitales","status":"publish","type":"post","link":"https:\/\/radiobitacora.com.ar\/web\/2025\/04\/10\/ignacio-lopez-silva-presentan-cancion-homenaje-a-la-fiesta-del-surubi-en-plataformas-digitales\/","title":{"rendered":"Ignacio L\u00f3pez Silva: Presentan canci\u00f3n homenaje a la Fiesta del Surub\u00ed en plataformas digitales"},"content":{"rendered":"<p class=\"rtejustify\">La \u201cCanci\u00f3n del Surub\u00ed\u201d, una obra que representa el esp\u00edritu del pescador, la fisonom\u00eda y caracter\u00edsticas de nuestro r\u00edo Paran\u00e1 e inmortaliza la especie de uno de los peces m\u00e1s preciados de agua dulce \u201cEl Surub\u00ed\u201d, obra del cantautor y poeta goyano Rodolfo Larderico \u201cCoqu\u00ed\u201d Correa, quien compuso la letra de m\u00e1s de 200 temas musicales, fue una persona que perpetu\u00f3 a trav\u00e9s de los poemas, distintos aspectos y caracter\u00edsticas del paisaje y personajes de Goya.<\/p>\n<p class=\"rtejustify\">Con este legado, la fiesta mayor de Goya es reconocida trascendiendo los l\u00edmites geogr\u00e1ficos al sonar los acordes de este himno traducido en letras y melod\u00edas que \u201cerizan la piel\u201d desde el mismo momento que empieza a sonar en el escenario.<\/p>\n<p class=\"rtejustify\">A pocos d\u00edas del desarrollo de la fiesta deportiva de pesca m\u00e1s convocante del pa\u00eds, cada uno se apresta a vivir de distintas maneras, de m\u00e1s est\u00e1 decir todo lo que genera esta emblem\u00e1tica pieza musical, distintas maneras de expresar la emoci\u00f3n. No solo a los pescadores sino tambi\u00e9n a los artistas que acompa\u00f1an desde el escenario principal de Costa Surub\u00ed.<\/p>\n<p class=\"rtejustify\">En una\u00a0 entrevista concedida a Radio Ciudad\u00a0 88.3, Ignacio L\u00f3pez Silva, se refiri\u00f3 al respecto, \u201cdesde un principio fue la iniciativa aportar a esta fiesta nuestra, que va para todo el mundo, de mi parte como no aportar, empec\u00e9 a producir, escribir una canci\u00f3n a la fiesta, y la verdad fue tomando forma, hoy en d\u00eda estamos con un proyecto enorme, el cual estamos a pocos ya de lanzar\u201d.<\/p>\n<p class=\"rtejustify\">\u201cSe podr\u00e1 escuchar en las plataformas virtual de Instagram y por youtube, sobre el mediod\u00eda del d\u00eda de la fecha (9\/04), este material esta producci\u00f3n cuenta con la colaboraci\u00f3n de un equipo de trabajo, con Eliseo Fleitas a la cabeza, junto a la dise\u00f1adora de vestuario Jaqueline Baldi, en fotograf\u00edas con N\u00e9stor Fabi\u00e1n Tomas, en Videos con Emanuel Ayala, en contenidos Lisandro Machuca, con todos ellos le dimos forma a este material musical\u201d, agreg\u00f3 L\u00f3pez Silva.<\/p>\n<p class=\"rtejustify\">\u201cEliseo Fleitas se encarg\u00f3 en su totalidad de las ideas del proyecto, los escenarios, plante\u00f3 algunos escenario muy particular que lo podr\u00e1n disfrutar cuando observen el video finalizado, en lugar donde no se necesit\u00f3 modificar para cortometrajes, o videos publicados en ninguna plataforma, est\u00e1bamos expectantes que pod\u00eda llegar a repercutir en las personas, para despertar curiosidad acerca de la belleza del lugar como se aprecia, la geograf\u00eda ,el lugar, en \u00a0localidades cercanas a nuestra ciudad, donde la naturaleza se expresa en su m\u00e1xima expresi\u00f3n. Relata una historia breve, va indicando pautas, peque\u00f1os detalles en el video que van generando una historia, concretando un relato que tiene un cierre en la playita El Inga, en conjunto con ni\u00f1os que armaron una coreograf\u00eda, el cual tiene que explotar al m\u00e1ximo, para que lo aprendan\u201d, manifest\u00f3.<\/p>\n<p class=\"rtejustify\">\n<p class=\"rtejustify\">\u201cTenemos una idea cronol\u00f3gica, para despu\u00e9s del lanzamiento, que estos ni\u00f1os lleven a su casa la coreograf\u00eda lo aprendido y lo difundan, y en un futuro cercano lo puedan desarrollar en la fiesta del surub\u00ed. Hoy en d\u00eda a estos ni\u00f1os les gusta gesticular y relacionar la m\u00fasica con el baile\u201d, indic\u00f3 L\u00f3pez Silva.<\/p>\n<p class=\"rtejustify\">En cuanto a la participaci\u00f3n de los \u00a0m\u00fasicos, se\u00f1al\u00f3, \u201cel a\u00f1o pasado en un primer video publicado ten\u00eda una l\u00ednea, alguien que no me puede faltar es\u00a0 Ricardito Silva, mi abuelo, con quien compartiremos el escenario mayor, los chicos tambi\u00e9n me confirmaron el acompa\u00f1amiento, respetamos esas primeras l\u00edneas y as\u00ed no diversificar y perder la esencia.<\/p>\n<p class=\"rtejustify\">Record\u00f3 por \u00faltimo, que por la tarde de hoy mi\u00e9rcoles (9\/04) ser\u00e1 el lanzamiento, en un d\u00eda particular, al recordar un a\u00f1o m\u00e1s del nacimiento de este joven cultor de la m\u00fasica.<\/p>\n","protected":false},"excerpt":{"rendered":"<p>La \u201cCanci\u00f3n del Surub\u00ed\u201d, una obra que representa el esp\u00edritu del pescador, la fisonom\u00eda y caracter\u00edsticas de nuestro r\u00edo Paran\u00e1 e inmortaliza la especie de uno de los peces m\u00e1s preciados de agua dulce \u201cEl Surub\u00ed\u201d, obra del cantautor y poeta goyano Rodolfo Larderico \u201cCoqu\u00ed\u201d Correa, quien compuso la letra de m\u00e1s de 200 temas [&hellip;]<\/p>\n","protected":false},"author":2,"featured_media":23115,"comment_status":"closed","ping_status":"closed","sticky":false,"template":"","format":"standard","meta":{"footnotes":""},"categories":[56],"tags":[],"class_list":{"0":"post-23114","1":"post","2":"type-post","3":"status-publish","4":"format-standard","5":"has-post-thumbnail","7":"category-locales"},"_links":{"self":[{"href":"https:\/\/radiobitacora.com.ar\/web\/wp-json\/wp\/v2\/posts\/23114","targetHints":{"allow":["GET"]}}],"collection":[{"href":"https:\/\/radiobitacora.com.ar\/web\/wp-json\/wp\/v2\/posts"}],"about":[{"href":"https:\/\/radiobitacora.com.ar\/web\/wp-json\/wp\/v2\/types\/post"}],"author":[{"embeddable":true,"href":"https:\/\/radiobitacora.com.ar\/web\/wp-json\/wp\/v2\/users\/2"}],"replies":[{"embeddable":true,"href":"https:\/\/radiobitacora.com.ar\/web\/wp-json\/wp\/v2\/comments?post=23114"}],"version-history":[{"count":0,"href":"https:\/\/radiobitacora.com.ar\/web\/wp-json\/wp\/v2\/posts\/23114\/revisions"}],"wp:featuredmedia":[{"embeddable":true,"href":"https:\/\/radiobitacora.com.ar\/web\/wp-json\/wp\/v2\/media\/23115"}],"wp:attachment":[{"href":"https:\/\/radiobitacora.com.ar\/web\/wp-json\/wp\/v2\/media?parent=23114"}],"wp:term":[{"taxonomy":"category","embeddable":true,"href":"https:\/\/radiobitacora.com.ar\/web\/wp-json\/wp\/v2\/categories?post=23114"},{"taxonomy":"post_tag","embeddable":true,"href":"https:\/\/radiobitacora.com.ar\/web\/wp-json\/wp\/v2\/tags?post=23114"}],"curies":[{"name":"wp","href":"https:\/\/api.w.org\/{rel}","templated":true}]}}